{"id":11283,"date":"2024-09-11T17:45:05","date_gmt":"2024-09-11T17:45:05","guid":{"rendered":"https:\/\/entrenotasyacordes.com\/?p=11283"},"modified":"2024-09-11T17:45:06","modified_gmt":"2024-09-11T17:45:06","slug":"el-lutor-cult-fest-sabado-21-de-septiembre-20hs-en-el-gier-music-club-2","status":"publish","type":"post","link":"https:\/\/entrenotasyacordes.com\/?p=11283","title":{"rendered":"EL LUTOR CULT FEST: S\u00c1BADO 21 DE SEPTIEMBRE 20HS EN EL GIER MUSIC CLUB\u00a0"},"content":{"rendered":"\n<!--more-->\n\n\n<div class=\"wp-block-image\">\n<figure class=\"aligncenter size-full is-resized\"><img loading=\"lazy\" decoding=\"async\" width=\"1080\" height=\"1350\" src=\"https:\/\/entrenotasyacordes.com\/wp-content\/uploads\/2024\/09\/10l.jpg\" alt=\"\" class=\"wp-image-11284\" style=\"width:607px;height:auto\" srcset=\"https:\/\/entrenotasyacordes.com\/wp-content\/uploads\/2024\/09\/10l.jpg 1080w, https:\/\/entrenotasyacordes.com\/wp-content\/uploads\/2024\/09\/10l-240x300.jpg 240w, https:\/\/entrenotasyacordes.com\/wp-content\/uploads\/2024\/09\/10l-819x1024.jpg 819w, https:\/\/entrenotasyacordes.com\/wp-content\/uploads\/2024\/09\/10l-768x960.jpg 768w, https:\/\/entrenotasyacordes.com\/wp-content\/uploads\/2024\/09\/10l-1024x1280.jpg 1024w\" sizes=\"auto, (max-width: 1080px) 100vw, 1080px\" \/><\/figure>\n<\/div>\n\n\n<p class=\"has-text-align-left\">Fans del postpunk, new wave y el dream pop tienen una cita imperdible: el<strong>&nbsp;viernes 4 de octubre<\/strong>,&nbsp;<strong>Buenos Vampiros presenta en vivo su \u00faltimo disco en Niceto Club<\/strong>.&nbsp;<strong>\u201cEntre sombras\u201d&nbsp;<\/strong>es el nombre del \u00e1lbum que sali\u00f3 en julio y fue editado por Casa Del Puente Discos.<\/p>\n\n\n\n<p>Despu\u00e9s de DESTRUYA! (2022) y Paranormal (2019), la banda marplatense lanz\u00f3 un LP de 11 canciones que, como la marea, oscila entre la tensi\u00f3n y la distensi\u00f3n, entre la luz y la oscuridad.<\/p>\n\n\n\n<p>Por un lado, tracks oscuros e intensos que abren y cierran el \u00e1lbum como&nbsp;\u201cLa calma del cementerio\u201d,&nbsp;\u201cPuedo ver el mar en tus ojos\u201d y&nbsp;\u201cCanci\u00f3n para rufina\u201d. Por otro, melod\u00edas de tintes m\u00e1s alegres como las de&nbsp;\u201cNo tengo idea\u201d y&nbsp;\u201cTengo Fr\u00edo\u201d.<\/p>\n\n\n\n<p>Adem\u00e1s, la espa\u00f1ola Ana Curra -fundadora de Par\u00e1lisis Permanente, banda clave de la historia del post punk y gran influencia en el sonido de BV- colabor\u00f3 con coros, sintes y piano en&nbsp;\u201cAlguien te espera\u201d y&nbsp;\u201cDesorbitado\u201d.<\/p>\n\n\n\n<p>Para quienes no se quieran perder la oportunidad de experimentar todo esto en persona, a\u00fan quedan entradas disponibles por sistema Passline. El recital en Niceto ser\u00e1 un encuentro potente, como el propio car\u00e1cter de la banda<\/p>\n\n\n\n<p><a href=\"https:\/\/delivery.hipermailer.com.ar\/do\/trkln.php?index=1024084673AZD&amp;id=wotuseqoosepreisree&amp;url=aHR0cHM6Ly93d3cueW91dHViZS5jb20vd2F0Y2g%2Fdj1qbmJHYkdWMENTRQ%3D%3D\"><strong>Mir\u00e1 ac\u00e1 su m\u00e1s reciente videoclip<\/strong><\/a>&nbsp;<\/p>\n\n\n\n<p class=\"has-text-align-left\"><strong>DIRECCI\u00d3N, IDEA Y FOTOGRAFIA @<a href=\"https:\/\/valentina.cabado\/\">valentina.cabado<\/a>&nbsp;y @nielsenasta_<\/strong><\/p>\n\n\n<div class=\"wp-block-image\">\n<figure class=\"aligncenter size-full is-resized\"><img loading=\"lazy\" decoding=\"async\" width=\"1024\" height=\"679\" src=\"https:\/\/entrenotasyacordes.com\/wp-content\/uploads\/2024\/09\/10m.jpg\" alt=\"\" class=\"wp-image-11285\" style=\"width:607px;height:auto\" srcset=\"https:\/\/entrenotasyacordes.com\/wp-content\/uploads\/2024\/09\/10m.jpg 1024w, https:\/\/entrenotasyacordes.com\/wp-content\/uploads\/2024\/09\/10m-300x200.jpg 300w, https:\/\/entrenotasyacordes.com\/wp-content\/uploads\/2024\/09\/10m-768x509.jpg 768w\" sizes=\"auto, (max-width: 1024px) 100vw, 1024px\" \/><\/figure>\n<\/div>\n\n\n<p class=\"has-text-align-left\"><strong>ACERCA DE BUENOS VAMPIROS<\/strong><\/p>\n\n\n\n<p>Banda de Mar del Plata nacida en julio de 2018. Sus integrantes son: Ignacio Perrotta e Irina Tuma en guitarra y voz, Luana Giobellina en bajo y coros y Mora Murguet en bater\u00eda.<\/p>\n\n\n\n<p>Se trata de una de las propuestas m\u00e1s importantes de la movida emergente del nuevo rock argentino. Sus canciones var\u00edan entre melod\u00edas melanc\u00f3licas y bailables, con influencias del post-punk, new wave y dream pop.<\/p>\n\n\n\n<p>Buenos Vampiros recorri\u00f3 varios de los escenarios m\u00e1s importantes de la Ciudad de Buenos Aires, como Niceto Club, CC Konex, Vorterix, CC Art media, participando de importantes festivales como el Primavera Sound Buenos Aires, Grl Pwr C\u00f3rdoba, Mar del Pop, Festival Nuevo D\u00eda y compartiendo con artistas internacionales como Dry Cleaning, American Football, Ana Curra y nacionales como Juana Molina, Las Ligas Menores, Daniel Melero, Barbi Recanati, entre otras.<\/p>\n\n\n\n<p class=\"has-text-align-left\">Tambi\u00e9n se presentaron varias provincias del pa\u00eds, como C\u00f3rdoba Capital, Rosario, Mendoza, Salta, Tucuman y Santiago del Estero. Y shows sold out dos semanas antes de su presentaci\u00f3n en Uruguay y Chile.<\/p>\n\n\n<div class=\"wp-block-image\">\n<figure class=\"aligncenter size-full is-resized\"><img loading=\"lazy\" decoding=\"async\" width=\"1800\" height=\"1800\" src=\"https:\/\/entrenotasyacordes.com\/wp-content\/uploads\/2024\/09\/10n-1.jpg\" alt=\"\" class=\"wp-image-11287\" style=\"width:607px;height:auto\" srcset=\"https:\/\/entrenotasyacordes.com\/wp-content\/uploads\/2024\/09\/10n-1.jpg 1800w, https:\/\/entrenotasyacordes.com\/wp-content\/uploads\/2024\/09\/10n-1-300x300.jpg 300w, https:\/\/entrenotasyacordes.com\/wp-content\/uploads\/2024\/09\/10n-1-1024x1024.jpg 1024w, https:\/\/entrenotasyacordes.com\/wp-content\/uploads\/2024\/09\/10n-1-150x150.jpg 150w, https:\/\/entrenotasyacordes.com\/wp-content\/uploads\/2024\/09\/10n-1-768x768.jpg 768w, https:\/\/entrenotasyacordes.com\/wp-content\/uploads\/2024\/09\/10n-1-1536x1536.jpg 1536w, https:\/\/entrenotasyacordes.com\/wp-content\/uploads\/2024\/09\/10n-1-50x50.jpg 50w\" sizes=\"auto, (max-width: 1800px) 100vw, 1800px\" \/><\/figure>\n<\/div>","protected":false},"excerpt":{"rendered":"","protected":false},"author":5,"featured_media":11284,"comment_status":"open","ping_status":"open","sticky":false,"template":"","format":"standard","meta":{"om_disable_all_campaigns":false,"_uf_show_specific_survey":0,"_uf_disable_surveys":false,"footnotes":""},"categories":[36],"tags":[],"class_list":["post-11283","post","type-post","status-publish","format-standard","has-post-thumbnail","hentry","category-conciertos"],"_links":{"self":[{"href":"https:\/\/entrenotasyacordes.com\/index.php?rest_route=\/wp\/v2\/posts\/11283","targetHints":{"allow":["GET"]}}],"collection":[{"href":"https:\/\/entrenotasyacordes.com\/index.php?rest_route=\/wp\/v2\/posts"}],"about":[{"href":"https:\/\/entrenotasyacordes.com\/index.php?rest_route=\/wp\/v2\/types\/post"}],"author":[{"embeddable":true,"href":"https:\/\/entrenotasyacordes.com\/index.php?rest_route=\/wp\/v2\/users\/5"}],"replies":[{"embeddable":true,"href":"https:\/\/entrenotasyacordes.com\/index.php?rest_route=%2Fwp%2Fv2%2Fcomments&post=11283"}],"version-history":[{"count":1,"href":"https:\/\/entrenotasyacordes.com\/index.php?rest_route=\/wp\/v2\/posts\/11283\/revisions"}],"predecessor-version":[{"id":11288,"href":"https:\/\/entrenotasyacordes.com\/index.php?rest_route=\/wp\/v2\/posts\/11283\/revisions\/11288"}],"wp:featuredmedia":[{"embeddable":true,"href":"https:\/\/entrenotasyacordes.com\/index.php?rest_route=\/wp\/v2\/media\/11284"}],"wp:attachment":[{"href":"https:\/\/entrenotasyacordes.com\/index.php?rest_route=%2Fwp%2Fv2%2Fmedia&parent=11283"}],"wp:term":[{"taxonomy":"category","embeddable":true,"href":"https:\/\/entrenotasyacordes.com\/index.php?rest_route=%2Fwp%2Fv2%2Fcategories&post=11283"},{"taxonomy":"post_tag","embeddable":true,"href":"https:\/\/entrenotasyacordes.com\/index.php?rest_route=%2Fwp%2Fv2%2Ftags&post=11283"}],"curies":[{"name":"wp","href":"https:\/\/api.w.org\/{rel}","templated":true}]}}