{"id":11289,"date":"2024-09-11T17:49:41","date_gmt":"2024-09-11T17:49:41","guid":{"rendered":"https:\/\/entrenotasyacordes.com\/?p=11289"},"modified":"2024-09-11T17:49:42","modified_gmt":"2024-09-11T17:49:42","slug":"ernestina-presenta-su-nuevo-sencillo-no-es-tan-dificil","status":"publish","type":"post","link":"https:\/\/entrenotasyacordes.com\/?p=11289","title":{"rendered":"ernestina presenta su nuevo sencillo no es tan dif\u00edcil"},"content":{"rendered":"\n<!--more-->\n\n\n<div class=\"wp-block-image\">\n<figure class=\"aligncenter size-full is-resized\"><img loading=\"lazy\" decoding=\"async\" width=\"600\" height=\"600\" src=\"https:\/\/entrenotasyacordes.com\/wp-content\/uploads\/2024\/09\/10o.jpeg\" alt=\"\" class=\"wp-image-11290\" style=\"width:482px;height:auto\" srcset=\"https:\/\/entrenotasyacordes.com\/wp-content\/uploads\/2024\/09\/10o.jpeg 600w, https:\/\/entrenotasyacordes.com\/wp-content\/uploads\/2024\/09\/10o-300x300.jpeg 300w, https:\/\/entrenotasyacordes.com\/wp-content\/uploads\/2024\/09\/10o-150x150.jpeg 150w, https:\/\/entrenotasyacordes.com\/wp-content\/uploads\/2024\/09\/10o-50x50.jpeg 50w\" sizes=\"auto, (max-width: 600px) 100vw, 600px\" \/><\/figure>\n<\/div>\n\n\n<p class=\"has-text-align-left\">Luego del lanzamiento de<em>&nbsp;\u201cbeso despedida\u201d<\/em><strong>, ernestina&nbsp;<\/strong>nos presenta<em><strong>\u201cno es tan dif\u00edcil\u201d,<\/strong><\/em>&nbsp;el tercer sencillo que se desprende de esta nueva saga de desahogos, y refresca el concepto de&nbsp;<em><strong>m\u00fasica minimalista con emociones en may\u00fasculas.<\/strong><\/em><\/p>\n\n\n\n<p>&nbsp;El track es una balada en teclado y voz que se destaca por su sencillez, pero sin perder as\u00ed su fuerza, destacando una vez m\u00e1s la voz y emociones de Ernes.<\/p>\n\n\n\n<p class=\"has-text-align-left\">Seg\u00fan la artista:\u201c<em>Es tan dif\u00edcil quererme? Algo que me pregunte muchas veces cuando estaba con la persona equivocada. Me sent\u00eda demasiado y nada a la vez. En este desahogo le devuelvo cada inseguridad que sent\u00ed y por mucho tiempo se qued\u00f3 conmigo.\u201d<\/em><\/p>\n\n\n\n<figure class=\"wp-block-embed is-type-video is-provider-youtube wp-block-embed-youtube wp-embed-aspect-16-9 wp-has-aspect-ratio\"><div class=\"wp-block-embed__wrapper\">\n<div class=\"epyt-video-wrapper\"><iframe loading=\"lazy\"  id=\"_ytid_99694\"  width=\"640\" height=\"360\"  data-origwidth=\"640\" data-origheight=\"360\" src=\"https:\/\/www.youtube.com\/embed\/zU0cqG80HxM?enablejsapi=1&#038;autoplay=0&#038;cc_load_policy=0&#038;cc_lang_pref=&#038;iv_load_policy=1&#038;loop=0&#038;rel=1&#038;fs=1&#038;playsinline=0&#038;autohide=2&#038;theme=dark&#038;color=white&#038;controls=1&#038;\" class=\"__youtube_prefs__  epyt-is-override  no-lazyload\" data-vol=\"50\"  title=\"YouTube player\"  allow=\"fullscreen; accelerometer; autoplay; clipboard-write; encrypted-media; gyroscope; picture-in-picture; web-share\" referrerpolicy=\"strict-origin-when-cross-origin\" allowfullscreen data-no-lazy=\"1\" data-skipgform_ajax_framebjll=\"\"><\/iframe><\/div>\n<\/div><\/figure>\n\n\n\n<p>Al igual que en sus anteriores lanzamientos, la naturaleza de los videos, intenta transmitir la identidad de&nbsp;<strong>ernestina<\/strong>&nbsp;en la simpleza e intimidad de sus ensayos.<\/p>\n\n\n\n<p>Con&nbsp;<em>\u201cr\u00edd\u00edculo\u201d<\/em>,&nbsp;<em>\u201cbeso despedida\u201d y \u201cno es tan dif\u00edcil\u201d&nbsp;<\/em>como primeros adelantos,&nbsp;<strong>ernestina&nbsp;<\/strong>se encuentra transitando una nueva y renovada etapa musical, de cara a lo que ser\u00e1 el lanzamiento de su primer \u00e1lbum, que ser\u00e1 presentado oficialmente en los pr\u00f3ximos meses.<\/p>\n\n\n<div class=\"wp-block-image\">\n<figure class=\"aligncenter size-full is-resized\"><img loading=\"lazy\" decoding=\"async\" width=\"600\" height=\"900\" src=\"https:\/\/entrenotasyacordes.com\/wp-content\/uploads\/2024\/09\/10q.jpeg\" alt=\"\" class=\"wp-image-11291\" style=\"width:656px;height:auto\" srcset=\"https:\/\/entrenotasyacordes.com\/wp-content\/uploads\/2024\/09\/10q.jpeg 600w, https:\/\/entrenotasyacordes.com\/wp-content\/uploads\/2024\/09\/10q-200x300.jpeg 200w\" sizes=\"auto, (max-width: 600px) 100vw, 600px\" \/><\/figure>\n<\/div>\n\n\n<p class=\"has-text-align-left\"><strong><u>Acerca de ernestina<\/u><\/strong><\/p>\n\n\n\n<p class=\"has-text-align-left\">ernestina es una joven cantante y compositora argentina, que se ha dado a conocer en 2020 mediante TikTok bajo su apodo ERNES.<\/p>\n\n\n\n<p>Debut\u00f3 su carrera solista en 2022 con \u201cRelationshit\u201d, logrando as\u00ed atravesar el mundo de las redes sociales, posicion\u00e1ndose como nueva artista pop, y abriendo paso a sus pr\u00f3ximos sencillos: \u201cElla\u201d, una historia de superaci\u00f3n, \u201cLa Llave\u201d, una balada de desamor.\u00a0<\/p>\n\n\n\n<p>En 2023, lanz\u00f3 \u201cOdisea\u201d, un relato de un v\u00ednculo roto con aires pop-rock, \u201cNoches Despierta y \u201cSuperficial\u201d, dando camino a una nueva etapa musical m\u00e1s madura, con la frescura en su l\u00edrica y melod\u00eda que la caracterizan.\u00a0<\/p>\n\n\n\n<p>Camino a su primer \u00e1lbum de estudio, ernestina da a conocer una etapa de redescubrimiento musical y nos invita a disfrutar junto con ella sus nuevos lanzamientos.<\/p>\n","protected":false},"excerpt":{"rendered":"","protected":false},"author":5,"featured_media":11290,"comment_status":"open","ping_status":"open","sticky":false,"template":"","format":"standard","meta":{"om_disable_all_campaigns":false,"_uf_show_specific_survey":0,"_uf_disable_surveys":false,"footnotes":""},"categories":[4],"tags":[],"class_list":["post-11289","post","type-post","status-publish","format-standard","has-post-thumbnail","hentry","category-musica"],"_links":{"self":[{"href":"https:\/\/entrenotasyacordes.com\/index.php?rest_route=\/wp\/v2\/posts\/11289","targetHints":{"allow":["GET"]}}],"collection":[{"href":"https:\/\/entrenotasyacordes.com\/index.php?rest_route=\/wp\/v2\/posts"}],"about":[{"href":"https:\/\/entrenotasyacordes.com\/index.php?rest_route=\/wp\/v2\/types\/post"}],"author":[{"embeddable":true,"href":"https:\/\/entrenotasyacordes.com\/index.php?rest_route=\/wp\/v2\/users\/5"}],"replies":[{"embeddable":true,"href":"https:\/\/entrenotasyacordes.com\/index.php?rest_route=%2Fwp%2Fv2%2Fcomments&post=11289"}],"version-history":[{"count":1,"href":"https:\/\/entrenotasyacordes.com\/index.php?rest_route=\/wp\/v2\/posts\/11289\/revisions"}],"predecessor-version":[{"id":11292,"href":"https:\/\/entrenotasyacordes.com\/index.php?rest_route=\/wp\/v2\/posts\/11289\/revisions\/11292"}],"wp:featuredmedia":[{"embeddable":true,"href":"https:\/\/entrenotasyacordes.com\/index.php?rest_route=\/wp\/v2\/media\/11290"}],"wp:attachment":[{"href":"https:\/\/entrenotasyacordes.com\/index.php?rest_route=%2Fwp%2Fv2%2Fmedia&parent=11289"}],"wp:term":[{"taxonomy":"category","embeddable":true,"href":"https:\/\/entrenotasyacordes.com\/index.php?rest_route=%2Fwp%2Fv2%2Fcategories&post=11289"},{"taxonomy":"post_tag","embeddable":true,"href":"https:\/\/entrenotasyacordes.com\/index.php?rest_route=%2Fwp%2Fv2%2Ftags&post=11289"}],"curies":[{"name":"wp","href":"https:\/\/api.w.org\/{rel}","templated":true}]}}