{"id":11293,"date":"2024-09-11T17:54:53","date_gmt":"2024-09-11T17:54:53","guid":{"rendered":"https:\/\/entrenotasyacordes.com\/?p=11293"},"modified":"2024-09-11T17:54:54","modified_gmt":"2024-09-11T17:54:54","slug":"david-lebon-en-la-plata-la-leyenda-cierra-un-ano-de-grandes-logros","status":"publish","type":"post","link":"https:\/\/entrenotasyacordes.com\/?p=11293","title":{"rendered":"DAVID LEB\u00d3N EN LA PLATA &#8211; LA LEYENDA CIERRA UN A\u00d1O DE GRANDES LOGROS"},"content":{"rendered":"\n<!--more-->\n\n\n<div class=\"wp-block-image\">\n<figure class=\"aligncenter size-full is-resized\"><img loading=\"lazy\" decoding=\"async\" width=\"1080\" height=\"1080\" src=\"https:\/\/entrenotasyacordes.com\/wp-content\/uploads\/2024\/09\/10r.png\" alt=\"\" class=\"wp-image-11294\" style=\"width:607px;height:auto\" srcset=\"https:\/\/entrenotasyacordes.com\/wp-content\/uploads\/2024\/09\/10r.png 1080w, https:\/\/entrenotasyacordes.com\/wp-content\/uploads\/2024\/09\/10r-300x300.png 300w, https:\/\/entrenotasyacordes.com\/wp-content\/uploads\/2024\/09\/10r-1024x1024.png 1024w, https:\/\/entrenotasyacordes.com\/wp-content\/uploads\/2024\/09\/10r-150x150.png 150w, https:\/\/entrenotasyacordes.com\/wp-content\/uploads\/2024\/09\/10r-768x768.png 768w, https:\/\/entrenotasyacordes.com\/wp-content\/uploads\/2024\/09\/10r-50x50.png 50w\" sizes=\"auto, (max-width: 1080px) 100vw, 1080px\" \/><\/figure>\n<\/div>\n\n\n<p class=\"has-text-align-center\"><strong>25 DE OCTUBRE TEATRO ARGENTINO<\/strong><br><strong>Localidades en venta por&nbsp;<a href=\"https:\/\/livepass.com.ar\/events\/david-lebon-en-el-teatro-argentino?utm_source=perfit&amp;utm_medium=email\" rel=\"noreferrer noopener\" target=\"_blank\">LIVEPASS<\/a><\/strong><\/p>\n\n\n\n<p class=\"has-text-align-center\"><strong>Con tarjeta Visa y MasterCard del Banco Provincia tenes 6 cuotas sin inter\u00e9s<\/strong><\/p>\n\n\n\n<p>David Leb\u00f3n, la leyenda viva del rock argentino, regresa a La Plata el pr\u00f3ximo 25 de octubre para ofrecer un show imperdible. El reciente ganador del Premio Gardel a Mejor \u00c1lbum Artista de Rock por HERENCIA LEBON, adem\u00e1s, cumplir\u00e1 el sue\u00f1o de cantar como artista invitado de Eric Clapton en V\u00e9lez el pr\u00f3ximo 20 de septiembre y el 29 de noviembre se presentar\u00e1 en el m\u00edtico Templo del Rock &#8211; Estadio Obras.<\/p>\n\n\n\n<p>Un a\u00f1o de grandes logros y momentos inolvidables tiene que celebrarse a lo grande y para Leb\u00f3n no hay nada mejor que hacerlo haciendo lo que m\u00e1s disfruta: tocando en vivo. Este show ser\u00e1 la excusa perfecta para coronar la herencia de una de nuestras figuras esenciales del rock argentino.<\/p>\n\n\n\n<p>Conocido por sus contribuciones tanto en bandas ic\u00f3nicas como en su destacada carrera solista, Leb\u00f3n contin\u00faa cautivando a audiencias de todas las generaciones con su estilo \u00fanico y su inconfundible talento como cantante, guitarrista y compositor.<\/p>\n\n\n\n<p>David Leb\u00f3n es una figura central del rock argentino, cuyo legado est\u00e1 marcado por canciones legendarias que han resonado a trav\u00e9s de d\u00e9cadas. Desde su participaci\u00f3n en bandas fundamentales como La Pesada del Rock \u0301n roll, Pappo&#8217;s Blues, Pescado Rabioso, Sui Generis y Polifemo, hasta su papel clave en la creaci\u00f3n del estilo \u00fanico de Ser\u00fa Gir\u00e1n, Leb\u00f3n ha dejado una huella indeleble en la m\u00fasica argentina.<\/p>\n\n\n<div class=\"wp-block-image\">\n<figure class=\"aligncenter size-full is-resized\"><img loading=\"lazy\" decoding=\"async\" width=\"1280\" height=\"853\" src=\"https:\/\/entrenotasyacordes.com\/wp-content\/uploads\/2024\/09\/10s.jpeg\" alt=\"\" class=\"wp-image-11295\" style=\"width:607px;height:auto\" srcset=\"https:\/\/entrenotasyacordes.com\/wp-content\/uploads\/2024\/09\/10s.jpeg 1280w, https:\/\/entrenotasyacordes.com\/wp-content\/uploads\/2024\/09\/10s-300x200.jpeg 300w, https:\/\/entrenotasyacordes.com\/wp-content\/uploads\/2024\/09\/10s-1024x682.jpeg 1024w, https:\/\/entrenotasyacordes.com\/wp-content\/uploads\/2024\/09\/10s-768x512.jpeg 768w\" sizes=\"auto, (max-width: 1280px) 100vw, 1280px\" \/><figcaption class=\"wp-element-caption\">PH Mart\u00edn\u00a0 Bonetto<\/figcaption><\/figure>\n<\/div>\n\n\n<p class=\"has-text-align-left\">Este 25 de octubre el Teatro Argentino ser\u00e1 testigo de una gran noche de m\u00fasica y emociones de la mano del gran David Leb\u00f3n.<\/p>\n","protected":false},"excerpt":{"rendered":"","protected":false},"author":5,"featured_media":11294,"comment_status":"open","ping_status":"open","sticky":false,"template":"","format":"standard","meta":{"om_disable_all_campaigns":false,"_uf_show_specific_survey":0,"_uf_disable_surveys":false,"footnotes":""},"categories":[36],"tags":[],"class_list":["post-11293","post","type-post","status-publish","format-standard","has-post-thumbnail","hentry","category-conciertos"],"_links":{"self":[{"href":"https:\/\/entrenotasyacordes.com\/index.php?rest_route=\/wp\/v2\/posts\/11293","targetHints":{"allow":["GET"]}}],"collection":[{"href":"https:\/\/entrenotasyacordes.com\/index.php?rest_route=\/wp\/v2\/posts"}],"about":[{"href":"https:\/\/entrenotasyacordes.com\/index.php?rest_route=\/wp\/v2\/types\/post"}],"author":[{"embeddable":true,"href":"https:\/\/entrenotasyacordes.com\/index.php?rest_route=\/wp\/v2\/users\/5"}],"replies":[{"embeddable":true,"href":"https:\/\/entrenotasyacordes.com\/index.php?rest_route=%2Fwp%2Fv2%2Fcomments&post=11293"}],"version-history":[{"count":1,"href":"https:\/\/entrenotasyacordes.com\/index.php?rest_route=\/wp\/v2\/posts\/11293\/revisions"}],"predecessor-version":[{"id":11296,"href":"https:\/\/entrenotasyacordes.com\/index.php?rest_route=\/wp\/v2\/posts\/11293\/revisions\/11296"}],"wp:featuredmedia":[{"embeddable":true,"href":"https:\/\/entrenotasyacordes.com\/index.php?rest_route=\/wp\/v2\/media\/11294"}],"wp:attachment":[{"href":"https:\/\/entrenotasyacordes.com\/index.php?rest_route=%2Fwp%2Fv2%2Fmedia&parent=11293"}],"wp:term":[{"taxonomy":"category","embeddable":true,"href":"https:\/\/entrenotasyacordes.com\/index.php?rest_route=%2Fwp%2Fv2%2Fcategories&post=11293"},{"taxonomy":"post_tag","embeddable":true,"href":"https:\/\/entrenotasyacordes.com\/index.php?rest_route=%2Fwp%2Fv2%2Ftags&post=11293"}],"curies":[{"name":"wp","href":"https:\/\/api.w.org\/{rel}","templated":true}]}}