{"id":11387,"date":"2024-09-12T21:30:12","date_gmt":"2024-09-12T21:30:12","guid":{"rendered":"https:\/\/entrenotasyacordes.com\/?p=11387"},"modified":"2024-09-12T21:30:14","modified_gmt":"2024-09-12T21:30:14","slug":"charly-garcia-presenta-su-nuevo-album-la-logica-del-escorpion","status":"publish","type":"post","link":"https:\/\/entrenotasyacordes.com\/?p=11387","title":{"rendered":"CHARLY GARC\u00cdA presenta su nuevo \u00e1lbum \u00abLA L\u00d3GICA DEL ESCORPI\u00d3N\u00bb"},"content":{"rendered":"\n<!--more-->\n\n\n<div class=\"wp-block-image\">\n<figure class=\"aligncenter size-full is-resized\"><img loading=\"lazy\" decoding=\"async\" width=\"803\" height=\"803\" src=\"https:\/\/entrenotasyacordes.com\/wp-content\/uploads\/2024\/09\/1a.jpg\" alt=\"\" class=\"wp-image-11388\" style=\"width:482px;height:auto\" srcset=\"https:\/\/entrenotasyacordes.com\/wp-content\/uploads\/2024\/09\/1a.jpg 803w, https:\/\/entrenotasyacordes.com\/wp-content\/uploads\/2024\/09\/1a-300x300.jpg 300w, https:\/\/entrenotasyacordes.com\/wp-content\/uploads\/2024\/09\/1a-150x150.jpg 150w, https:\/\/entrenotasyacordes.com\/wp-content\/uploads\/2024\/09\/1a-768x768.jpg 768w, https:\/\/entrenotasyacordes.com\/wp-content\/uploads\/2024\/09\/1a-50x50.jpg 50w\" sizes=\"auto, (max-width: 803px) 100vw, 803px\" \/><\/figure>\n<\/div>\n\n\n<p class=\"has-text-align-center\"><strong>YA DISPONIBLE EN VINILO (EDICI\u00d3N DE LUJO LIMITADA)<\/strong><br><strong>Y EN PLATAFORMAS DIGITALES<\/strong><\/p>\n\n\n\n<p>Hoy, d\u00eda del Maestro, por fin podemos disfrutar de esta nueva obra de\u00a0<strong>Charly Garc\u00eda<\/strong>, tanto en Plataformas Digitales como en vinilo, con una edici\u00f3n de lujo, limitada y numerada.<br><br><strong><em>\u201cLa L\u00f3gica del Escorpi\u00f3n\u201d<\/em><\/strong><em>\u00a0cuenta con un atractivo arte de\u00a0<strong>Renata Schussheim<\/strong>\u00a0basado en una idea de Charly: portada\u00a0doble, impresiones en dorado con relieves y sobre interno que incluye las letras de las canciones, m\u00e1s ficha t\u00e9cnica y un certificado numerado (de 0001 a 7000).<\/em><br><br>El disco contiene 13 tracks, entre temas in\u00e9ditos y nuevas versiones de canciones propias y de grandes artistas como John Lennon, Luis Alberto Spinetta y Roger McGuinn (The Byrds).<br><br>\u00a0Incluye colaboraciones de sus amigos de la vida como\u00a0<strong>David Leb\u00f3n<\/strong>\u00a0(\u201cEl club de los 27\u201d y \u201cLa Medicina n\u00b09),\u00a0<strong>Pedro Aznar<\/strong>\u00a0(\u201cAm\u00e9rica\u201d) y\u00a0<strong>Fito Paez<\/strong>\u00a0(\u201cRock and Roll Star\u201d), m\u00e1s la voz de\u00a0<strong>Luis Alberto Spinetta<\/strong>\u00a0(\u201cLa Pelicana y el Androide\u201d).<br><br>Un nuevo hito en la historia discogr\u00e1fica de Charly Garc\u00eda, como cada obra que hizo en su vida.<br><br>En el D\u00eda del Maestro, este es el regalo que nos hace el Maestro Garc\u00eda:<\/p>\n\n\n\n<p class=\"has-text-align-center\"><strong><em><u>La L\u00f3gica del Escorpi\u00f3n:<\/u><\/em><\/strong><br><br><strong><em>1-Rompela<\/em><\/strong><br><em>Voz, teclado, guitarra y bajo: \u00a0Charly Garc\u00eda<\/em><br><em>Guitarra: Fernando Kabusacki \/ Bater\u00eda: Fernando Samalea<\/em><br><em>Coros: Rosario Ortega<\/em><br><br><strong><em>2-Yo ya s\u00e9<\/em><\/strong><br><em>Voz, teclado, guitarra y bajo: \u00a0Charly Garc\u00eda<\/em><br>Guitarra: Fernando Kabusacki \/ Bater\u00eda: Fernando Samalea<br>Coros: Hilda Lizarazu<br><br><strong><em>3-El Club de los 27<\/em><\/strong><br><em>Voz, teclado, guitarra y bajo: \u00a0Charly Garc\u00eda<\/em><br>Solo de Guitarra: David Leb\u00f3n<br>Bater\u00eda: Fernando Samalea \/ To\u00f1o Silva<br><br><strong><em>4-La Medicina n\u00b09<\/em><\/strong><br><em>Voz, teclado, guitarra y bajo: Charly Garc\u00eda<\/em><br>Guitarra R\u00edtmica: David Leb\u00f3n<br>Bater\u00eda: Fernando Samalea \/ Coros: Hilda Lizarazu<br><br><strong><em>5-Te recuerdo invierno<\/em><\/strong><br><em>Voz, teclado, guitarra y bajo: Charly Garc\u00eda<\/em><br>Guitarra Fernando Kabusacki \/ Coros Rosario Ortega<br><br><strong><em>6-Autofemicidio<\/em><\/strong><br><em>Voz, teclado, guitarra y bajo: Charly Garc\u00eda<\/em><br>Guitarra: Fernando Kabusacki \/ Bater\u00eda: Fernando Samalea<br><br><strong><em>7-Am\u00e9rica<\/em><\/strong><br>Voz, teclado, guitarra y bajo: Charly Garc\u00eda<br>Bajo, Bater\u00eda, guitarra y Voces: Pedro Aznar<br><br><strong><em>8-Juan Represi\u00f3n<\/em><\/strong><br><em>Voz, teclado, guitarra y bajo: Charly Garc\u00eda<\/em><br>Guitarra: Fernando Kabusacki \/ Coros: Rosario Ortega<br><br><strong><em>9-Estrellas al caer<\/em><\/strong><br><em>Voz, teclado, guitarra y bajo: Charly Garc\u00eda<\/em><br>Guitarra: Fernando Kabusacki \/ Bater\u00eda: Fernando Samalea<br><br><strong><em>10-La Pelicana y el Androide<\/em><\/strong><br>Voces: Charly Garc\u00eda \/ Luis Alberto Spinetta<br><em>Teclado, guitarra y bajo: Charly Garc\u00eda<\/em><br>Guitarra: Fernando Kabusacki<br><br><strong><em>11-Watching the wheels<\/em><\/strong><br><em>Voz, teclado, guitarra y bajo: Charly Garc\u00eda<\/em><br>Guitarra: Fernando Kabusacki \/ Bater\u00eda: Fernando Samalea<br>Coros: Rosario Ortega \/ Hilda Lizarazu<br><br><strong><em>12-La l\u00f3gica del Escorpi\u00f3n<\/em><\/strong><br><em>Voz, teclado, guitarra y bajo: Charly Garc\u00eda<\/em><br>Guitarra: Fernando Kabusacki \/ Bater\u00eda Fernando Samalea<br>Coros: Rosario Ortega<br><br><strong><em>13-Rock and Roll Star<\/em><\/strong><br>Voces: Charly Garc\u00eda \/ Fito Paez<br><em>Teclado, guitarra y bajo: Charly Garc\u00eda<\/em><br>Guitarras: Kiuge Hayashida \/ Fernando Kabusacki<\/p>\n\n\n\n<p>Todos los temas compuestos por Charly Garc\u00eda excepto:\u00a0<em>\u00abLa Pelicana y el Androide\u00bb<\/em>\u00a0(Luis Alberto Spinetta),\u00a0<em>\u00abWatching the Wheels\u00bb<\/em>\u00a0(John Lennon).<br>Adaptaci\u00f3n al espa\u00f1ol por Charly Garc\u00eda. \/\u00a0<em>\u00abAm\u00e9rica\u00bb<\/em>\u00a0(Charly Garc\u00eda y Pedro Aznar) \/\u00a0<em>\u00abRock &amp; Roll Star\u00bb<\/em>\u00a0(Roger McGuinn, Christopher Hillman).\u00a0Original title: So You Want To Be A Rock N&#8217; Roll Star.\u00a0Adaptaci\u00f3n al espa\u00f1ol por Charly Garc\u00eda<\/p>\n\n\n\n<p class=\"has-text-align-center\"><strong><em>Producido por Charly Garc\u00eda<\/em><\/strong><br><strong><em>Ingeniero de Grabaci\u00f3n y Mezcla: Matias Sznaider\u00a0<\/em><\/strong><br><strong><em>Mastering Ted Jensen At Sterling Sound<\/em><\/strong><\/p>\n","protected":false},"excerpt":{"rendered":"","protected":false},"author":5,"featured_media":11388,"comment_status":"open","ping_status":"open","sticky":false,"template":"","format":"standard","meta":{"om_disable_all_campaigns":false,"_uf_show_specific_survey":0,"_uf_disable_surveys":false,"footnotes":""},"categories":[4],"tags":[],"class_list":["post-11387","post","type-post","status-publish","format-standard","has-post-thumbnail","hentry","category-musica"],"_links":{"self":[{"href":"https:\/\/entrenotasyacordes.com\/index.php?rest_route=\/wp\/v2\/posts\/11387","targetHints":{"allow":["GET"]}}],"collection":[{"href":"https:\/\/entrenotasyacordes.com\/index.php?rest_route=\/wp\/v2\/posts"}],"about":[{"href":"https:\/\/entrenotasyacordes.com\/index.php?rest_route=\/wp\/v2\/types\/post"}],"author":[{"embeddable":true,"href":"https:\/\/entrenotasyacordes.com\/index.php?rest_route=\/wp\/v2\/users\/5"}],"replies":[{"embeddable":true,"href":"https:\/\/entrenotasyacordes.com\/index.php?rest_route=%2Fwp%2Fv2%2Fcomments&post=11387"}],"version-history":[{"count":1,"href":"https:\/\/entrenotasyacordes.com\/index.php?rest_route=\/wp\/v2\/posts\/11387\/revisions"}],"predecessor-version":[{"id":11389,"href":"https:\/\/entrenotasyacordes.com\/index.php?rest_route=\/wp\/v2\/posts\/11387\/revisions\/11389"}],"wp:featuredmedia":[{"embeddable":true,"href":"https:\/\/entrenotasyacordes.com\/index.php?rest_route=\/wp\/v2\/media\/11388"}],"wp:attachment":[{"href":"https:\/\/entrenotasyacordes.com\/index.php?rest_route=%2Fwp%2Fv2%2Fmedia&parent=11387"}],"wp:term":[{"taxonomy":"category","embeddable":true,"href":"https:\/\/entrenotasyacordes.com\/index.php?rest_route=%2Fwp%2Fv2%2Fcategories&post=11387"},{"taxonomy":"post_tag","embeddable":true,"href":"https:\/\/entrenotasyacordes.com\/index.php?rest_route=%2Fwp%2Fv2%2Ftags&post=11387"}],"curies":[{"name":"wp","href":"https:\/\/api.w.org\/{rel}","templated":true}]}}