{"id":11390,"date":"2024-09-12T21:45:04","date_gmt":"2024-09-12T21:45:04","guid":{"rendered":"https:\/\/entrenotasyacordes.com\/?p=11390"},"modified":"2024-09-12T21:45:05","modified_gmt":"2024-09-12T21:45:05","slug":"desde-espana-mercedes-canas-fin-de-gira-que-entren-en-mi-cabeza-17-de-octubre-en-cafe-berlin","status":"publish","type":"post","link":"https:\/\/entrenotasyacordes.com\/?p=11390","title":{"rendered":"Desde Espa\u00f1a: MERCEDES CA\u00d1AS | Fin de Gira \u00abQue entren en mi cabeza\u00bb | 17 de octubre en Caf\u00e9 Berl\u00edn"},"content":{"rendered":"\n<!--more-->\n\n\n<div class=\"wp-block-image\">\n<figure class=\"aligncenter size-full is-resized\"><img loading=\"lazy\" decoding=\"async\" width=\"500\" height=\"500\" src=\"https:\/\/entrenotasyacordes.com\/wp-content\/uploads\/2024\/09\/1b.jpg\" alt=\"\" class=\"wp-image-11391\" style=\"width:607px;height:auto\" srcset=\"https:\/\/entrenotasyacordes.com\/wp-content\/uploads\/2024\/09\/1b.jpg 500w, https:\/\/entrenotasyacordes.com\/wp-content\/uploads\/2024\/09\/1b-300x300.jpg 300w, https:\/\/entrenotasyacordes.com\/wp-content\/uploads\/2024\/09\/1b-150x150.jpg 150w, https:\/\/entrenotasyacordes.com\/wp-content\/uploads\/2024\/09\/1b-50x50.jpg 50w\" sizes=\"auto, (max-width: 500px) 100vw, 500px\" \/><\/figure>\n<\/div>\n\n\n<p class=\"has-text-align-left\">Mercedes Ca\u00f1as y su magia en el escenario han llegado para quedarse y marcar una diferencia en el panorama musical.<\/p>\n\n\n\n<p>La cantautora madrile\u00f1a derrocha carisma en un directo \u00fanico donde su voz y sus canciones, llenas de verdad y frescura, no dejan indiferente a quien lo vive de cerca.<\/p>\n\n\n\n<p class=\"has-text-align-left\">La artista comparte su primer LP: \u201cQue Entren En Mi Cabeza\u201d, el eje central de la gira de presentaci\u00f3n por Espa\u00f1a y Latinoam\u00e9rica.<\/p>\n\n\n\n<p>En palabras de la propia artista&#8230;<\/p>\n\n\n\n<p><em>\u00abQue entren en mi cabeza y vean qu\u00e9 hubi\u00e9semos sido .<\/em> <em>Siempre me quedo con la espinita, con el qu\u00e9 hubiese pasado si<\/em> <em>mis historias hubieran tenido un final feliz\u201d. En lugar de<\/em> <em>quedarme con lo que una vez vivimos, escribo canciones<\/em> <em>pensando en lo que me hubiese gustado que fu\u00e9ramos.<\/em> <em>Este disco va cargadito de amor: del bueno, del amor a medias,<\/em> <em>del imposible por m\u00e1s que me empe\u00f1e, del que huye y del que<\/em> <em>se queda cuando la que quiere irse soy yo.<\/em> <em>Que entren en mi cabeza y lo vean. Que escuchen cada parte de\u00a0m\u00ed hecha canci\u00f3n. Que le\u00e1is lo que me falt\u00f3 decirles a esas<\/em> <em>personas que formaron parte de mi vida. Y que ojal\u00e1 este disco<\/em> <em>consiga sacaros vuestra espinita.\u00bb<\/em><\/p>\n\n\n\n<p class=\"has-text-align-center\"><strong>Las canciones:<\/strong><br>1. 10 Km<br>2. Como Diciembre A Enero<br>3. Aguamarina<br>4. Pell\u00edzcame<br>5. Ninguna Posibilidad<br>6. 8 Que 80<br>7. Me He Acordado De T\u00ed<br>8. Brillo<br>9. No Tan Lejos<br>10. Ya No Eres El Mismo<br>11. Cuanto Me Dol\u00edas<\/p>\n\n\n<div class=\"wp-block-image\">\n<figure class=\"aligncenter size-full is-resized\"><img loading=\"lazy\" decoding=\"async\" width=\"1080\" height=\"1080\" src=\"https:\/\/entrenotasyacordes.com\/wp-content\/uploads\/2024\/09\/1c.jpg\" alt=\"\" class=\"wp-image-11392\" style=\"width:607px;height:auto\" srcset=\"https:\/\/entrenotasyacordes.com\/wp-content\/uploads\/2024\/09\/1c.jpg 1080w, https:\/\/entrenotasyacordes.com\/wp-content\/uploads\/2024\/09\/1c-300x300.jpg 300w, https:\/\/entrenotasyacordes.com\/wp-content\/uploads\/2024\/09\/1c-1024x1024.jpg 1024w, https:\/\/entrenotasyacordes.com\/wp-content\/uploads\/2024\/09\/1c-150x150.jpg 150w, https:\/\/entrenotasyacordes.com\/wp-content\/uploads\/2024\/09\/1c-768x768.jpg 768w, https:\/\/entrenotasyacordes.com\/wp-content\/uploads\/2024\/09\/1c-50x50.jpg 50w\" sizes=\"auto, (max-width: 1080px) 100vw, 1080px\" \/><\/figure>\n<\/div>\n\n\n<p><strong>Fin de gira, las ciudades:<\/strong><\/p>\n\n\n\n<p>17\/10 Buenos Aires, Caf\u00e9 Berl\u00edn<br>19\/10 Santiago de Chile, Club Subterr\u00e1neo<br>25\/10 Bogot\u00e1, Latino Power<br>27\/10 Ciudad de M\u00e9xico, Bajo Circuito<\/p>\n\n\n\n<p>2\/11 Barcelona, Sala Apolo 2<br>8\/11 Vigo, La f\u00e1brica de chocolate<br>9\/11 Bilbao, Blue Fever<br>22\/11 Madrid, Sala La Paqui<br>28\/11 Valencia, Palau Alameda<br>29\/11 Alicante, Sala Stereo<\/p>\n\n\n\n<p>7\/12 Sevilla, Sala Malandar<br>13\/12 Zaragoza, Sala L\u00f3pez<br>27\/12 Toledo, Sala Picaro<\/p>\n\n\n<div class=\"wp-block-image\">\n<figure class=\"aligncenter size-full is-resized\"><img loading=\"lazy\" decoding=\"async\" width=\"500\" height=\"750\" src=\"https:\/\/entrenotasyacordes.com\/wp-content\/uploads\/2024\/09\/1d.jpeg\" alt=\"\" class=\"wp-image-11393\" style=\"width:607px;height:auto\" srcset=\"https:\/\/entrenotasyacordes.com\/wp-content\/uploads\/2024\/09\/1d.jpeg 500w, https:\/\/entrenotasyacordes.com\/wp-content\/uploads\/2024\/09\/1d-200x300.jpeg 200w\" sizes=\"auto, (max-width: 500px) 100vw, 500px\" \/><\/figure>\n<\/div>\n\n\n<p><strong>Sobre Mercedes Ca\u00f1as:<\/strong><\/p>\n\n\n\n<p>Mercedes Ca\u00f1as es una de las cantautoras m\u00e1s prometedoras del panorama espa\u00f1ol.\u00a0 Ha ido construyendo su carrera de una manera independiente compartiendo su m\u00fasica a trav\u00e9s de las redes sociales; primero haciendo covers de otras canciones, y ahora componiendo y cantando las suyas propias.<\/p>\n\n\n\n<p>Ha demostrado saber atraparnos con su m\u00fasica y sus historias, alcanzando m\u00e1s de 180 mil seguidores en Instagram de manera org\u00e1nica. Sus canciones acumulan ya millones de reproducciones en las plataformas digitales; y sus estad\u00edsticas son muestra de una artista consolidada que, adem\u00e1s, arrastra a sus fans a las salas para poder encontrarse en torno a sus canciones.<\/p>\n\n\n\n<p>La joven madrile\u00f1a es lo que se llama habitualmente una artista revelaci\u00f3n. No solo pone voz a sus melod\u00edas, sino que las impregna de un halo especial, una esencia m\u00edstica propia de quien est\u00e1 destinada a provocar emociones.<\/p>\n\n\n\n<p>Destaca por la solvencia de sus canciones, su personalidad en el escenario y un directo \u00fanico que puede defender tanto en solitario o como con su banda.<\/p>\n\n\n\n<figure class=\"wp-block-embed is-type-video is-provider-youtube wp-block-embed-youtube wp-embed-aspect-16-9 wp-has-aspect-ratio\"><div class=\"wp-block-embed__wrapper\">\n<div class=\"epyt-video-wrapper\"><iframe loading=\"lazy\"  id=\"_ytid_25902\"  width=\"640\" height=\"360\"  data-origwidth=\"640\" data-origheight=\"360\" src=\"https:\/\/www.youtube.com\/embed\/ujoDXRggsko?enablejsapi=1&#038;autoplay=0&#038;cc_load_policy=0&#038;cc_lang_pref=&#038;iv_load_policy=1&#038;loop=0&#038;rel=1&#038;fs=1&#038;playsinline=0&#038;autohide=2&#038;theme=dark&#038;color=white&#038;controls=1&#038;\" class=\"__youtube_prefs__  epyt-is-override  no-lazyload\" data-vol=\"50\"  title=\"YouTube player\"  allow=\"fullscreen; accelerometer; autoplay; clipboard-write; encrypted-media; gyroscope; picture-in-picture; web-share\" referrerpolicy=\"strict-origin-when-cross-origin\" allowfullscreen data-no-lazy=\"1\" data-skipgform_ajax_framebjll=\"\"><\/iframe><\/div>\n<\/div><\/figure>\n","protected":false},"excerpt":{"rendered":"","protected":false},"author":5,"featured_media":11392,"comment_status":"open","ping_status":"open","sticky":false,"template":"","format":"standard","meta":{"om_disable_all_campaigns":false,"_uf_show_specific_survey":0,"_uf_disable_surveys":false,"footnotes":""},"categories":[36],"tags":[],"class_list":["post-11390","post","type-post","status-publish","format-standard","has-post-thumbnail","hentry","category-conciertos"],"_links":{"self":[{"href":"https:\/\/entrenotasyacordes.com\/index.php?rest_route=\/wp\/v2\/posts\/11390","targetHints":{"allow":["GET"]}}],"collection":[{"href":"https:\/\/entrenotasyacordes.com\/index.php?rest_route=\/wp\/v2\/posts"}],"about":[{"href":"https:\/\/entrenotasyacordes.com\/index.php?rest_route=\/wp\/v2\/types\/post"}],"author":[{"embeddable":true,"href":"https:\/\/entrenotasyacordes.com\/index.php?rest_route=\/wp\/v2\/users\/5"}],"replies":[{"embeddable":true,"href":"https:\/\/entrenotasyacordes.com\/index.php?rest_route=%2Fwp%2Fv2%2Fcomments&post=11390"}],"version-history":[{"count":1,"href":"https:\/\/entrenotasyacordes.com\/index.php?rest_route=\/wp\/v2\/posts\/11390\/revisions"}],"predecessor-version":[{"id":11394,"href":"https:\/\/entrenotasyacordes.com\/index.php?rest_route=\/wp\/v2\/posts\/11390\/revisions\/11394"}],"wp:featuredmedia":[{"embeddable":true,"href":"https:\/\/entrenotasyacordes.com\/index.php?rest_route=\/wp\/v2\/media\/11392"}],"wp:attachment":[{"href":"https:\/\/entrenotasyacordes.com\/index.php?rest_route=%2Fwp%2Fv2%2Fmedia&parent=11390"}],"wp:term":[{"taxonomy":"category","embeddable":true,"href":"https:\/\/entrenotasyacordes.com\/index.php?rest_route=%2Fwp%2Fv2%2Fcategories&post=11390"},{"taxonomy":"post_tag","embeddable":true,"href":"https:\/\/entrenotasyacordes.com\/index.php?rest_route=%2Fwp%2Fv2%2Ftags&post=11390"}],"curies":[{"name":"wp","href":"https:\/\/api.w.org\/{rel}","templated":true}]}}