{"id":11395,"date":"2024-09-12T21:59:00","date_gmt":"2024-09-12T21:59:00","guid":{"rendered":"https:\/\/entrenotasyacordes.com\/?p=11395"},"modified":"2024-09-12T21:59:02","modified_gmt":"2024-09-12T21:59:02","slug":"sabor-canela-vuelve-a-la-trastienda-el-12-10-para-seguir-festejando-sus-10-anos","status":"publish","type":"post","link":"https:\/\/entrenotasyacordes.com\/?p=11395","title":{"rendered":"SABOR CANELA Vuelve a La Trastienda el 12\/10 para seguir festejando sus 10 a\u00f1os!"},"content":{"rendered":"\n<p><strong><em>&#8211;\u00a0<\/em><\/strong><em>La banda de cumbia cordobesa llega a Buenos Aires por segunda vez en el a\u00f1o\u00a0<\/em><strong><em>&#8211;<\/em><\/strong><\/p>\n\n\n\n<!--more-->\n\n\n<div class=\"wp-block-image\">\n<figure class=\"aligncenter size-full is-resized\"><img loading=\"lazy\" decoding=\"async\" width=\"1080\" height=\"1350\" src=\"https:\/\/entrenotasyacordes.com\/wp-content\/uploads\/2024\/09\/1e.png\" alt=\"\" class=\"wp-image-11396\" style=\"width:607px;height:auto\" srcset=\"https:\/\/entrenotasyacordes.com\/wp-content\/uploads\/2024\/09\/1e.png 1080w, https:\/\/entrenotasyacordes.com\/wp-content\/uploads\/2024\/09\/1e-240x300.png 240w, https:\/\/entrenotasyacordes.com\/wp-content\/uploads\/2024\/09\/1e-819x1024.png 819w, https:\/\/entrenotasyacordes.com\/wp-content\/uploads\/2024\/09\/1e-768x960.png 768w, https:\/\/entrenotasyacordes.com\/wp-content\/uploads\/2024\/09\/1e-1024x1280.png 1024w\" sizes=\"auto, (max-width: 1080px) 100vw, 1080px\" \/><\/figure>\n<\/div>\n\n\n<p class=\"has-text-align-left\"><strong>SABOR CANELA<\/strong>\u00a0continua con los festejos de sus 10 a\u00f1os de vida en Buenos Aires. La cita es el 12 de octubre a las 23.30 hs en La Trastienda, ubicada en la calle Balcarce 460 en el barrio de San Telmo, CABA.<br><br>Luego del gran \u00e9xito de su primer show en La Trastienda en mayo de este a\u00f1o, la banda de cumbia cordobesa vuelve a la Ciudad de Buenos Aires con un show imperdible, para reencontrarse con su p\u00fablico bonaerense y seguir festejando los 10 a\u00f1os de existencia. El show ser\u00e1 extenso, contar\u00e1 con muchas sorpresas, grandes invitados y repasar\u00e1n toda su discograf\u00eda.<\/p>\n\n\n\n<p class=\"has-text-align-left\">Para que el p\u00fablico pueda ir palpitando lo que ser\u00e1 el pr\u00f3ximo show, hace unos meses lanzaron un EP en vivo grabado en su provincia, en d\u00f3nde reflejaron la fiesta que se vive cada vez que se hacen presente en un escenario.<br><br>El festejo incluy\u00f3 una \u201cGira de Cumplea\u00f1os\u201d en la que pasaron por Cosqu\u00edn Rock; el Carnaval de Los Tekis; el Festival Nacional De la Esquila; \u201cEstudio Teatro\u201d (C\u00f3rdoba); la Patagonia y las provincias de San Luis, Mendoza, La Pampa, Santa Fe, Entre R\u00edos, el interior de C\u00f3rdoba, y la ciudad de La Plata, entre otras.<\/p>\n\n\n\n<p class=\"has-text-align-center\"><strong><em>\u201cGente de CABA y alrededores, Sabor Canela los espera otra vez en \u201cLa Trastienda\u201d para seguir festejando&nbsp;los 10 a\u00f1os de vida con alegr\u00eda.<\/em><\/strong><br><strong><em>\u00a1Sigue la fiesta y sigue el amor!\u201d<\/em><\/strong><\/p>\n\n\n\n<p class=\"has-text-align-left\"><strong>SABOR CANELA<\/strong><br><strong>FESTEJA SUS 10 A\u00d1OS<\/strong><br><strong>La Trastienda | Balcarce 460, CABA<\/strong><br><strong>S\u00e1bado 12 de octubre | 23.30 hs<\/strong><br>&nbsp;<\/p>\n\n\n\n<p class=\"has-text-align-left\">Las entradas ya se encuentran disponibles en la plataforma \u201cTu entrada\u201d<br><a href=\"https:\/\/gmail.us20.list-manage.com\/track\/click?u=5f18006da3ec7d99a89534e62&amp;id=345ab81ecb&amp;e=bdcecc51d8\">https:\/\/www.tuentrada.com\/eventos\/detalle\/LTC-SaborCanela\/390216193339<\/a><br><br>Para m\u00e1s informaci\u00f3n acerca de la gira:&nbsp;<a href=\"https:\/\/gmail.us20.list-manage.com\/track\/click?u=5f18006da3ec7d99a89534e62&amp;id=e73b5f766e&amp;e=bdcecc51d8\" target=\"_blank\" rel=\"noreferrer noopener\">\/sabor.canela<\/a>&nbsp;y&nbsp;<a href=\"https:\/\/gmail.us20.list-manage.com\/track\/click?u=5f18006da3ec7d99a89534e62&amp;id=431194f9b6&amp;e=bdcecc51d8\" target=\"_blank\" rel=\"noreferrer noopener\">https:\/\/linktr.ee\/saborcanela<\/a>&nbsp;<\/p>\n\n\n<div class=\"wp-block-image\">\n<figure class=\"aligncenter size-full is-resized\"><img loading=\"lazy\" decoding=\"async\" width=\"2560\" height=\"2048\" src=\"https:\/\/entrenotasyacordes.com\/wp-content\/uploads\/2024\/09\/1f-scaled.jpeg\" alt=\"\" class=\"wp-image-11397\" style=\"width:607px;height:auto\" srcset=\"https:\/\/entrenotasyacordes.com\/wp-content\/uploads\/2024\/09\/1f-scaled.jpeg 2560w, https:\/\/entrenotasyacordes.com\/wp-content\/uploads\/2024\/09\/1f-300x240.jpeg 300w, https:\/\/entrenotasyacordes.com\/wp-content\/uploads\/2024\/09\/1f-1024x819.jpeg 1024w, https:\/\/entrenotasyacordes.com\/wp-content\/uploads\/2024\/09\/1f-768x614.jpeg 768w, https:\/\/entrenotasyacordes.com\/wp-content\/uploads\/2024\/09\/1f-1536x1229.jpeg 1536w, https:\/\/entrenotasyacordes.com\/wp-content\/uploads\/2024\/09\/1f-2048x1638.jpeg 2048w\" sizes=\"auto, (max-width: 2560px) 100vw, 2560px\" \/><\/figure>\n<\/div>\n\n\n<p><strong><u>Algo m\u00e1s acerca de SABOR CANELA<\/u><\/strong><\/p>\n\n\n\n<p><strong>Sabor Canela<\/strong>\u00a0es una banda de cumbia que nace en el 2013\u00a0en la ciudad de C\u00f3rdoba, formada por 10 integrantes de diferentes partes de Argentina. Con esta formaci\u00f3n diversa, federal y heterog\u00e9nea, crean una propuesta de m\u00fasica original que fusiona tradici\u00f3n latinoamericana con recursos de otros g\u00e9neros como el rock, la m\u00fasica urbana, el indie y el pop.\u00a0<strong>Sabor Canela<\/strong>\u00a0se caracteriza por producir canciones bailables con una gran\u00a0carga de energ\u00eda positiva y fresca que se desprende de cada sonido.\u00a0<\/p>\n\n\n\n<p>Desde sus comienzos han recorrido gran parte del pa\u00eds compartiendo escenario con&nbsp;<strong>La Delio Vald\u00e9z<\/strong>,&nbsp;<strong>Los Aut\u00e9nticos Decadentes<\/strong>,&nbsp;<strong>La Barra<\/strong>,&nbsp;<strong>Chico Trujillo<\/strong>, entre muchos otros.<br><br>Consolidaron su sonido en su \u00faltimo \u00e1lbum de estudio&nbsp;<a href=\"https:\/\/gmail.us20.list-manage.com\/track\/click?u=5f18006da3ec7d99a89534e62&amp;id=c54a328f38&amp;e=bdcecc51d8\">\u201cAfter en Hong Kong\u201d<\/a>, nominado a&nbsp;<strong>\u00abMejor \u00c1lbum Grupo Tropical\u00bb<\/strong>&nbsp;en los&nbsp;<strong>Premios Gardel 2023<\/strong>, al crear una cumbia actual y renovada, combinando elementos cl\u00e1sicos del estilo con sonoridades modernas, forjando as\u00ed una identidad \u00fanica que trasciende el g\u00e9nero.<\/p>\n\n\n\n<p><strong>Sabor Canela<\/strong>:<br>Emanuel Oliva &#8211; Voces<br>Negra Marta Rodriguez &#8211; Guitarra el\u00e9ctrica y voz<br>Sergio Vera Rold\u00e1n &#8211; Guitarra el\u00e9ctrica<br>Trinidad Bertero &#8211; Bajo y coros<br>Bruno Spilman &#8211; Timbaletas y bater\u00eda<br>Sergio \u201cChecho\u201d Flores &#8211; Congas<br>Jonatan Vargas &#8211; Acorde\u00f3n y teclas<br>Anabella \u00abPinu\u00bb Torres \u2013 G\u00fcira<br>Diego Tercel \u2013 Bong\u00f3 y accesorios<br>Diego Gomez \u2013 Guitarra el\u00e9ctrica, teclas, programaciones y coros<\/p>\n\n\n\n<p><strong>Discograf\u00eda:<\/strong><br>&#8211; \u201cEn Vivo en Quality\u201d, EP 2024<br>&#8211; \u00ab<a href=\"https:\/\/gmail.us20.list-manage.com\/track\/click?u=5f18006da3ec7d99a89534e62&amp;id=56ee2bb4aa&amp;e=bdcecc51d8\" target=\"_blank\" rel=\"noreferrer noopener\">After en Hong Kong<\/a>\u00ab, \u00e1lbum (2022)<br>&#8211; \u00abSuena Miel\u00bb, single (2021)<br>&#8211; \u00abMovimiento el\u00e9ctrico\u00bb Lado A, EP (2019)<br>&#8211; \u00abCumbia&nbsp;master wey\u00bb, \u00e1lbum (2017)<br>&#8211; \u201cLa Parranda\u201d, single (2016)<br>&#8211;&nbsp; \u201cAc\u00fastico en Favela\u201d, \u00e1lbum (2014).<\/p>\n","protected":false},"excerpt":{"rendered":"<p>&#8211;\u00a0La banda de cumbia cordobesa llega a Buenos Aires por segunda vez en el a\u00f1o\u00a0&#8211;<\/p>\n","protected":false},"author":5,"featured_media":11396,"comment_status":"open","ping_status":"open","sticky":false,"template":"","format":"standard","meta":{"om_disable_all_campaigns":false,"_uf_show_specific_survey":0,"_uf_disable_surveys":false,"footnotes":""},"categories":[36],"tags":[],"class_list":["post-11395","post","type-post","status-publish","format-standard","has-post-thumbnail","hentry","category-conciertos"],"_links":{"self":[{"href":"https:\/\/entrenotasyacordes.com\/index.php?rest_route=\/wp\/v2\/posts\/11395","targetHints":{"allow":["GET"]}}],"collection":[{"href":"https:\/\/entrenotasyacordes.com\/index.php?rest_route=\/wp\/v2\/posts"}],"about":[{"href":"https:\/\/entrenotasyacordes.com\/index.php?rest_route=\/wp\/v2\/types\/post"}],"author":[{"embeddable":true,"href":"https:\/\/entrenotasyacordes.com\/index.php?rest_route=\/wp\/v2\/users\/5"}],"replies":[{"embeddable":true,"href":"https:\/\/entrenotasyacordes.com\/index.php?rest_route=%2Fwp%2Fv2%2Fcomments&post=11395"}],"version-history":[{"count":1,"href":"https:\/\/entrenotasyacordes.com\/index.php?rest_route=\/wp\/v2\/posts\/11395\/revisions"}],"predecessor-version":[{"id":11398,"href":"https:\/\/entrenotasyacordes.com\/index.php?rest_route=\/wp\/v2\/posts\/11395\/revisions\/11398"}],"wp:featuredmedia":[{"embeddable":true,"href":"https:\/\/entrenotasyacordes.com\/index.php?rest_route=\/wp\/v2\/media\/11396"}],"wp:attachment":[{"href":"https:\/\/entrenotasyacordes.com\/index.php?rest_route=%2Fwp%2Fv2%2Fmedia&parent=11395"}],"wp:term":[{"taxonomy":"category","embeddable":true,"href":"https:\/\/entrenotasyacordes.com\/index.php?rest_route=%2Fwp%2Fv2%2Fcategories&post=11395"},{"taxonomy":"post_tag","embeddable":true,"href":"https:\/\/entrenotasyacordes.com\/index.php?rest_route=%2Fwp%2Fv2%2Ftags&post=11395"}],"curies":[{"name":"wp","href":"https:\/\/api.w.org\/{rel}","templated":true}]}}