{"id":11399,"date":"2024-09-12T22:11:59","date_gmt":"2024-09-12T22:11:59","guid":{"rendered":"https:\/\/entrenotasyacordes.com\/?p=11399"},"modified":"2024-09-12T22:12:01","modified_gmt":"2024-09-12T22:12:01","slug":"el-artista-mundial-ganador-del-premio-grammy-usher-anuncia-el-lanzamiento-de-confessions-20th-anniversary","status":"publish","type":"post","link":"https:\/\/entrenotasyacordes.com\/?p=11399","title":{"rendered":"EL ARTISTA MUNDIAL GANADOR DEL PREMIO GRAMMY USHER ANUNCIA EL LANZAMIENTO DE CONFESSIONS (20th ANNIVERSARY)\u00a0"},"content":{"rendered":"\n<!--more-->\n\n\n<div class=\"wp-block-image\">\n<figure class=\"aligncenter size-full is-resized\"><img loading=\"lazy\" decoding=\"async\" width=\"654\" height=\"654\" src=\"https:\/\/entrenotasyacordes.com\/wp-content\/uploads\/2024\/09\/1g.jpg\" alt=\"\" class=\"wp-image-11400\" style=\"width:482px;height:auto\" srcset=\"https:\/\/entrenotasyacordes.com\/wp-content\/uploads\/2024\/09\/1g.jpg 654w, https:\/\/entrenotasyacordes.com\/wp-content\/uploads\/2024\/09\/1g-300x300.jpg 300w, https:\/\/entrenotasyacordes.com\/wp-content\/uploads\/2024\/09\/1g-150x150.jpg 150w, https:\/\/entrenotasyacordes.com\/wp-content\/uploads\/2024\/09\/1g-50x50.jpg 50w\" sizes=\"auto, (max-width: 654px) 100vw, 654px\" \/><\/figure>\n<\/div>\n\n\n<p class=\"has-text-align-center\"><strong>A LANZARSE EL 1 DE NOVIEMBRE, INCLUYE VERSIONES ORQUESTALES DE \u00abBURN\u00bb Y \u00abSUPERSTAR\u00bb COMO BONUS TRACKS<\/strong><\/p>\n\n\n\n<p>El artista mundial ganador del premio GRAMMY, USHER, en asociaci\u00f3n con Legacy Recordings, la divisi\u00f3n de cat\u00e1logo de Sony Music Entertainment, ha anunciado una edici\u00f3n especial del 20 aniversario de su \u00e1lbum <strong><em>Confessions<\/em>,<\/strong>&nbsp; que lo catapult\u00f3 al estrellato. Con \u00e9xitos mundiales como \u00ab<strong>Yeah!\u00bb, \u00abConfessions II\u00bb<\/strong> y \u00ab<strong>My Boo<\/strong>\u00ab, ya est\u00e1 disponible para <a href=\"https:\/\/usher.lnk.to\/Confessions20th\">reservar<\/a> en su edici\u00f3n digital. El \u00e1lbum adem\u00e1s incluye versiones orquestales de \u00abBurn\u00bb y \u00abSuperstar\u00bb como bonus tracks.<\/p>\n\n\n\n<p>\u00ab<em>Confessions <\/em>fue un \u00e1lbum fundamental para m\u00ed y contin\u00faa trascendiendo generaciones y tiempo 20 a\u00f1os despu\u00e9s. Una obra maestra en el sentido m\u00e1s estricto de la palabra, ver a los fans cantando palabra por palabra hasta el d\u00eda de hoy es una sensaci\u00f3n indescriptible y espero que siga siendo memorable para las generaciones venideras\u00bb, afirma USHER.<\/p>\n\n\n\n<p>USHER inici\u00f3 su gira <a href=\"https:\/\/www.usherworld.com\/#tour\"><em>Past Present Future<\/em> Tour<\/a> en Washington, D.C. en agosto. Su pel\u00edcula de concierto <a href=\"https:\/\/usherinparis.com\/home\/\"><em>USHER: Rendezvous in Paris<\/em><\/a> est\u00e1 en m\u00e1s de 2000 cines AMC en todo el mundo desde hoy hasta el 15 de septiembre.<\/p>\n\n\n\n<p><strong>Sobre USHER<\/strong><\/p>\n\n\n\n<p>USHER ha cambiado la m\u00fasica, la cultura y un sin n\u00famero de vidas. La megaestrella, bailar\u00edn, empresario y fil\u00e1ntropo internacional, ganador de m\u00faltiples premios GRAMMY, inspira el cambio una vez m\u00e1s. M\u00e1s all\u00e1 de vender m\u00e1s de 80 millones de discos en todo el mundo y recoger docenas de premios, ha iluminado simult\u00e1neamente la pantalla chica en The Voice de NBC y la pantalla grande en \u00e9xitos de taquilla como <em>Hustlers<\/em>. Tambi\u00e9n se ha distinguido incansablemente como un devoto humanitario, recaudando decenas de millones de d\u00f3lares para diversas causas y animando a los j\u00f3venes a trav\u00e9s de su Fundaci\u00f3n New Look. Desde 1999, ha estado brindando oportunidades a j\u00f3venes en comunidades marginadas y permiti\u00e9ndoles prosperar y alcanzar sue\u00f1os aparentemente imposibles. Colaborador desde hace mucho tiempo y embajador de Global Citizen, USHER ha actuado en eventos desde 2015 para crear conciencia sobre la derrota de la pobreza, la defensa del planeta y la demanda de equidad. Un verdadero caso at\u00edpico, se sinti\u00f3 igual de c\u00f3modo en el escenario de su residencia My Way en Las Vegas, con entradas agotadas, que en una misi\u00f3n cultural del gobierno a Cuba en 2016 como parte del Comit\u00e9 Presidencial de Artes y Humanidades del presidente Barack Obama. En 2024 celebrar\u00e1 30 a\u00f1os como artista, encabez\u00f3 el espect\u00e1culo de medio tiempo del Super Bowl LVIII y lanz\u00f3 su noveno \u00e1lbum de estudio, <em>COMING HOME.<\/em><\/p>\n","protected":false},"excerpt":{"rendered":"","protected":false},"author":5,"featured_media":11400,"comment_status":"open","ping_status":"open","sticky":false,"template":"","format":"standard","meta":{"om_disable_all_campaigns":false,"_uf_show_specific_survey":0,"_uf_disable_surveys":false,"footnotes":""},"categories":[4],"tags":[],"class_list":["post-11399","post","type-post","status-publish","format-standard","has-post-thumbnail","hentry","category-musica"],"_links":{"self":[{"href":"https:\/\/entrenotasyacordes.com\/index.php?rest_route=\/wp\/v2\/posts\/11399","targetHints":{"allow":["GET"]}}],"collection":[{"href":"https:\/\/entrenotasyacordes.com\/index.php?rest_route=\/wp\/v2\/posts"}],"about":[{"href":"https:\/\/entrenotasyacordes.com\/index.php?rest_route=\/wp\/v2\/types\/post"}],"author":[{"embeddable":true,"href":"https:\/\/entrenotasyacordes.com\/index.php?rest_route=\/wp\/v2\/users\/5"}],"replies":[{"embeddable":true,"href":"https:\/\/entrenotasyacordes.com\/index.php?rest_route=%2Fwp%2Fv2%2Fcomments&post=11399"}],"version-history":[{"count":1,"href":"https:\/\/entrenotasyacordes.com\/index.php?rest_route=\/wp\/v2\/posts\/11399\/revisions"}],"predecessor-version":[{"id":11401,"href":"https:\/\/entrenotasyacordes.com\/index.php?rest_route=\/wp\/v2\/posts\/11399\/revisions\/11401"}],"wp:featuredmedia":[{"embeddable":true,"href":"https:\/\/entrenotasyacordes.com\/index.php?rest_route=\/wp\/v2\/media\/11400"}],"wp:attachment":[{"href":"https:\/\/entrenotasyacordes.com\/index.php?rest_route=%2Fwp%2Fv2%2Fmedia&parent=11399"}],"wp:term":[{"taxonomy":"category","embeddable":true,"href":"https:\/\/entrenotasyacordes.com\/index.php?rest_route=%2Fwp%2Fv2%2Fcategories&post=11399"},{"taxonomy":"post_tag","embeddable":true,"href":"https:\/\/entrenotasyacordes.com\/index.php?rest_route=%2Fwp%2Fv2%2Ftags&post=11399"}],"curies":[{"name":"wp","href":"https:\/\/api.w.org\/{rel}","templated":true}]}}