{"id":11410,"date":"2024-09-12T22:42:03","date_gmt":"2024-09-12T22:42:03","guid":{"rendered":"https:\/\/entrenotasyacordes.com\/?p=11410"},"modified":"2024-09-12T22:42:05","modified_gmt":"2024-09-12T22:42:05","slug":"el-tio-valen-y-el-sindicato-presentan-su-nuevo-disco-%c2%a8los-mil-y-un-fogones%c2%a8en-el-c-c-konex","status":"publish","type":"post","link":"https:\/\/entrenotasyacordes.com\/?p=11410","title":{"rendered":"EL T\u00cdO VALEN Y EL SINDICATO PRESENTAN SU NUEVO DISCO \u00a8LOS MIL Y UN FOGONES\u00a8EN EL C.C.KONEX"},"content":{"rendered":"\n<!--more-->\n\n\n<div class=\"wp-block-image\">\n<figure class=\"aligncenter size-full is-resized\"><img loading=\"lazy\" decoding=\"async\" width=\"1555\" height=\"1929\" src=\"https:\/\/entrenotasyacordes.com\/wp-content\/uploads\/2024\/09\/1j-1.png\" alt=\"\" class=\"wp-image-11413\" style=\"width:607px;height:auto\" srcset=\"https:\/\/entrenotasyacordes.com\/wp-content\/uploads\/2024\/09\/1j-1.png 1555w, https:\/\/entrenotasyacordes.com\/wp-content\/uploads\/2024\/09\/1j-1-242x300.png 242w, https:\/\/entrenotasyacordes.com\/wp-content\/uploads\/2024\/09\/1j-1-825x1024.png 825w, https:\/\/entrenotasyacordes.com\/wp-content\/uploads\/2024\/09\/1j-1-768x953.png 768w, https:\/\/entrenotasyacordes.com\/wp-content\/uploads\/2024\/09\/1j-1-1238x1536.png 1238w, https:\/\/entrenotasyacordes.com\/wp-content\/uploads\/2024\/09\/1j-1-1024x1270.png 1024w\" sizes=\"auto, (max-width: 1555px) 100vw, 1555px\" \/><\/figure>\n<\/div>\n\n\n<p class=\"has-text-align-left\"><strong>T\u00edo Valen y el Sindicato de la Locura presentan oficialmente su disco \u00a8Los Mil y un Fogones\u00a8 en vivo el 7 de noviembre &#8211; 20hs &#8211; C.C.Konex (Sarmiento 3131).\u00a0<a href=\"https:\/\/entradas.cckonex.org\/event\/el-tio-valen?utm_source=perfit&amp;utm_medium=email\" target=\"_blank\" rel=\"noreferrer noopener\">Entradas a la venta<\/a><\/strong><\/p>\n\n\n\n<p class=\"has-text-align-left\">Los platenses que se destacan en cada presentaci\u00f3n en vivo, llegan por primera vez al Konex, con un en\u00e9rgico show donde combinan la m\u00fasica con diferentes puestas en escena, vestuario y luces para dejar anonadado a su p\u00fablico.<\/p>\n\n\n<div class=\"wp-block-image\">\n<figure class=\"aligncenter size-full is-resized\"><img loading=\"lazy\" decoding=\"async\" width=\"2048\" height=\"2560\" src=\"https:\/\/entrenotasyacordes.com\/wp-content\/uploads\/2024\/09\/1k-scaled.jpg\" alt=\"\" class=\"wp-image-11411\" style=\"width:607px;height:auto\" srcset=\"https:\/\/entrenotasyacordes.com\/wp-content\/uploads\/2024\/09\/1k-scaled.jpg 2048w, https:\/\/entrenotasyacordes.com\/wp-content\/uploads\/2024\/09\/1k-240x300.jpg 240w, https:\/\/entrenotasyacordes.com\/wp-content\/uploads\/2024\/09\/1k-819x1024.jpg 819w, https:\/\/entrenotasyacordes.com\/wp-content\/uploads\/2024\/09\/1k-768x960.jpg 768w, https:\/\/entrenotasyacordes.com\/wp-content\/uploads\/2024\/09\/1k-1229x1536.jpg 1229w, https:\/\/entrenotasyacordes.com\/wp-content\/uploads\/2024\/09\/1k-1639x2048.jpg 1639w, https:\/\/entrenotasyacordes.com\/wp-content\/uploads\/2024\/09\/1k-1024x1280.jpg 1024w\" sizes=\"auto, (max-width: 2048px) 100vw, 2048px\" \/><\/figure>\n<\/div>\n\n\n<p><strong>Acerca de El T\u00edo Valen<\/strong><\/p>\n\n\n\n<p>Valent\u00edn Macchi a.k.a. El T\u00edo Valen es un m\u00fasico platense. Desde muy chico forma parte de la escena musical, siendo integrante de algunos proyectos, principalmente \u00abEl Bondi\u00bb, donde adem\u00e1s de cantar supo ser el compositor principal. En paralelo, pero espor\u00e1dicamente, se presentaba ya bajo su nombre art\u00edstico, gracias a que ten\u00eda muchas canciones que no entraban en sus otros proyectos, quiz\u00e1s esas eran \u201clas canciones m\u00e1s bandidas, las m\u00e1s raras, las m\u00e1s inentendibles\u201d, como supo decir el propio artista, sin embargo esas fueron las composiciones que terminaron siendo el disparador para oficializar en 2020 su proyecto solista, con el lanzamiento de \u00abD\u00edas de tela\u00bb, su primer simple doble que contiene los temas: \u00abRosa china\u00bb y \u00abLas pel\u00edculas\u00bb.<\/p>\n\n\n\n<p>Previo a esto, varias canciones ya eran parte del d\u00eda a d\u00eda de algunas personas, que atesoraban como una reliquia audios de whatsapp mal grabados, casi an\u00f3nimos, pero muy sentidos. Esa espontaneidad y sentimiento de pertenencia es lo que hoy sigue identificando al proyecto.<\/p>\n\n\n\n<p>El 12 de junio de 2021 sali\u00f3 su primer disco, \u00abClapipuscuo\u00bb, entre barbijos y soledades, un \u00e1lbum que justamente acompa\u00f1\u00f3 ese sentimiento de encierro. Fueron muchas las personas que se conectaron con este material y a partir de all\u00ed se gener\u00f3 un p\u00fablico fiel y expectante a los movimientos de El T\u00edo Valen, quien mientras tanto, armaba su banda: El Sindicato de la Locura.<\/p>\n\n\n\n<p>En septiembre de 2021 realizaron su primera gira por la provincia de Buenos Aires presentando el disco y algunos temas in\u00e9ditos, que luego formar\u00edan parte de su segundo \u00e1lbum.\u00a0<\/p>\n\n\n\n<p>La gente comenz\u00f3 a conectar con el proyecto, se empez\u00f3 a correr la bola sobre la banda y sobre los temas que ten\u00edan algo diferente para ofrecer, El T\u00edo Valen ya no era solo una voz, sino que tambi\u00e9n era un personaje que se mov\u00eda por ah\u00ed, saltaba, corr\u00eda, y de ese modo se fue completando el concepto del grupo.<\/p>\n\n\n\n<p>En marzo de 2023 se edit\u00f3 \u00abApolog\u00eda a la locura\u00bb, su segundo disco, donde se plasma por primera vez el sonido de la banda en conjunto. El material est\u00e1 conformado por 10 temas muy distintos entre s\u00ed, y realizados con una forma muy l\u00fadica de encarar la m\u00fasica.\u00a0<\/p>\n\n\n\n<p>Con este lanzamiento, el proyecto creci\u00f3 a pasos agigantados, muchos medios de comunicaci\u00f3n nacionales se fijaron en la propuesta, incluso, varios temas empezaron a sonar en importantes radios y los recitales empezaron a ser m\u00e1s frecuentes y m\u00e1s convocantes, permiti\u00e9ndoles salir de Argentina y recorrer Sudam\u00e9rica.\u00a0<\/p>\n\n\n\n<p>Actualmente la banda se encuentra produciendo su tercer material discogr\u00e1fico, dentro de poco saldr\u00e1 a la luz. Un disco que cuenta con 15 canciones que fueron grabadas con los m\u00fasicos tocando en simult\u00e1neo, sin pistas ni metr\u00f3nomos, confiando en la naturaleza y simbiosis de la banda.&nbsp;<\/p>\n","protected":false},"excerpt":{"rendered":"","protected":false},"author":5,"featured_media":11412,"comment_status":"open","ping_status":"open","sticky":false,"template":"","format":"standard","meta":{"om_disable_all_campaigns":false,"_uf_show_specific_survey":0,"_uf_disable_surveys":false,"footnotes":""},"categories":[36],"tags":[],"class_list":["post-11410","post","type-post","status-publish","format-standard","has-post-thumbnail","hentry","category-conciertos"],"_links":{"self":[{"href":"https:\/\/entrenotasyacordes.com\/index.php?rest_route=\/wp\/v2\/posts\/11410","targetHints":{"allow":["GET"]}}],"collection":[{"href":"https:\/\/entrenotasyacordes.com\/index.php?rest_route=\/wp\/v2\/posts"}],"about":[{"href":"https:\/\/entrenotasyacordes.com\/index.php?rest_route=\/wp\/v2\/types\/post"}],"author":[{"embeddable":true,"href":"https:\/\/entrenotasyacordes.com\/index.php?rest_route=\/wp\/v2\/users\/5"}],"replies":[{"embeddable":true,"href":"https:\/\/entrenotasyacordes.com\/index.php?rest_route=%2Fwp%2Fv2%2Fcomments&post=11410"}],"version-history":[{"count":1,"href":"https:\/\/entrenotasyacordes.com\/index.php?rest_route=\/wp\/v2\/posts\/11410\/revisions"}],"predecessor-version":[{"id":11414,"href":"https:\/\/entrenotasyacordes.com\/index.php?rest_route=\/wp\/v2\/posts\/11410\/revisions\/11414"}],"wp:featuredmedia":[{"embeddable":true,"href":"https:\/\/entrenotasyacordes.com\/index.php?rest_route=\/wp\/v2\/media\/11412"}],"wp:attachment":[{"href":"https:\/\/entrenotasyacordes.com\/index.php?rest_route=%2Fwp%2Fv2%2Fmedia&parent=11410"}],"wp:term":[{"taxonomy":"category","embeddable":true,"href":"https:\/\/entrenotasyacordes.com\/index.php?rest_route=%2Fwp%2Fv2%2Fcategories&post=11410"},{"taxonomy":"post_tag","embeddable":true,"href":"https:\/\/entrenotasyacordes.com\/index.php?rest_route=%2Fwp%2Fv2%2Ftags&post=11410"}],"curies":[{"name":"wp","href":"https:\/\/api.w.org\/{rel}","templated":true}]}}