{"id":11415,"date":"2024-09-12T22:51:52","date_gmt":"2024-09-12T22:51:52","guid":{"rendered":"https:\/\/entrenotasyacordes.com\/?p=11415"},"modified":"2024-09-12T22:51:53","modified_gmt":"2024-09-12T22:51:53","slug":"more-con-flow-presenta-su-nuevo-single-bla-bla-una-cumbia-para-bailar-pero-tambien-para-reflexionar","status":"publish","type":"post","link":"https:\/\/entrenotasyacordes.com\/?p=11415","title":{"rendered":"MORE CON FLOW PRESENTA SU NUEVO SINGLE \u201cBLA BLA\u201d UNA CUMBIA PARA BAILAR PERO TAMBI\u00c9N PARA REFLEXIONAR"},"content":{"rendered":"\n<!--more-->\n\n\n\n<p class=\"has-text-align-center\"><em>More con Flow estrena su nuevo single titulado \u201cBla Bla\u201d, una canci\u00f3n de ritmo irresistible que incita a bailar pero tambi\u00e9n es un llamado de atenci\u00f3n para los haters que\u00a0suelen contaminar las redes sociales.<\/em><\/p>\n\n\n<div class=\"wp-block-image\">\n<figure class=\"aligncenter size-full is-resized\"><img loading=\"lazy\" decoding=\"async\" width=\"660\" height=\"660\" src=\"https:\/\/entrenotasyacordes.com\/wp-content\/uploads\/2024\/09\/1l.jpg\" alt=\"\" class=\"wp-image-11416\" style=\"width:584px;height:auto\" srcset=\"https:\/\/entrenotasyacordes.com\/wp-content\/uploads\/2024\/09\/1l.jpg 660w, https:\/\/entrenotasyacordes.com\/wp-content\/uploads\/2024\/09\/1l-300x300.jpg 300w, https:\/\/entrenotasyacordes.com\/wp-content\/uploads\/2024\/09\/1l-150x150.jpg 150w, https:\/\/entrenotasyacordes.com\/wp-content\/uploads\/2024\/09\/1l-50x50.jpg 50w\" sizes=\"auto, (max-width: 660px) 100vw, 660px\" \/><\/figure>\n<\/div>\n\n\n<p>Luego del \u00e9xito del emotivo single \u201cTe perdono\u201d, junto a El Villano, More vuelve a sorprendernos con una cumbia con influencias de los g\u00e9neros urbano y latino.<\/p>\n\n\n\n<p>A pesar de tener apenas 15 a\u00f1os, More con Flow es una artista madura, que compone y canta canciones con sentido profundo y reflexiones positivas, en las que siempre alienta al oyente a no renunciar a sus sue\u00f1os. \u201cBla Bla\u201d fue producido por Gustavo Lozano y mezclado por Edu Pereyra y Javier Fracchia.<\/p>\n\n\n\n<p>Con su talento y resiliencia More con Flow, es un ejemplo aut\u00e9ntico de superaci\u00f3n que encontr\u00f3 en la m\u00fasica el camino para expresarse y alcanzar sus sue\u00f1os. Ella comparte sus historias de adolescente, sobre crecer y encontrar la mejor versi\u00f3n de cada uno.<\/p>\n\n\n\n<figure class=\"wp-block-embed is-type-video is-provider-youtube wp-block-embed-youtube wp-embed-aspect-16-9 wp-has-aspect-ratio\"><div class=\"wp-block-embed__wrapper\">\n<div class=\"epyt-video-wrapper\"><iframe loading=\"lazy\"  id=\"_ytid_82921\"  width=\"640\" height=\"360\"  data-origwidth=\"640\" data-origheight=\"360\" src=\"https:\/\/www.youtube.com\/embed\/3-1-2aP-Fjk?enablejsapi=1&#038;autoplay=0&#038;cc_load_policy=0&#038;cc_lang_pref=&#038;iv_load_policy=1&#038;loop=0&#038;rel=1&#038;fs=1&#038;playsinline=0&#038;autohide=2&#038;theme=dark&#038;color=white&#038;controls=1&#038;\" class=\"__youtube_prefs__  epyt-is-override  no-lazyload\" data-vol=\"50\"  title=\"YouTube player\"  allow=\"fullscreen; accelerometer; autoplay; clipboard-write; encrypted-media; gyroscope; picture-in-picture; web-share\" referrerpolicy=\"strict-origin-when-cross-origin\" allowfullscreen data-no-lazy=\"1\" data-skipgform_ajax_framebjll=\"\"><\/iframe><\/div>\n<\/div><\/figure>\n\n\n\n<p><strong>Acerca de More con Flow:<\/strong><\/p>\n\n\n\n<p>Es una joven de 15 a\u00f1os oriunda de Rosario que inici\u00f3 su carrera en las redes sociales.<br>More con Flow es una artista muy especial, due\u00f1a de una versatilidad musical que le permite incursionar en estilos que van del reggaet\u00f3n al Hip Hop con total naturalidad. Ella compone canciones con un mensaje positivo que sorprende por su autenticidad, porque narra historias que le pertenecen, momentos de su vida en los que ha demostrado su enorme poder de resiliencia para eliminar obst\u00e1culos y no dejar ni por un segundo de perseguir sus sue\u00f1os. More con Flow es sin duda un ejemplo de superaci\u00f3n, una decidida actitud ante la vida que deber\u00eda servir de ejemplo para chicos y adultos. Pero adem\u00e1s de su historia personal, More es una artista, que a pesar de su corta edad escribe canciones y tiene historias para contar, esas con las que cualquier adolescente seguramente se identificar\u00e1.<\/p>\n","protected":false},"excerpt":{"rendered":"","protected":false},"author":5,"featured_media":11416,"comment_status":"open","ping_status":"open","sticky":false,"template":"","format":"standard","meta":{"om_disable_all_campaigns":false,"_uf_show_specific_survey":0,"_uf_disable_surveys":false,"footnotes":""},"categories":[4],"tags":[],"class_list":["post-11415","post","type-post","status-publish","format-standard","has-post-thumbnail","hentry","category-musica"],"_links":{"self":[{"href":"https:\/\/entrenotasyacordes.com\/index.php?rest_route=\/wp\/v2\/posts\/11415","targetHints":{"allow":["GET"]}}],"collection":[{"href":"https:\/\/entrenotasyacordes.com\/index.php?rest_route=\/wp\/v2\/posts"}],"about":[{"href":"https:\/\/entrenotasyacordes.com\/index.php?rest_route=\/wp\/v2\/types\/post"}],"author":[{"embeddable":true,"href":"https:\/\/entrenotasyacordes.com\/index.php?rest_route=\/wp\/v2\/users\/5"}],"replies":[{"embeddable":true,"href":"https:\/\/entrenotasyacordes.com\/index.php?rest_route=%2Fwp%2Fv2%2Fcomments&post=11415"}],"version-history":[{"count":1,"href":"https:\/\/entrenotasyacordes.com\/index.php?rest_route=\/wp\/v2\/posts\/11415\/revisions"}],"predecessor-version":[{"id":11417,"href":"https:\/\/entrenotasyacordes.com\/index.php?rest_route=\/wp\/v2\/posts\/11415\/revisions\/11417"}],"wp:featuredmedia":[{"embeddable":true,"href":"https:\/\/entrenotasyacordes.com\/index.php?rest_route=\/wp\/v2\/media\/11416"}],"wp:attachment":[{"href":"https:\/\/entrenotasyacordes.com\/index.php?rest_route=%2Fwp%2Fv2%2Fmedia&parent=11415"}],"wp:term":[{"taxonomy":"category","embeddable":true,"href":"https:\/\/entrenotasyacordes.com\/index.php?rest_route=%2Fwp%2Fv2%2Fcategories&post=11415"},{"taxonomy":"post_tag","embeddable":true,"href":"https:\/\/entrenotasyacordes.com\/index.php?rest_route=%2Fwp%2Fv2%2Ftags&post=11415"}],"curies":[{"name":"wp","href":"https:\/\/api.w.org\/{rel}","templated":true}]}}