{"id":11419,"date":"2024-09-13T15:09:52","date_gmt":"2024-09-13T15:09:52","guid":{"rendered":"https:\/\/entrenotasyacordes.com\/?p=11419"},"modified":"2024-09-13T15:09:54","modified_gmt":"2024-09-13T15:09:54","slug":"joss-stone-accion-solidaria-y-opening","status":"publish","type":"post","link":"https:\/\/entrenotasyacordes.com\/?p=11419","title":{"rendered":"JOSS STONE &#8211; ACCION SOLIDARIA Y OPENING!"},"content":{"rendered":"\n<!--more-->\n\n\n\n<p>Tras anunciar su tan esperado regreso a la Argentina el 17 de septiembre en el Movistar Arena y lanzar su nuevo single \u00abLoving You\u00bb, la reina del soul ha confirmado a Mar Marzo como la artista encargada de abrir su show.<br><br>Adem\u00e1s, la \u00a8Joss Stone Foundation\u00a8, en colaboraci\u00f3n con la \u00a8Fundacion Sumando Manos\u00a8, invita al p\u00fablico a participar en una acci\u00f3n solidaria donando alimentos no perecederos antes del show. Entre quienes donen, se sortear\u00e1n 2 ganadores que tendr\u00e1n la oportunidad de disfrutar el concierto desde la primera fila y conocer en persona a Joss Stone.<\/p>\n\n\n<div class=\"wp-block-image\">\n<figure class=\"aligncenter size-full\"><img loading=\"lazy\" decoding=\"async\" width=\"1080\" height=\"1080\" src=\"https:\/\/entrenotasyacordes.com\/wp-content\/uploads\/2024\/08\/2p.png\" alt=\"\" class=\"wp-image-10355\" srcset=\"https:\/\/entrenotasyacordes.com\/wp-content\/uploads\/2024\/08\/2p.png 1080w, https:\/\/entrenotasyacordes.com\/wp-content\/uploads\/2024\/08\/2p-300x300.png 300w, https:\/\/entrenotasyacordes.com\/wp-content\/uploads\/2024\/08\/2p-1024x1024.png 1024w, https:\/\/entrenotasyacordes.com\/wp-content\/uploads\/2024\/08\/2p-150x150.png 150w, https:\/\/entrenotasyacordes.com\/wp-content\/uploads\/2024\/08\/2p-768x768.png 768w, https:\/\/entrenotasyacordes.com\/wp-content\/uploads\/2024\/08\/2p-50x50.png 50w\" sizes=\"auto, (max-width: 1080px) 100vw, 1080px\" \/><\/figure>\n<\/div>\n\n\n<p class=\"has-text-align-center\"><strong>3 CUOTAS SIN INTER\u00c9S PARA CLIENTES BBVA CON TARJETAS DE CR\u00c9DITO VISA Y MASTERCARD EN TODAS LAS FASES DE VENTA.<\/strong>&nbsp;<\/p>\n\n\n\n<p class=\"has-text-align-center\"><strong>ENTRADAS DISPONIBLES \u00daNICAMENTE A TRAV\u00c9S DE<\/strong> <strong><a href=\"https:\/\/www.movistararena.com.ar\/show\/b2ab3843-1938-4637-921a-ac130b019a44?gad_source=1&amp;gclid=Cj0KCQjw5ea1BhC6ARIsAEOG5pwghlD3mzM7bgY5D4-wvkchMoUjByVmQq6zt86fExr3otzRONRN44caAjHjEALw_wcB\" target=\"_blank\" rel=\"noreferrer noopener\">www.movistararena.com.ar<\/a><\/strong><\/p>\n\n\n\n<p class=\"has-text-align-left\">Si vas al show de Joss Stone, ingresando con tu entrada, podr\u00e1s donar un alimento no perecedero para la Fundaci\u00f3n \u00a8Sumando Manos Foundation\u00a8 Adem\u00e1s, con tu donaci\u00f3n, participar\u00e1s por la oportunidad de ver el show desde la fila 1 vos y tu acompa\u00f1ante. Entre todos los que colaboren, se sortear\u00e1 un acceso al meet &amp; greet con Joss Stone y 2 tickets en primera fila. Todo lo recolectado ser\u00e1 donado a escuelas rurales de Chaco, Misiones, Santiago del Estero, Salta, Jujuy y Catamarca. <strong>De que se trata la Fundaci\u00f3n \u00a8Sumando Manos\u00a8.<\/strong><\/p>\n\n\n\n<p>Es una asociaci\u00f3n sin fines de lucro, fundada en 2005, con el objetivo de brindar ayuda a miles de ni\u00f1os que lo necesitan, al tiempo que invita a quienes deseen sumarse a esta causa. Su misi\u00f3n es mejorar gradualmente la calidad de vida de los ni\u00f1os mediante la creaci\u00f3n de un v\u00ednculo de confianza a largo plazo con los responsables de las escuelas, hogares y comunidades que apoya. Asimismo, busca establecer una relaci\u00f3n s\u00f3lida y constante con sus donantes.<\/p>\n\n\n\n<p>Para alcanzar el bienestar de miles de ni\u00f1os, la organizaci\u00f3n se enfoca en proveer:<\/p>\n\n\n\n<p>&#8211; Complementos nutricionales.<br>&#8211; Asistencia m\u00e9dica y dental.<br>&#8211; Educaci\u00f3n sanitaria preventiva para promover mejores h\u00e1bitos de higiene y alimentaci\u00f3n.<br>&#8211; Apoyo general, que incluye mejoras en infraestructura, donaciones de materiales educativos, ropa y calzado.<br>&#8211; Seguimiento en comunidades con ni\u00f1os en situaciones de desnutrici\u00f3n cr\u00edtica.<\/p>\n\n\n\n<p class=\"has-text-align-left\">Trabajan cada d\u00eda para generar un impacto real y sostenible en la vida de los m\u00e1s peque\u00f1os, confiando en la fuerza de la colaboraci\u00f3n y la solidaridad.<\/p>\n\n\n<div class=\"wp-block-image\">\n<figure class=\"aligncenter size-full is-resized\"><img loading=\"lazy\" decoding=\"async\" width=\"1346\" height=\"1338\" src=\"https:\/\/entrenotasyacordes.com\/wp-content\/uploads\/2024\/09\/1n.png\" alt=\"\" class=\"wp-image-11420\" style=\"width:607px;height:auto\" srcset=\"https:\/\/entrenotasyacordes.com\/wp-content\/uploads\/2024\/09\/1n.png 1346w, https:\/\/entrenotasyacordes.com\/wp-content\/uploads\/2024\/09\/1n-300x298.png 300w, https:\/\/entrenotasyacordes.com\/wp-content\/uploads\/2024\/09\/1n-1024x1018.png 1024w, https:\/\/entrenotasyacordes.com\/wp-content\/uploads\/2024\/09\/1n-150x150.png 150w, https:\/\/entrenotasyacordes.com\/wp-content\/uploads\/2024\/09\/1n-768x763.png 768w, https:\/\/entrenotasyacordes.com\/wp-content\/uploads\/2024\/09\/1n-50x50.png 50w\" sizes=\"auto, (max-width: 1346px) 100vw, 1346px\" \/><\/figure>\n<\/div>\n\n\n<p><strong>Acerca de Mar Marzo<br>Mar Marzo<\/strong>\u00a0tiene 26 a\u00f1os , creci\u00f3 en Saavedra un barrio tranquilo, de Buenos aires, Siempre vio el mundo a trav\u00e9s de la m\u00fasica y a los 12 a\u00f1os comenz\u00f3 el secundario, en el colegio Esnaola, una escuela\u00a0 que a la tarde es un conservatorio de m\u00fasica . All\u00ed comenz\u00f3 sus estudios de piano, desde entonces que compone<br><br><strong>Mar Marzo<\/strong>\u00a0sorprende con la sabidur\u00eda que habita en su voz en contraste con una corta edad. Ganadora de un concurso de nuevos talentos en la tv p\u00fablica, elegida por Lito Vitale, en el a\u00f1o 2023\u00a0 lanz\u00f3 su disco Pulsi\u00f3n present\u00e1ndose por primera vez en Caf\u00e9 Berl\u00edn.<\/p>\n\n\n<div class=\"wp-block-image\">\n<figure class=\"aligncenter size-full is-resized\"><img loading=\"lazy\" decoding=\"async\" width=\"810\" height=\"806\" src=\"https:\/\/entrenotasyacordes.com\/wp-content\/uploads\/2024\/08\/2o.png\" alt=\"\" class=\"wp-image-10354\" style=\"width:607px;height:auto\" srcset=\"https:\/\/entrenotasyacordes.com\/wp-content\/uploads\/2024\/08\/2o.png 810w, https:\/\/entrenotasyacordes.com\/wp-content\/uploads\/2024\/08\/2o-300x300.png 300w, https:\/\/entrenotasyacordes.com\/wp-content\/uploads\/2024\/08\/2o-150x150.png 150w, https:\/\/entrenotasyacordes.com\/wp-content\/uploads\/2024\/08\/2o-768x764.png 768w, https:\/\/entrenotasyacordes.com\/wp-content\/uploads\/2024\/08\/2o-50x50.png 50w\" sizes=\"auto, (max-width: 810px) 100vw, 810px\" \/><\/figure>\n<\/div>\n\n\n<p><strong>Joss Stone,<\/strong>\u00a0la sensaci\u00f3n del soul ganadora de un Grammy, lanz\u00f3 su nuevo single,\u00a0<strong>\u00abLoving You\u00bb<\/strong>, una canci\u00f3n original co-escrita por Stone primer single en 2 a\u00f1os y ya est\u00e1 disponible en todo el mundo a trav\u00e9s de Stoned Records.<\/p>\n\n\n\n<p><strong>\u00abLoving You\u00bb<\/strong>\u00a0muestra el caracter\u00edstico sonido soul de Joss Stone, combinando ricas melod\u00edas y sentidas letras en un relajado ambiente veraniego que captura la encantadora esencia del enamoramiento. Este \u00faltimo trabajo es un testimonio de la capacidad de Stone para crear canciones que resuenan profundamente con su p\u00fablico, recurriendo a su habilidad vocal \u00fanica y a su emotiva narrativa.<br><br><strong>\u00abLoving You\u00bb<\/strong>\u00a0captura las encantadoras primeras etapas del romance, cuando el mundo parece desvanecerse y las noches se convierten en ma\u00f1anas llenas de dulces susurros y tiernos momentos. Es una canci\u00f3n que sin duda resonar\u00e1 en todos los que se hayan enamorado alguna vez.<br><br>Stone reflexiona sobre la inspiraci\u00f3n de\u00a0<strong>\u00abLoving You\u00bb<\/strong>: \u00abFue una canci\u00f3n que escrib\u00ed cuando [mi marido] Cody y yo acab\u00e1bamos de empezar a salir. Pensaba que nuestras noches alrededor del fuego eran m\u00e1gicas y quer\u00eda escribir una canci\u00f3n sobre esas veladas tan agradables que pueden alargarse hasta el d\u00eda siguiente sin que nadie se d\u00e9 cuenta. Yo soy noct\u00e1mbula por naturaleza y \u00e9l es madrugador, as\u00ed que a menudo intento convencerle de que se quede despierto conmigo hasta altas horas de la madrugada. La canci\u00f3n habla de inventar cosas que decirle para que se quede. Lo gracioso es que Cody se qued\u00f3, \u00a1simplemente se durmi\u00f3! As\u00ed que me fui arriba y escrib\u00ed esta canci\u00f3n\u00bb. Stone dice: \u00abHay algo realmente m\u00e1gico en esos primeros d\u00edas de enamoramiento. Quer\u00eda capturar ese sentimiento en el que cada palabra y cada mirada est\u00e1n llenas de dulzura\u00bb.<br><br>Este single ofrece a los fans la oportunidad de escuchar un tema totalmente nuevo de Stone mientras esperan el pr\u00f3ximo \u00e1lbum de estudio de la cantante, que saldr\u00e1 a la venta el a\u00f1o que viene.<br><br><strong>\u00abLoving You\u00bb<\/strong>\u00a0podr\u00e1 escucharse en streaming y descargarse en las principales plataformas musicales. Los fans pueden estar al d\u00eda de las \u00faltimas noticias y lanzamientos de Joss Stone visitando su p\u00e1gina web oficial y sigui\u00e9ndola en las redes sociales.<\/p>\n\n\n<div class=\"wp-block-image\">\n<figure class=\"aligncenter size-full is-resized\"><img loading=\"lazy\" decoding=\"async\" width=\"906\" height=\"1230\" src=\"https:\/\/entrenotasyacordes.com\/wp-content\/uploads\/2024\/08\/2q.png\" alt=\"\" class=\"wp-image-10356\" style=\"width:607px;height:auto\" srcset=\"https:\/\/entrenotasyacordes.com\/wp-content\/uploads\/2024\/08\/2q.png 906w, https:\/\/entrenotasyacordes.com\/wp-content\/uploads\/2024\/08\/2q-221x300.png 221w, https:\/\/entrenotasyacordes.com\/wp-content\/uploads\/2024\/08\/2q-754x1024.png 754w, https:\/\/entrenotasyacordes.com\/wp-content\/uploads\/2024\/08\/2q-768x1043.png 768w\" sizes=\"auto, (max-width: 906px) 100vw, 906px\" \/><\/figure>\n<\/div>\n\n\n<p><strong>JOSS STONE BIO<\/strong><\/p>\n\n\n\n<p><strong>Joss Stone&nbsp;<\/strong>es una artista ganadora de los premios Grammy y Brit que public\u00f3 su aclamado \u00e1lbum de debut, The Soul Sessions, en 2003, a la edad de 16 a\u00f1os. Ha publicado nueve \u00e1lbumes de estudio que han vendido m\u00e1s de 15 millones de copias en todo el mundo.<\/p>\n\n\n\n<p>Ha actuado y colaborado con artistas legendarios como James Brown, Burt Bacharach, Stevie Wonder, Gladys Knight, Sting, Van Morrison, Melissa Etheridge, Jeff Beck, Mick Jagger y Damien Marley, y ha conseguido m\u00e1s de mil millones de streams s\u00f3lo en Estados Unidos.<br><br>En 2014 complet\u00f3 su audaz gira Total World Tour, en la que actu\u00f3 y colabor\u00f3 con artistas locales y organizaciones ben\u00e9ficas en m\u00e1s de 200 pa\u00edses. En 2022 public\u00f3 su aclamado octavo \u00e1lbum de estudio \u00abNever Forget My Love\u00bb, escrito y producido por Dave Stewart, de Eurythmics, con quien tambi\u00e9n coescribi\u00f3 la m\u00fasica y las letras del musical del West End The Time Traveller&#8217;s Wife. Actualmente est\u00e1 trabajando en un nuevo \u00e1lbum de estudio que saldr\u00e1 a la venta en 2025 y se presenta en la Argentina el 17 de Septiembre en el Movistar Arena.&nbsp;<\/p>\n","protected":false},"excerpt":{"rendered":"","protected":false},"author":5,"featured_media":10354,"comment_status":"open","ping_status":"open","sticky":false,"template":"","format":"standard","meta":{"om_disable_all_campaigns":false,"_uf_show_specific_survey":0,"_uf_disable_surveys":false,"footnotes":""},"categories":[4],"tags":[],"class_list":["post-11419","post","type-post","status-publish","format-standard","has-post-thumbnail","hentry","category-musica"],"_links":{"self":[{"href":"https:\/\/entrenotasyacordes.com\/index.php?rest_route=\/wp\/v2\/posts\/11419","targetHints":{"allow":["GET"]}}],"collection":[{"href":"https:\/\/entrenotasyacordes.com\/index.php?rest_route=\/wp\/v2\/posts"}],"about":[{"href":"https:\/\/entrenotasyacordes.com\/index.php?rest_route=\/wp\/v2\/types\/post"}],"author":[{"embeddable":true,"href":"https:\/\/entrenotasyacordes.com\/index.php?rest_route=\/wp\/v2\/users\/5"}],"replies":[{"embeddable":true,"href":"https:\/\/entrenotasyacordes.com\/index.php?rest_route=%2Fwp%2Fv2%2Fcomments&post=11419"}],"version-history":[{"count":1,"href":"https:\/\/entrenotasyacordes.com\/index.php?rest_route=\/wp\/v2\/posts\/11419\/revisions"}],"predecessor-version":[{"id":11421,"href":"https:\/\/entrenotasyacordes.com\/index.php?rest_route=\/wp\/v2\/posts\/11419\/revisions\/11421"}],"wp:featuredmedia":[{"embeddable":true,"href":"https:\/\/entrenotasyacordes.com\/index.php?rest_route=\/wp\/v2\/media\/10354"}],"wp:attachment":[{"href":"https:\/\/entrenotasyacordes.com\/index.php?rest_route=%2Fwp%2Fv2%2Fmedia&parent=11419"}],"wp:term":[{"taxonomy":"category","embeddable":true,"href":"https:\/\/entrenotasyacordes.com\/index.php?rest_route=%2Fwp%2Fv2%2Fcategories&post=11419"},{"taxonomy":"post_tag","embeddable":true,"href":"https:\/\/entrenotasyacordes.com\/index.php?rest_route=%2Fwp%2Fv2%2Ftags&post=11419"}],"curies":[{"name":"wp","href":"https:\/\/api.w.org\/{rel}","templated":true}]}}