{"id":11437,"date":"2024-09-13T15:45:02","date_gmt":"2024-09-13T15:45:02","guid":{"rendered":"https:\/\/entrenotasyacordes.com\/?p=11437"},"modified":"2024-09-13T15:45:04","modified_gmt":"2024-09-13T15:45:04","slug":"jero-jones-presenta-cronicas-primer-single-de-su-primer-disco-larga-duracion","status":"publish","type":"post","link":"https:\/\/entrenotasyacordes.com\/?p=11437","title":{"rendered":"JERO JONES PRESENTA \u00abCR\u00d3NICAS\u00bb PRIMER SINGLE DE SU PRIMER DISCO LARGA DURACI\u00d3N."},"content":{"rendered":"\n<!--more-->\n\n\n\n<p class=\"has-text-align-left\"><strong>El artista oriundo de Quilmes nos mete en el universo musical de su nuevo disco con \u00abCr\u00f3nicas\u00bb, una canci\u00f3n de rock con ra\u00edces en la electr\u00f3nica y el\u00a0<em>neo disco<\/em>.<\/strong><\/p>\n\n\n<div class=\"wp-block-image\">\n<figure class=\"aligncenter size-full is-resized\"><img loading=\"lazy\" decoding=\"async\" width=\"1400\" height=\"1400\" src=\"https:\/\/entrenotasyacordes.com\/wp-content\/uploads\/2024\/09\/1x.jpg\" alt=\"\" class=\"wp-image-11438\" style=\"width:607px;height:auto\" srcset=\"https:\/\/entrenotasyacordes.com\/wp-content\/uploads\/2024\/09\/1x.jpg 1400w, https:\/\/entrenotasyacordes.com\/wp-content\/uploads\/2024\/09\/1x-300x300.jpg 300w, https:\/\/entrenotasyacordes.com\/wp-content\/uploads\/2024\/09\/1x-1024x1024.jpg 1024w, https:\/\/entrenotasyacordes.com\/wp-content\/uploads\/2024\/09\/1x-150x150.jpg 150w, https:\/\/entrenotasyacordes.com\/wp-content\/uploads\/2024\/09\/1x-768x768.jpg 768w, https:\/\/entrenotasyacordes.com\/wp-content\/uploads\/2024\/09\/1x-50x50.jpg 50w\" sizes=\"auto, (max-width: 1400px) 100vw, 1400px\" \/><\/figure>\n<\/div>\n\n\n<p class=\"has-text-align-left\"><strong>Jero Jones<\/strong>&nbsp;es una toma de estilos. Revive&nbsp;<strong>elementos de la<em>&nbsp;new wave<\/em><\/strong>, de la nueva ola del&nbsp;<strong><em>Indie sleaze&nbsp;<\/em><\/strong>y el<strong>&nbsp;rock<\/strong>&nbsp;en su sentido m\u00e1s puro. Juega con ritmos punzantes, letras sat\u00edricas y emotivas, y sintetizadores fren\u00e9ticos.<\/p>\n\n\n\n<p><strong>En septiembre lanza el single \u201cCr\u00f3nicas\u201d<\/strong>, como adelanto de su disco debut.<br><strong>Una canci\u00f3n de rock con ra\u00edces de la electr\u00f3nica y el&nbsp;<em>neo disco<\/em>&nbsp;<\/strong>que habla de la monoton\u00eda y el estado de confort en una canci\u00f3n que no deja de cambiar constantemente.<\/p>\n\n\n\n<p>Con este primer sencillo&nbsp;<strong>el artista nos introduce al nuevo sonido<\/strong>&nbsp;de lo que ser\u00e1 su primer \u00e1lbum de estudio, que cuenta con<strong>&nbsp;influencias de LCD soundsystem, CSS, The Rapture, Underworld,<\/strong>&nbsp;entre otros.<br>En \u00ab<strong>Cr\u00f3nicas<\/strong>\u00ab, Jero busca&nbsp;<strong>elementos m\u00e1s industriales de la electr\u00f3nica<\/strong>, pero a su vez&nbsp;<strong>encuentra algo m\u00e1s pop de lo que ven\u00eda trabajando en materiales previos.<br><br>\u00abCr\u00f3nicas\u00bb&nbsp;<\/strong>cuenta con la producci\u00f3n de J<strong>ero Jones y Ezequiel Mutti<\/strong>, master por&nbsp;<strong>Facundo Jara.&nbsp;<\/strong>Grabado en<strong>&nbsp;Estudio M<\/strong>&nbsp;con producci\u00f3n y mezcla de&nbsp;<strong>Ezequil Mutti<\/strong>. Tanto el video como el arte de tapa y fotos estuvieron a cargo de&nbsp;<strong>Chiara Girimonti.<\/strong><\/p>\n\n\n\n<p class=\"has-text-align-left\"><strong>El primer disco larga duraci\u00f3n de Jero Jones se titula \u201cCircuito\u201d y ver\u00e1 la luz a principios del a\u00f1o 2025.<\/strong><\/p>\n\n\n\n<figure class=\"wp-block-embed is-type-video is-provider-youtube wp-block-embed-youtube wp-embed-aspect-16-9 wp-has-aspect-ratio\"><div class=\"wp-block-embed__wrapper\">\n<div class=\"epyt-video-wrapper\"><iframe loading=\"lazy\"  id=\"_ytid_81756\"  width=\"640\" height=\"360\"  data-origwidth=\"640\" data-origheight=\"360\" src=\"https:\/\/www.youtube.com\/embed\/b_BNC80as8Y?enablejsapi=1&#038;autoplay=0&#038;cc_load_policy=0&#038;cc_lang_pref=&#038;iv_load_policy=1&#038;loop=0&#038;rel=1&#038;fs=1&#038;playsinline=0&#038;autohide=2&#038;theme=dark&#038;color=white&#038;controls=1&#038;\" class=\"__youtube_prefs__  epyt-is-override  no-lazyload\" data-vol=\"50\"  title=\"YouTube player\"  allow=\"fullscreen; accelerometer; autoplay; clipboard-write; encrypted-media; gyroscope; picture-in-picture; web-share\" referrerpolicy=\"strict-origin-when-cross-origin\" allowfullscreen data-no-lazy=\"1\" data-skipgform_ajax_framebjll=\"\"><\/iframe><\/div>\n<\/div><\/figure>\n\n\n\n<p class=\"has-text-align-left\">+&nbsp;<strong>DE JERO JONES&nbsp;<br><\/strong><br><strong>Jero Jones<\/strong>&nbsp;es un artista solista que comenz\u00f3 con su proyecto musical en el a\u00f1o 2022,&nbsp;<strong>buceando en un sonido vivo, nost\u00e1lgico y nuevo, y fuertemente influenciado por el rock alternativo y el&nbsp;<em>new wave.&nbsp;<\/em><\/strong><\/p>\n\n\n\n<p>Recorri\u00f3 distintos escenarios alrededor de CABA y zona sur, tocando en lugares como&nbsp;<strong>Makena, Lucille, Complejo Art Media, El emergente, Pura Vida<\/strong>,&nbsp;<strong>La Tangente<\/strong>, entre otros.&nbsp;&nbsp;<\/p>\n\n\n\n<p class=\"has-text-align-left\">Oriundo de Quilmes, Buenos Aires, Jero\u00a0<strong>public\u00f3 su primer material a principios de abril del 2022: \u201cHollywood Est\u00e1 Lejos de Casa\u201d<\/strong>, que cuenta con la producci\u00f3n del m\u00edtico productor\u00a0<strong>Nelson Pombal<\/strong>, y la participaci\u00f3n exclusiva en la percusi\u00f3n de\u00a0<strong>Fernando Samalea<\/strong>. El mencionado EP es un veloz y s\u00f3lido comienzo para el artista, que utiliza los elementos que lo nutrieron en sus primeras composiciones como el rock nacional, combinado con ingredientes de la m\u00fasica funk y pop.<\/p>\n\n\n\n<p class=\"has-text-align-left\">En su segundo trabajo, \u00ab<strong>Transferencia<\/strong>\u00bb (2023) el solista&nbsp;<strong>se empecina con la idea de cambiar radicalmente su estilo est\u00e9tico y sonoro<\/strong>, con el af\u00e1n de encontrar nuevos horizontes para su propuesta art\u00edstica. As\u00ed,&nbsp;<strong>logr\u00f3 captar en cinco canciones lo m\u00e1s org\u00e1nico del post punk, el&nbsp;<em>new wave<\/em>&nbsp;y el rock alternativo<\/strong>&nbsp;para combinarlo con una gran pizca de modernidad.<\/p>\n\n\n\n<p class=\"has-text-align-left\">Actualmente sigue activo, finalizando el material que formar\u00e1 parte de su pr\u00f3ximo disco,\u00a0desde la usina creativa ubicada en la ciudad de Quilmes.<\/p>\n\n\n<div class=\"wp-block-image\">\n<figure class=\"aligncenter size-full is-resized\"><img loading=\"lazy\" decoding=\"async\" width=\"1400\" height=\"933\" src=\"https:\/\/entrenotasyacordes.com\/wp-content\/uploads\/2024\/09\/1y.jpg\" alt=\"\" class=\"wp-image-11439\" style=\"width:607px;height:auto\" srcset=\"https:\/\/entrenotasyacordes.com\/wp-content\/uploads\/2024\/09\/1y.jpg 1400w, https:\/\/entrenotasyacordes.com\/wp-content\/uploads\/2024\/09\/1y-300x200.jpg 300w, https:\/\/entrenotasyacordes.com\/wp-content\/uploads\/2024\/09\/1y-1024x682.jpg 1024w, https:\/\/entrenotasyacordes.com\/wp-content\/uploads\/2024\/09\/1y-768x512.jpg 768w\" sizes=\"auto, (max-width: 1400px) 100vw, 1400px\" \/><\/figure>\n<\/div>","protected":false},"excerpt":{"rendered":"","protected":false},"author":5,"featured_media":11438,"comment_status":"open","ping_status":"open","sticky":false,"template":"","format":"standard","meta":{"om_disable_all_campaigns":false,"_uf_show_specific_survey":0,"_uf_disable_surveys":false,"footnotes":""},"categories":[4],"tags":[],"class_list":["post-11437","post","type-post","status-publish","format-standard","has-post-thumbnail","hentry","category-musica"],"_links":{"self":[{"href":"https:\/\/entrenotasyacordes.com\/index.php?rest_route=\/wp\/v2\/posts\/11437","targetHints":{"allow":["GET"]}}],"collection":[{"href":"https:\/\/entrenotasyacordes.com\/index.php?rest_route=\/wp\/v2\/posts"}],"about":[{"href":"https:\/\/entrenotasyacordes.com\/index.php?rest_route=\/wp\/v2\/types\/post"}],"author":[{"embeddable":true,"href":"https:\/\/entrenotasyacordes.com\/index.php?rest_route=\/wp\/v2\/users\/5"}],"replies":[{"embeddable":true,"href":"https:\/\/entrenotasyacordes.com\/index.php?rest_route=%2Fwp%2Fv2%2Fcomments&post=11437"}],"version-history":[{"count":1,"href":"https:\/\/entrenotasyacordes.com\/index.php?rest_route=\/wp\/v2\/posts\/11437\/revisions"}],"predecessor-version":[{"id":11440,"href":"https:\/\/entrenotasyacordes.com\/index.php?rest_route=\/wp\/v2\/posts\/11437\/revisions\/11440"}],"wp:featuredmedia":[{"embeddable":true,"href":"https:\/\/entrenotasyacordes.com\/index.php?rest_route=\/wp\/v2\/media\/11438"}],"wp:attachment":[{"href":"https:\/\/entrenotasyacordes.com\/index.php?rest_route=%2Fwp%2Fv2%2Fmedia&parent=11437"}],"wp:term":[{"taxonomy":"category","embeddable":true,"href":"https:\/\/entrenotasyacordes.com\/index.php?rest_route=%2Fwp%2Fv2%2Fcategories&post=11437"},{"taxonomy":"post_tag","embeddable":true,"href":"https:\/\/entrenotasyacordes.com\/index.php?rest_route=%2Fwp%2Fv2%2Ftags&post=11437"}],"curies":[{"name":"wp","href":"https:\/\/api.w.org\/{rel}","templated":true}]}}