{"id":11441,"date":"2024-09-13T15:48:56","date_gmt":"2024-09-13T15:48:56","guid":{"rendered":"https:\/\/entrenotasyacordes.com\/?p=11441"},"modified":"2024-09-13T15:48:58","modified_gmt":"2024-09-13T15:48:58","slug":"maria-becerra-lanza-agora","status":"publish","type":"post","link":"https:\/\/entrenotasyacordes.com\/?p=11441","title":{"rendered":"MARIA BECERRA LANZA \u201cAGORA\u201d"},"content":{"rendered":"\n<!--more-->\n\n\n<div class=\"wp-block-image\">\n<figure class=\"aligncenter size-full is-resized\"><img loading=\"lazy\" decoding=\"async\" width=\"2560\" height=\"2560\" src=\"https:\/\/entrenotasyacordes.com\/wp-content\/uploads\/2024\/09\/1z-1-scaled.jpg\" alt=\"\" class=\"wp-image-11443\" style=\"width:607px;height:auto\" srcset=\"https:\/\/entrenotasyacordes.com\/wp-content\/uploads\/2024\/09\/1z-1-scaled.jpg 2560w, https:\/\/entrenotasyacordes.com\/wp-content\/uploads\/2024\/09\/1z-1-300x300.jpg 300w, https:\/\/entrenotasyacordes.com\/wp-content\/uploads\/2024\/09\/1z-1-1024x1024.jpg 1024w, https:\/\/entrenotasyacordes.com\/wp-content\/uploads\/2024\/09\/1z-1-150x150.jpg 150w, https:\/\/entrenotasyacordes.com\/wp-content\/uploads\/2024\/09\/1z-1-768x768.jpg 768w, https:\/\/entrenotasyacordes.com\/wp-content\/uploads\/2024\/09\/1z-1-1536x1536.jpg 1536w, https:\/\/entrenotasyacordes.com\/wp-content\/uploads\/2024\/09\/1z-1-2048x2048.jpg 2048w, https:\/\/entrenotasyacordes.com\/wp-content\/uploads\/2024\/09\/1z-1-50x50.jpg 50w\" sizes=\"auto, (max-width: 2560px) 100vw, 2560px\" \/><\/figure>\n<\/div>\n\n\n<p class=\"has-text-align-left\">La espera termin\u00f3: Maria Becerra presenta\u00a0<strong>\u00abAgora\u00bb<\/strong>, uno de los lanzamientos m\u00e1s esperados\u00a0<strong>por los fans de la artista<\/strong>. El single fue anticipado en diciembre de 2022 durante un stream que hac\u00eda Maria junto a su productor\u00a0<strong>Xross<\/strong>\u00a0donde cant\u00f3 el estribillo,\u00a0<strong>y desde entonces se han subido m\u00e1s de 200.000 videos en Tiktok e Instagram con el estribillo de la canci\u00f3n.<\/strong><\/p>\n\n\n\n<p class=\"has-text-align-left\">Con una l\u00edrica que entrelaza el espa\u00f1ol, el portugu\u00e9s y algo de ingl\u00e9s, \u00abAgora\u00bb es una balada con reminiscencias de la bossa nova, que habla de amores, dolores, y las ganas de volver a querer. \u00a0\u201c<em>Agora naci\u00f3 de un juego con Maria. Est\u00e1bamos cantando en portu\u00f1ol solo para divertirnos un rato. Agarr\u00e9 todos los instrumentos (bajo, guitarra, drums, keys y sintetizador) y arm\u00e9 una base r\u00e1pida para que Mari pudiera grabar algo encima. Ella estaba s\u00faper contenta con su coro en portugu\u00e9s y lo subi\u00f3 sin imaginar que se convertir\u00eda en algo tan grande\u201d<\/em>\u00a0agreg\u00f3\u00a0<strong>Xross,<\/strong>\u00a0su productor.<\/p>\n\n\n\n<p class=\"has-text-align-left\">El videoclip, dirigido por\u00a0<strong>Julian Levy y Lucas Fossati<\/strong>, y producido por\u00a0<strong>Asalto<\/strong>, toma el clima on\u00edrico de la canci\u00f3n para llevarlo a una oscura playa de sirenas desde donde Maria proyecta esa idea de pensar ahora en ese pasado al que quiere volver. Con un enorme despliegue de arte y fotograf\u00eda, el video, co-protagonizado por\u00a0<strong>Francisco Romero<\/strong>\u00a0(<em>La Sociedad de la Nieve<\/em>), potencia el tan esperado sencillo, usando por primera vez el blanco y negro.\u00a0<\/p>\n\n\n\n<p class=\"has-text-align-left\">Seg\u00fan&nbsp;<strong>Juli\u00e1n Levy<\/strong>&nbsp;<em>\u201cEl desaf\u00edo como directores, es siempre el de lograr una uni\u00f3n metaf\u00f3rica entre el relato visual, y la canci\u00f3n. M\u00e1s all\u00e1 de las versiones infantiles sobre las sirenas, nos sedujo la idea de darle entidad a las criaturas mitol\u00f3gicas como seres emocionales. Ah\u00ed es donde encontramos la uni\u00f3n entre la letra y la imagen \u00bfCu\u00e1ntas veces y cu\u00e1ntos v\u00ednculos hemos terminado por no poder ir en contra de nuestra naturaleza? \u00bfCu\u00e1nto remordimiento carga una sirena por cada una de sus v\u00edctimas?\u201d. &nbsp;<\/em><\/p>\n\n\n\n<p class=\"has-text-align-left\"><em>\u00abNuestro enfoque fue capturar lo que el mundo audiovisual nos despert\u00f3 al escuchar esta canci\u00f3n: ese doloroso momento de p\u00e9rdida y separaci\u00f3n, como la sensaci\u00f3n que Maria experimenta hacia el final del video. Quer\u00edamos generar un quiebre con este lanzamiento tan esperado y mostrar a Maria de una manera impactante, bella e ic\u00f3nica\u00bb<\/em>\u00a0coment\u00f3 al respecto\u00a0<strong>Lucas Fossati.<\/strong><\/p>\n\n\n\n<p class=\"has-text-align-left\"><em><strong>\u00abEsta canci\u00f3n es muy especial para m\u00ed. Agora llev\u00f3 mucho trabajo. Hicimos cinco versiones, las fuimos puliendo y mejorando la letra y el sonido durante todo un a\u00f1o hasta que logramos su mejor versi\u00f3n\u00bb<\/strong><\/em>&nbsp;coment\u00f3&nbsp;<strong>Maria.<\/strong><\/p>\n\n\n\n<p class=\"has-text-align-left\">Para m\u00e1s informaci\u00f3n acerca de Maria Becerra, visita su p\u00e1gina web&nbsp;<a href=\"https:\/\/ov.pemsv20.net\/vickyroapress\/vickyroapress_bulk_183\/www.mariabecerraoficial.com\">www.mariabecerraoficial.com<\/a>.<\/p>\n","protected":false},"excerpt":{"rendered":"","protected":false},"author":5,"featured_media":11442,"comment_status":"open","ping_status":"open","sticky":false,"template":"","format":"standard","meta":{"om_disable_all_campaigns":false,"_uf_show_specific_survey":0,"_uf_disable_surveys":false,"footnotes":""},"categories":[4],"tags":[],"class_list":["post-11441","post","type-post","status-publish","format-standard","has-post-thumbnail","hentry","category-musica"],"_links":{"self":[{"href":"https:\/\/entrenotasyacordes.com\/index.php?rest_route=\/wp\/v2\/posts\/11441","targetHints":{"allow":["GET"]}}],"collection":[{"href":"https:\/\/entrenotasyacordes.com\/index.php?rest_route=\/wp\/v2\/posts"}],"about":[{"href":"https:\/\/entrenotasyacordes.com\/index.php?rest_route=\/wp\/v2\/types\/post"}],"author":[{"embeddable":true,"href":"https:\/\/entrenotasyacordes.com\/index.php?rest_route=\/wp\/v2\/users\/5"}],"replies":[{"embeddable":true,"href":"https:\/\/entrenotasyacordes.com\/index.php?rest_route=%2Fwp%2Fv2%2Fcomments&post=11441"}],"version-history":[{"count":1,"href":"https:\/\/entrenotasyacordes.com\/index.php?rest_route=\/wp\/v2\/posts\/11441\/revisions"}],"predecessor-version":[{"id":11444,"href":"https:\/\/entrenotasyacordes.com\/index.php?rest_route=\/wp\/v2\/posts\/11441\/revisions\/11444"}],"wp:featuredmedia":[{"embeddable":true,"href":"https:\/\/entrenotasyacordes.com\/index.php?rest_route=\/wp\/v2\/media\/11442"}],"wp:attachment":[{"href":"https:\/\/entrenotasyacordes.com\/index.php?rest_route=%2Fwp%2Fv2%2Fmedia&parent=11441"}],"wp:term":[{"taxonomy":"category","embeddable":true,"href":"https:\/\/entrenotasyacordes.com\/index.php?rest_route=%2Fwp%2Fv2%2Fcategories&post=11441"},{"taxonomy":"post_tag","embeddable":true,"href":"https:\/\/entrenotasyacordes.com\/index.php?rest_route=%2Fwp%2Fv2%2Ftags&post=11441"}],"curies":[{"name":"wp","href":"https:\/\/api.w.org\/{rel}","templated":true}]}}