{"id":11445,"date":"2024-09-13T15:53:30","date_gmt":"2024-09-13T15:53:30","guid":{"rendered":"https:\/\/entrenotasyacordes.com\/?p=11445"},"modified":"2024-09-13T15:53:32","modified_gmt":"2024-09-13T15:53:32","slug":"no-te-va-gustar-anuncia-lanzamiento-de-su-nuevo-disco-grabado-en-vivo-en-el-movistar-arena-de-bogota-colombia","status":"publish","type":"post","link":"https:\/\/entrenotasyacordes.com\/?p=11445","title":{"rendered":"No Te Va Gustar anuncia lanzamiento de su nuevo disco grabado en vivo en el Movistar Arena de Bogot\u00e1, Colombia."},"content":{"rendered":"\n<!--more-->\n\n\n<div class=\"wp-block-image\">\n<figure class=\"aligncenter size-full is-resized\"><img loading=\"lazy\" decoding=\"async\" width=\"660\" height=\"440\" src=\"https:\/\/entrenotasyacordes.com\/wp-content\/uploads\/2024\/09\/2a.jpg\" alt=\"\" class=\"wp-image-11446\" style=\"width:607px;height:auto\" srcset=\"https:\/\/entrenotasyacordes.com\/wp-content\/uploads\/2024\/09\/2a.jpg 660w, https:\/\/entrenotasyacordes.com\/wp-content\/uploads\/2024\/09\/2a-300x200.jpg 300w\" sizes=\"auto, (max-width: 660px) 100vw, 660px\" \/><\/figure>\n<\/div>\n\n\n<p class=\"has-text-align-left\"><strong>No Te Va Gustar anuncia lanzamiento de nuevo disco en vivo grabado y filmado en Bogot\u00e1: Desde Ac\u00e1 Qu\u00e9 Cerca Queda El Cielo; cuyo primer sencillo adelanto se estrena el jueves 12 de septiembre a las 19h (Uy\/Arg).\u00a0<\/strong><\/p>\n\n\n\n<p class=\"has-text-align-left\">El \u00e1lbum fue grabado y filmado en vivo en el concierto que la banda dio el pasado 22 de febrero de este a\u00f1o en el Movistar Arena de Bogot\u00e1, con el show de la Gira 30 A\u00f1os. Fue el concierto individual mas grande de la historia de la banda en Colombia y las emociones estuvieron a flor de piel.\u00a0<\/p>\n\n\n\n<p class=\"has-text-align-left\">Esta versi\u00f3n de Memorias Del Olvido capta a la perfecci\u00f3n la eufor\u00eda que se sinti\u00f3 en lo que sin dudas fue uno de los momentos m\u00e1s altos del show. Esta canci\u00f3n tiene un lugar muy especial en el coraz\u00f3n de los seguidores colombianos de la banda y lo demostraron cantando a todo pulm\u00f3n. Este hit de NTVG es uno (sino el m\u00e1s) de los temas m\u00e1s pedidos por el p\u00fablico en lo que viene siendo la gira de este a\u00f1o, cuya letra desgarradora invita a cantar a los gritos a la vez que genera un clima \u00edntimo y emotivo.\u00a0<\/p>\n\n\n\n<p class=\"has-text-align-left\">El fan club de la banda realiz\u00f3 numerosas acciones durante el show que aportaron a\u00fan m\u00e1s emoci\u00f3n a la noche. Entre esas acciones, durante la canci\u00f3n Memorias Del Olvido, desde el p\u00fablico prendieron las linternas de los celulares a los que les hab\u00edan colocado filtros de colores amarillos, azules y rojos (como la bandera de Colombia) y durante toda la canci\u00f3n el arena se convirti\u00f3 en una verdadera obra de arte. Este momento est\u00e1 hermosamente capturado en el video en vivo que se estrena en conjunto con la canci\u00f3n en YouTube.\u00a0<\/p>\n\n\n\n<p class=\"has-text-align-left\">El especial audiovisual del show entero cuenta con 18 canciones, fue dirigido por Oliver Lee Garland y se estrenar\u00e1 completo en YouTube el 10 de octubre.\u00a0<\/p>\n\n\n<div class=\"wp-block-image\">\n<figure class=\"aligncenter size-full is-resized\"><img loading=\"lazy\" decoding=\"async\" width=\"660\" height=\"440\" src=\"https:\/\/entrenotasyacordes.com\/wp-content\/uploads\/2024\/09\/2b.jpg\" alt=\"\" class=\"wp-image-11447\" style=\"width:607px;height:auto\" srcset=\"https:\/\/entrenotasyacordes.com\/wp-content\/uploads\/2024\/09\/2b.jpg 660w, https:\/\/entrenotasyacordes.com\/wp-content\/uploads\/2024\/09\/2b-300x200.jpg 300w\" sizes=\"auto, (max-width: 660px) 100vw, 660px\" \/><\/figure>\n<\/div>\n\n\n<p><strong>La banda se encuentra en plena realizaci\u00f3n de su Gira 30 A\u00f1os que tiene casi 70 shows anunciados para este 2024 con paradas en 15 pa\u00edses incluidos Uruguay, Argentina, Chile, Per\u00fa, M\u00e9xico, Paraguay, Ecuador, Colombia, USA, Espa\u00f1a, Irlanda, Reino Unido, Dinamarca, Costa Rica y Alemania.\u00a0<\/strong><\/p>\n\n\n\n<p><strong>La banda vuelve a Estados Unidos en setiembre con shows en Miami, NY, Washington DC y Charlotte, luego tambi\u00e9n tendr\u00e1 presentaciones grandes en Monterrey y Ciudad de M\u00e9xico y tiene un cierre de a\u00f1o espectacular con 4 fechas en el Movistar Arena de Buenos Aires y un show masivo en la Rambla de Punta Carretas en Montevideo.\u00a0<\/strong><\/p>\n","protected":false},"excerpt":{"rendered":"","protected":false},"author":5,"featured_media":11447,"comment_status":"open","ping_status":"open","sticky":false,"template":"","format":"standard","meta":{"om_disable_all_campaigns":false,"_uf_show_specific_survey":0,"_uf_disable_surveys":false,"footnotes":""},"categories":[4],"tags":[],"class_list":["post-11445","post","type-post","status-publish","format-standard","has-post-thumbnail","hentry","category-musica"],"_links":{"self":[{"href":"https:\/\/entrenotasyacordes.com\/index.php?rest_route=\/wp\/v2\/posts\/11445","targetHints":{"allow":["GET"]}}],"collection":[{"href":"https:\/\/entrenotasyacordes.com\/index.php?rest_route=\/wp\/v2\/posts"}],"about":[{"href":"https:\/\/entrenotasyacordes.com\/index.php?rest_route=\/wp\/v2\/types\/post"}],"author":[{"embeddable":true,"href":"https:\/\/entrenotasyacordes.com\/index.php?rest_route=\/wp\/v2\/users\/5"}],"replies":[{"embeddable":true,"href":"https:\/\/entrenotasyacordes.com\/index.php?rest_route=%2Fwp%2Fv2%2Fcomments&post=11445"}],"version-history":[{"count":1,"href":"https:\/\/entrenotasyacordes.com\/index.php?rest_route=\/wp\/v2\/posts\/11445\/revisions"}],"predecessor-version":[{"id":11448,"href":"https:\/\/entrenotasyacordes.com\/index.php?rest_route=\/wp\/v2\/posts\/11445\/revisions\/11448"}],"wp:featuredmedia":[{"embeddable":true,"href":"https:\/\/entrenotasyacordes.com\/index.php?rest_route=\/wp\/v2\/media\/11447"}],"wp:attachment":[{"href":"https:\/\/entrenotasyacordes.com\/index.php?rest_route=%2Fwp%2Fv2%2Fmedia&parent=11445"}],"wp:term":[{"taxonomy":"category","embeddable":true,"href":"https:\/\/entrenotasyacordes.com\/index.php?rest_route=%2Fwp%2Fv2%2Fcategories&post=11445"},{"taxonomy":"post_tag","embeddable":true,"href":"https:\/\/entrenotasyacordes.com\/index.php?rest_route=%2Fwp%2Fv2%2Ftags&post=11445"}],"curies":[{"name":"wp","href":"https:\/\/api.w.org\/{rel}","templated":true}]}}