{"id":11449,"date":"2024-09-13T16:00:07","date_gmt":"2024-09-13T16:00:07","guid":{"rendered":"https:\/\/entrenotasyacordes.com\/?p=11449"},"modified":"2024-09-13T16:00:09","modified_gmt":"2024-09-13T16:00:09","slug":"facundo-grandio-y-catalina-baya-presentan-sin-mirar-atras-su-nuevo-single-y-videoclip","status":"publish","type":"post","link":"https:\/\/entrenotasyacordes.com\/?p=11449","title":{"rendered":"Facundo Grand\u00edo y Catalina Bay\u00e1 presentan \u201cSin Mirar Atr\u00e1s\u201d, su nuevo single y videoclip"},"content":{"rendered":"\n<!--more-->\n\n\n<div class=\"wp-block-image\">\n<figure class=\"aligncenter size-full\"><img loading=\"lazy\" decoding=\"async\" width=\"2560\" height=\"1706\" src=\"https:\/\/entrenotasyacordes.com\/wp-content\/uploads\/2024\/09\/2c-1-scaled.jpg\" alt=\"\" class=\"wp-image-11451\" srcset=\"https:\/\/entrenotasyacordes.com\/wp-content\/uploads\/2024\/09\/2c-1-scaled.jpg 2560w, https:\/\/entrenotasyacordes.com\/wp-content\/uploads\/2024\/09\/2c-1-300x200.jpg 300w, https:\/\/entrenotasyacordes.com\/wp-content\/uploads\/2024\/09\/2c-1-1024x683.jpg 1024w, https:\/\/entrenotasyacordes.com\/wp-content\/uploads\/2024\/09\/2c-1-768x512.jpg 768w, https:\/\/entrenotasyacordes.com\/wp-content\/uploads\/2024\/09\/2c-1-1536x1024.jpg 1536w, https:\/\/entrenotasyacordes.com\/wp-content\/uploads\/2024\/09\/2c-1-2048x1365.jpg 2048w\" sizes=\"auto, (max-width: 2560px) 100vw, 2560px\" \/><\/figure>\n<\/div>\n\n\n<p><strong>Facundo Grand\u00edo se une a&nbsp;Catalina Bay\u00e1 en su nuevo single&nbsp;\u201cSin Mirar Atr\u00e1s\u201d<\/strong>, una balada indie con un groove muy bailable&nbsp;en la que los artistas exploran una historia de amor y deseo. Esta canci\u00f3n es el segundo corte adelanto del pr\u00f3ximo \u00e1lbum de Facundo Grand\u00edo que se espera para el mes de noviembre.<\/p>\n\n\n\n<p>En la grabaci\u00f3n colaboraron m\u00fasicos reconocidos como Franco Giaquinta (bajista en La Crewrod, compositor y l\u00edder en Mundo Lim\u00f3n) y Maxi Sayes (percusionista en Bandalos Chinos).<\/p>\n\n\n\n<p>El lanzamiento de<strong>&nbsp;\u00abSin Mirar Atr\u00e1s\u00bb<\/strong>&nbsp;viene acompa\u00f1ado por su videoclip oficial,&nbsp;un plano secuencia filmado en la casa de Facundo, donde los artistas recorren elegantemente el departamento y pasan un buen momento al ritmo de la canci\u00f3n, cantando y bailando. La performance fue creada por su director Agustin Slapak y participan de Catalina Bay\u00e1 en actuaci\u00f3n junto a Facundo. Es una producci\u00f3n que cuenta con El Portal Audiovisual (Ezequiel Nieto) en c\u00e1maras.<\/p>\n\n\n\n<p>La portada de este single y del resto de los artes de tapa del \u00e1lbum fueron pintadas por Facu Grand\u00edo&nbsp;logrando retratar el mensaje de su m\u00fasica al arte visual. La idea de los videoclips se desprende directamente de estos dibujos, profundizando dentro de cada uno de ellos y resignificando las historias que esconden las canciones.<\/p>\n\n\n\n<p><strong><em>\u201cSin Mirar Atr\u00e1s\u201d\u00a0<\/em>ya se encuentra disponible en Spotify y en todas las plataformas digitales.<\/strong><\/p>\n\n\n\n<figure class=\"wp-block-embed is-type-video is-provider-youtube wp-block-embed-youtube wp-embed-aspect-16-9 wp-has-aspect-ratio\"><div class=\"wp-block-embed__wrapper\">\n<div class=\"epyt-video-wrapper\"><iframe loading=\"lazy\"  id=\"_ytid_55895\"  width=\"640\" height=\"360\"  data-origwidth=\"640\" data-origheight=\"360\" src=\"https:\/\/www.youtube.com\/embed\/iGLDZTpLVOY?enablejsapi=1&#038;autoplay=0&#038;cc_load_policy=0&#038;cc_lang_pref=&#038;iv_load_policy=1&#038;loop=0&#038;rel=1&#038;fs=1&#038;playsinline=0&#038;autohide=2&#038;theme=dark&#038;color=white&#038;controls=1&#038;\" class=\"__youtube_prefs__  epyt-is-override  no-lazyload\" data-vol=\"50\"  title=\"YouTube player\"  allow=\"fullscreen; accelerometer; autoplay; clipboard-write; encrypted-media; gyroscope; picture-in-picture; web-share\" referrerpolicy=\"strict-origin-when-cross-origin\" allowfullscreen data-no-lazy=\"1\" data-skipgform_ajax_framebjll=\"\"><\/iframe><\/div>\n<\/div><\/figure>\n\n\n\n<p>Ficha T\u00e9cnica<\/p>\n\n\n\n<p>M\u00daSICA Y LETRA POR FACUNDO GRAND\u00cdO @facundograndio<br>PRODUCCI\u00d3N MUSICAL: Franco Bosnic, Facundo Grand\u00edo @bosnoo<br>PRE-PRODUCCI\u00d3N: Paul Coronado, Tom\u00e1s Villarrazo, Franco Bosnic, Facundo Grand\u00edo @paulcoronado_ @tomasvillarrazo @teoperez___ @tributoaandresrodriguez<\/p>\n\n\n\n<p>Grabaci\u00f3n en LA SALA y ESTUDIO 151 @_la_sala @151____studio<br>Mezcla y post producci\u00f3n por Ezequiel Kronenberg @ezequielkronenberg<\/p>\n\n\n\n<p>Beat y pre-producci\u00f3n: Maxi Sayes<br>Bajo: Paul Coronado, Franco Giaquinta<br>Guitarras: Facundo Grand\u00edo, Maxi Sayes, Facundo Rubio Latino<br>Coros: Facundo Grand\u00edo, Catalina Bay\u00e1<br>Voz: Facundo Grand\u00edo, Catalina Bay\u00e1<\/p>\n\n\n\n<p>Videoclip<\/p>\n\n\n\n<p>Direcci\u00f3n, Producci\u00f3n &amp; Montaje por SLPK<br>Direcci\u00f3n de Fotograf\u00eda &amp; C\u00e1mara Ezequiel Alan Nieto \u00b7 Direcci\u00f3n de Arte Mar\u00eda Paz Orue \u00b7&nbsp;<br>Foquista Fernanda Sagle \u00b7 Gaffer Joaquin Ponce \u00b7 Foto Fija Soli Acu\u00f1a Maxwell \u00b7 Color Andy Gonzalez \u00b7 Agradecimiento Especial a El Portal Audiovisual, Marcelo Encina, Jade Grand\u00edo<\/p>\n\n\n\n<p>Arte de Tapa por Facundo Grand\u00edo @feiksong.elpintor<br>Sello: La Marea Records @lamarea.records<br>Prensa: Emilia Hern\u00e1ndez @emiprensa<\/p>\n\n\n<div class=\"wp-block-image\">\n<figure class=\"aligncenter size-full is-resized\"><img loading=\"lazy\" decoding=\"async\" width=\"2560\" height=\"2560\" src=\"https:\/\/entrenotasyacordes.com\/wp-content\/uploads\/2024\/09\/2d-scaled.jpg\" alt=\"\" class=\"wp-image-11452\" style=\"width:607px;height:auto\" srcset=\"https:\/\/entrenotasyacordes.com\/wp-content\/uploads\/2024\/09\/2d-scaled.jpg 2560w, https:\/\/entrenotasyacordes.com\/wp-content\/uploads\/2024\/09\/2d-300x300.jpg 300w, https:\/\/entrenotasyacordes.com\/wp-content\/uploads\/2024\/09\/2d-1024x1024.jpg 1024w, https:\/\/entrenotasyacordes.com\/wp-content\/uploads\/2024\/09\/2d-150x150.jpg 150w, https:\/\/entrenotasyacordes.com\/wp-content\/uploads\/2024\/09\/2d-768x768.jpg 768w, https:\/\/entrenotasyacordes.com\/wp-content\/uploads\/2024\/09\/2d-1536x1536.jpg 1536w, https:\/\/entrenotasyacordes.com\/wp-content\/uploads\/2024\/09\/2d-2048x2048.jpg 2048w, https:\/\/entrenotasyacordes.com\/wp-content\/uploads\/2024\/09\/2d-50x50.jpg 50w\" sizes=\"auto, (max-width: 2560px) 100vw, 2560px\" \/><figcaption class=\"wp-element-caption\">Arte de Tapa por Facundo Grand\u00edo.<\/figcaption><\/figure>\n<\/div>\n\n\n<p><strong>M\u00e1s informaci\u00f3n sobre Facundo Grand\u00edo<\/strong><\/p>\n\n\n\n<p><strong>Facundo Grand\u00edo<\/strong>&nbsp;es m\u00fasico y productor de la ciudad de Buenos Aires, Argentina. Este a\u00f1o est\u00e1 finalizando la grabaci\u00f3n de su segundo LP.<\/p>\n\n\n\n<p>Lanz\u00f3 su primer \u00e1lbum \u201cTodo Encuentra Su Lugar\u201d en 2022&nbsp;y lo present\u00f3 en vivo con&nbsp;banda completa en Caf\u00e9 Berl\u00edn. En este primer disco, Facundo realiz\u00f3 colaboraciones con Chechi De Marcos, Isa Ponfe y Moah. Luego de su exitosa gira por M\u00e9xico el a\u00f1o pasado, el cantautor argentino sigue presentando su disco por distintas provincias de Argentina y encara su segunda gira en noviembre de este a\u00f1o para presentarse en el Foro Del Tejedor en la CDMX. Tambi\u00e9n visit\u00f3 por primera vez Espa\u00f1a con cuatro fechas en Barcelona y en Madrid.<\/p>\n\n\n\n<p>Grand\u00edo se encuentra grabando su segundo disco y presentando su primer \u00e1lbum por distintos rincones, tanto dentro como fuera del pa\u00eds. Actualmente, el artista argentino se desarrolla como productor musical de diferentes proyectos como el nuevo EP de Sofi Ter\u00e1n y la producci\u00f3n del segundo LP de Al Alba. Se gest\u00f3 as\u00ed un nuevo sello discogr\u00e1fico \u201cLa Marea Records\u201d para explotar el potencial de nuevos artistas e impulsarlos trabajando en su estudio de grabaci\u00f3n: La Sala.<\/p>\n\n\n\n<p>Facundo se funde en m\u00fasica para expresar sus emociones mediante distintos sonidos. Navega entre canciones, con suaves texturas de ensue\u00f1o, trabajando a partir del dise\u00f1o sonoro, de una manera en que su poes\u00eda atraviese el cuerpo del oyente. Combina distintos ritmos tanto derivados del rock, como ritmos latinoamericanos, como la bossa nova y los boleros.<\/p>\n\n\n<div class=\"wp-block-image\">\n<figure class=\"aligncenter size-full is-resized\"><img loading=\"lazy\" decoding=\"async\" width=\"2560\" height=\"1707\" src=\"https:\/\/entrenotasyacordes.com\/wp-content\/uploads\/2024\/09\/2e-scaled.jpg\" alt=\"\" class=\"wp-image-11453\" style=\"width:801px;height:auto\" srcset=\"https:\/\/entrenotasyacordes.com\/wp-content\/uploads\/2024\/09\/2e-scaled.jpg 2560w, https:\/\/entrenotasyacordes.com\/wp-content\/uploads\/2024\/09\/2e-300x200.jpg 300w, https:\/\/entrenotasyacordes.com\/wp-content\/uploads\/2024\/09\/2e-1024x683.jpg 1024w, https:\/\/entrenotasyacordes.com\/wp-content\/uploads\/2024\/09\/2e-768x512.jpg 768w, https:\/\/entrenotasyacordes.com\/wp-content\/uploads\/2024\/09\/2e-1536x1024.jpg 1536w, https:\/\/entrenotasyacordes.com\/wp-content\/uploads\/2024\/09\/2e-2048x1365.jpg 2048w\" sizes=\"auto, (max-width: 2560px) 100vw, 2560px\" \/><\/figure>\n<\/div>\n\n\n<p>PR\u00d3XIMAS FECHAS:<br>VIERNES 25 DE OCTUBRE &#8211; CAMPING<br>Entradas a la venta en la web de\u00a0<a href=\"https:\/\/instagram.us20.list-manage.com\/track\/click?u=1ca6f466465e0255e43f7f59e&amp;id=dabaf5b8f3&amp;e=0006abeedc\" target=\"_blank\" rel=\"noreferrer noopener\">Camping<\/a>.<\/p>\n","protected":false},"excerpt":{"rendered":"","protected":false},"author":5,"featured_media":11452,"comment_status":"open","ping_status":"open","sticky":false,"template":"","format":"standard","meta":{"om_disable_all_campaigns":false,"_uf_show_specific_survey":0,"_uf_disable_surveys":false,"footnotes":""},"categories":[4],"tags":[],"class_list":["post-11449","post","type-post","status-publish","format-standard","has-post-thumbnail","hentry","category-musica"],"_links":{"self":[{"href":"https:\/\/entrenotasyacordes.com\/index.php?rest_route=\/wp\/v2\/posts\/11449","targetHints":{"allow":["GET"]}}],"collection":[{"href":"https:\/\/entrenotasyacordes.com\/index.php?rest_route=\/wp\/v2\/posts"}],"about":[{"href":"https:\/\/entrenotasyacordes.com\/index.php?rest_route=\/wp\/v2\/types\/post"}],"author":[{"embeddable":true,"href":"https:\/\/entrenotasyacordes.com\/index.php?rest_route=\/wp\/v2\/users\/5"}],"replies":[{"embeddable":true,"href":"https:\/\/entrenotasyacordes.com\/index.php?rest_route=%2Fwp%2Fv2%2Fcomments&post=11449"}],"version-history":[{"count":1,"href":"https:\/\/entrenotasyacordes.com\/index.php?rest_route=\/wp\/v2\/posts\/11449\/revisions"}],"predecessor-version":[{"id":11454,"href":"https:\/\/entrenotasyacordes.com\/index.php?rest_route=\/wp\/v2\/posts\/11449\/revisions\/11454"}],"wp:featuredmedia":[{"embeddable":true,"href":"https:\/\/entrenotasyacordes.com\/index.php?rest_route=\/wp\/v2\/media\/11452"}],"wp:attachment":[{"href":"https:\/\/entrenotasyacordes.com\/index.php?rest_route=%2Fwp%2Fv2%2Fmedia&parent=11449"}],"wp:term":[{"taxonomy":"category","embeddable":true,"href":"https:\/\/entrenotasyacordes.com\/index.php?rest_route=%2Fwp%2Fv2%2Fcategories&post=11449"},{"taxonomy":"post_tag","embeddable":true,"href":"https:\/\/entrenotasyacordes.com\/index.php?rest_route=%2Fwp%2Fv2%2Ftags&post=11449"}],"curies":[{"name":"wp","href":"https:\/\/api.w.org\/{rel}","templated":true}]}}