{"id":11455,"date":"2024-09-13T16:15:13","date_gmt":"2024-09-13T16:15:13","guid":{"rendered":"https:\/\/entrenotasyacordes.com\/?p=11455"},"modified":"2024-09-13T16:15:15","modified_gmt":"2024-09-13T16:15:15","slug":"ecko-se-une-a-la-t-y-la-m-para-su-nuevo-single-sistema","status":"publish","type":"post","link":"https:\/\/entrenotasyacordes.com\/?p=11455","title":{"rendered":"ECKO se une a La T y La M para su nuevo single \u201cSistema\u201d"},"content":{"rendered":"\n<!--more-->\n\n\n<div class=\"wp-block-image\">\n<figure class=\"aligncenter size-full is-resized\"><img loading=\"lazy\" decoding=\"async\" width=\"2048\" height=\"2045\" src=\"https:\/\/entrenotasyacordes.com\/wp-content\/uploads\/2024\/09\/2f.jpg\" alt=\"\" class=\"wp-image-11456\" style=\"width:607px;height:auto\" srcset=\"https:\/\/entrenotasyacordes.com\/wp-content\/uploads\/2024\/09\/2f.jpg 2048w, https:\/\/entrenotasyacordes.com\/wp-content\/uploads\/2024\/09\/2f-300x300.jpg 300w, https:\/\/entrenotasyacordes.com\/wp-content\/uploads\/2024\/09\/2f-1024x1023.jpg 1024w, https:\/\/entrenotasyacordes.com\/wp-content\/uploads\/2024\/09\/2f-150x150.jpg 150w, https:\/\/entrenotasyacordes.com\/wp-content\/uploads\/2024\/09\/2f-768x767.jpg 768w, https:\/\/entrenotasyacordes.com\/wp-content\/uploads\/2024\/09\/2f-1536x1534.jpg 1536w, https:\/\/entrenotasyacordes.com\/wp-content\/uploads\/2024\/09\/2f-50x50.jpg 50w\" sizes=\"auto, (max-width: 2048px) 100vw, 2048px\" \/><\/figure>\n<\/div>\n\n\n<p class=\"has-text-align-left\">Ecko, el talentoso artista argentino se une a los ic\u00f3nicos La T y La M para presentar su nuevo sencillo titulado <strong>\u00abSistema\u00bb<\/strong>. Disponible en todas las plataformas digitales <strong>a partir del jueves 12 de septiembre a las 19.00hs.<\/strong><strong><\/strong><\/p>\n\n\n\n<p><strong>\u00abSistema\u00bb <\/strong>es una fusi\u00f3n perfecta de los ritmos contagiosos de la cumbia con las letras ingeniosas y p\u00edcaras que caracterizan a <strong>Ecko <\/strong>y <strong>La T y La M<\/strong>. La canci\u00f3n narra la historia de un joven que busca entrar en el \u00absistema\u00bb del amor de la chica que le gusta.<\/p>\n\n\n\n<p class=\"has-text-align-left\">Con un sonido fresco y pegajoso, \u00ab<strong>Sistema<\/strong>\u00bb invita a todos a dejarse llevar por la m\u00fasica y disfrutar de un momento de alegr\u00eda y conexi\u00f3n. La combinaci\u00f3n de las voces de <strong>Ecko <\/strong>y <strong>La T y La M <\/strong>crea una qu\u00edmica irresistible que seguramente no dejar\u00e1 de sonar en todos lados.<\/p>\n\n\n\n<p class=\"has-text-align-left\">Este nuevo single llega con videoclip incluido dirigido por <strong>Ramses Prada. <\/strong>Donde se los ve a los tres artistas cantando desolados en una casa vacia.<\/p>\n\n\n<div class=\"wp-block-image\">\n<figure class=\"aligncenter size-full is-resized\"><img loading=\"lazy\" decoding=\"async\" width=\"2048\" height=\"2048\" src=\"https:\/\/entrenotasyacordes.com\/wp-content\/uploads\/2024\/09\/2g.jpg\" alt=\"\" class=\"wp-image-11457\" style=\"width:607px;height:auto\" srcset=\"https:\/\/entrenotasyacordes.com\/wp-content\/uploads\/2024\/09\/2g.jpg 2048w, https:\/\/entrenotasyacordes.com\/wp-content\/uploads\/2024\/09\/2g-300x300.jpg 300w, https:\/\/entrenotasyacordes.com\/wp-content\/uploads\/2024\/09\/2g-1024x1024.jpg 1024w, https:\/\/entrenotasyacordes.com\/wp-content\/uploads\/2024\/09\/2g-150x150.jpg 150w, https:\/\/entrenotasyacordes.com\/wp-content\/uploads\/2024\/09\/2g-768x768.jpg 768w, https:\/\/entrenotasyacordes.com\/wp-content\/uploads\/2024\/09\/2g-1536x1536.jpg 1536w, https:\/\/entrenotasyacordes.com\/wp-content\/uploads\/2024\/09\/2g-50x50.jpg 50w\" sizes=\"auto, (max-width: 2048px) 100vw, 2048px\" \/><\/figure>\n<\/div>","protected":false},"excerpt":{"rendered":"","protected":false},"author":5,"featured_media":11456,"comment_status":"open","ping_status":"open","sticky":false,"template":"","format":"standard","meta":{"om_disable_all_campaigns":false,"_uf_show_specific_survey":0,"_uf_disable_surveys":false,"footnotes":""},"categories":[4],"tags":[],"class_list":["post-11455","post","type-post","status-publish","format-standard","has-post-thumbnail","hentry","category-musica"],"_links":{"self":[{"href":"https:\/\/entrenotasyacordes.com\/index.php?rest_route=\/wp\/v2\/posts\/11455","targetHints":{"allow":["GET"]}}],"collection":[{"href":"https:\/\/entrenotasyacordes.com\/index.php?rest_route=\/wp\/v2\/posts"}],"about":[{"href":"https:\/\/entrenotasyacordes.com\/index.php?rest_route=\/wp\/v2\/types\/post"}],"author":[{"embeddable":true,"href":"https:\/\/entrenotasyacordes.com\/index.php?rest_route=\/wp\/v2\/users\/5"}],"replies":[{"embeddable":true,"href":"https:\/\/entrenotasyacordes.com\/index.php?rest_route=%2Fwp%2Fv2%2Fcomments&post=11455"}],"version-history":[{"count":1,"href":"https:\/\/entrenotasyacordes.com\/index.php?rest_route=\/wp\/v2\/posts\/11455\/revisions"}],"predecessor-version":[{"id":11458,"href":"https:\/\/entrenotasyacordes.com\/index.php?rest_route=\/wp\/v2\/posts\/11455\/revisions\/11458"}],"wp:featuredmedia":[{"embeddable":true,"href":"https:\/\/entrenotasyacordes.com\/index.php?rest_route=\/wp\/v2\/media\/11456"}],"wp:attachment":[{"href":"https:\/\/entrenotasyacordes.com\/index.php?rest_route=%2Fwp%2Fv2%2Fmedia&parent=11455"}],"wp:term":[{"taxonomy":"category","embeddable":true,"href":"https:\/\/entrenotasyacordes.com\/index.php?rest_route=%2Fwp%2Fv2%2Fcategories&post=11455"},{"taxonomy":"post_tag","embeddable":true,"href":"https:\/\/entrenotasyacordes.com\/index.php?rest_route=%2Fwp%2Fv2%2Ftags&post=11455"}],"curies":[{"name":"wp","href":"https:\/\/api.w.org\/{rel}","templated":true}]}}