{"id":11459,"date":"2024-09-13T16:23:11","date_gmt":"2024-09-13T16:23:11","guid":{"rendered":"https:\/\/entrenotasyacordes.com\/?p=11459"},"modified":"2024-09-13T16:23:13","modified_gmt":"2024-09-13T16:23:13","slug":"yandel-estrena-esta-noche-hablame-claro-junto-a-feid","status":"publish","type":"post","link":"https:\/\/entrenotasyacordes.com\/?p=11459","title":{"rendered":"YANDEL ESTRENA ESTA NOCHE \u201cHABLAME CLARO\u201d JUNTO A FEID"},"content":{"rendered":"\n<!--more-->\n\n\n<div class=\"wp-block-image\">\n<figure class=\"aligncenter size-full is-resized\"><img loading=\"lazy\" decoding=\"async\" width=\"2048\" height=\"2048\" src=\"https:\/\/entrenotasyacordes.com\/wp-content\/uploads\/2024\/09\/2h.jpg\" alt=\"\" class=\"wp-image-11460\" style=\"width:607px;height:auto\" srcset=\"https:\/\/entrenotasyacordes.com\/wp-content\/uploads\/2024\/09\/2h.jpg 2048w, https:\/\/entrenotasyacordes.com\/wp-content\/uploads\/2024\/09\/2h-300x300.jpg 300w, https:\/\/entrenotasyacordes.com\/wp-content\/uploads\/2024\/09\/2h-1024x1024.jpg 1024w, https:\/\/entrenotasyacordes.com\/wp-content\/uploads\/2024\/09\/2h-150x150.jpg 150w, https:\/\/entrenotasyacordes.com\/wp-content\/uploads\/2024\/09\/2h-768x768.jpg 768w, https:\/\/entrenotasyacordes.com\/wp-content\/uploads\/2024\/09\/2h-1536x1536.jpg 1536w, https:\/\/entrenotasyacordes.com\/wp-content\/uploads\/2024\/09\/2h-50x50.jpg 50w\" sizes=\"auto, (max-width: 2048px) 100vw, 2048px\" \/><\/figure>\n<\/div>\n\n\n<p class=\"has-text-align-center\"><strong>No te lo pierdas este jueves, 12 de septiembre a las 8pm ET <\/strong><a href=\"https:\/\/wml.link\/HablameClaro\"><strong><u>ESCUCHA \u00abHABLAME CLARO\u00bb AQU\u00cd<\/u><\/strong><\/a><\/p>\n\n\n\n<p class=\"has-text-align-left\">A unos d\u00edas de haber causado furor en Nueva York, con el estreno de su nuevo modelo de zapatillas SL 33 \u201cCayey\u201d, en honor al pueblo que le vi\u00f3 crecer, <strong>Yandel <\/strong>llega esta semana con <a href=\"https:\/\/wml.link\/HablameClaro\"><strong><u>\u201cH\u00e1blame Claro\u201d<\/u><\/strong><\/a><strong>, <\/strong>junto a <strong>Feid<\/strong>.<\/p>\n\n\n\n<p class=\"has-text-align-left\"><strong>H\u00e1blame Claro<\/strong>, es parte del nuevo \u00e1lbum de estudio de <strong><em>Yandel ELYTE<\/em>, <\/strong>el cual estar\u00e1 disponible para el disfrute de sus seguidores en octubre de 2024.<\/p>\n\n\n\n<p class=\"has-text-align-left\">Este junte con Feid, es una de las muchas e impresionantes colaboraciones que incluir\u00e1 <strong><em>ELYTE<\/em><\/strong>, y como cada vez que estas dos importantes figuras del g\u00e9nero urbano se unen en la m\u00fasica, Yandel y Feid la rompen una vez m\u00e1s. Con la seducci\u00f3n como centro del tema, en <strong>H\u00e1blame Claro<\/strong>, Yandel se apunta otro favorito para todos sus fan\u00e1ticos.<\/p>\n\n\n\n<p class=\"has-text-align-left\">Acerca de Yandel<\/p>\n\n\n\n<p>Yandel comenz\u00f3 su carrera profesional en 1998 y desde ese momento se convirti\u00f3 en un cantante compositor, m\u00fasico y productor musical del g\u00e9nero urbano Puertorrique\u00f1o fenomenalmente exitoso. En el 2014, tom\u00f3 un nuevo giro como solista anunciando su gira Yandel La leyenda VIP Tour con entradas agotadas en importantes escenarios en Nueva York, Washington, DC, Los \u00c1ngeles, Houston, Dallas, Chicago, Orlando, y Am\u00e9rica Latina. Su \u00e1lbum como solista De L\u00edder a Leyenda (2013), debut\u00f3 con el # 1 en el Top Latin Albums de Billboard y # 9 en la lista de \u00e1lbumes \u201cTop Urban Album Chart\u201d. De L\u00edder a Leyenda, recibi\u00f3 Certificaci\u00f3n Oro de la RIAA y obtuvo diversas nominaciones, entre ellas el Grammy Latino.<\/p>\n\n\n\n<p class=\"has-text-align-left\">En octubre de 2014 Yandel se convirti\u00f3 en el primer artista de su g\u00e9nero en grabar un especial de televisi\u00f3n para la conocida cadena de TV HBO Latino. Tambi\u00e9n grab\u00f3 el tema, Marcando Territorio, inclu\u00eddo en \u201cCatch the Throne\u201d: El Mixtape Vol. 2, y banda sonora de la aclamada serie de HBO \u201cGames of Thrones\u201d junto a grandes artistas del mercado anglosaj\u00f3n.<\/p>\n\n\n\n<p>Su \u00e1lbum \u201cDangerous\u201d (2015) acapar\u00f3 las listas de ventas y logr\u00f3 un # 1 en la semana de su lanzamiento. Esta producci\u00f3n recibi\u00f3: Latin Grammy, Latin American Music Award, Premios Lo Nuestro y nominaciones a los Premios Billboard de la M\u00fasica Latina. Ese mismo mes, el cantante \/ productor, se convirti\u00f3 en el primer artista Latino en transmitir un concierto en vivo en el combate de boxeo producido por HBO Cotto vs Canelo. Algunas de sus colaboraciones musicales en el mercado general e hispano incluyen: J-Lo, Akon, R. Kelly, 50Cent, Ja Rule, Eve, Nelly Furtado, Gloria Estefan, Ricky Martin, Enrique Iglesias, Don Omar, Daddy Yankee, J Balvin, Chayanne, Gilberto Santa Rosa, Maluma, Ozuna, Bad Bunny, Becky G, Lele Pons, Romeo Santos, Sebastian Yatra, Manuel Turizo, Feid, Luis Fonsi, J Balvin, Zion &amp; Lennox, y muchos m\u00e1s.<\/p>\n\n\n\n<p>Entre sus reconocimientos goza de: dos Premios Grammy Latino en 2016 en las categor\u00edas de Mejor Fusi\u00f3n Urbana y Mejor Canci\u00f3n Urbana, Latin American Music Award \u00c1lbum del A\u00f1o,y<\/p>\n\n\n\n<p>Premios BMI. En el 2018, Yandel anunci\u00f3 una gira con su gran amigo y colaborador en la m\u00fasica Wisin. El d\u00fao hizo historia en 2018, se convertieron en los primeros artistas de su g\u00e9nero con la mayor cantidad de espect\u00e1culos vendidos en el Coliseo Jos\u00e9 M. Agrelot en San Juan, Puerto Rico.<\/p>\n\n\n\n<p>Como solista, Yandel a logrado 16 #1\u2019s en la lista de Top Latin Airplay de Billboard. En el 2018 grab\u00f3 junto a Wisin su \u00e1lbum como d\u00fao Los Campeones del Pueblo \/ The Big Leagues, estren\u00f3 su sexto \u00e1lbum como solista titulado \u201cTHE ONE\u201d (2019) y su m\u00e1s reciente producci\u00f3n musical como solista \u201cQUIEN CONTRA MI 2\u201d, estren\u00f3 en Verano 2020.<\/p>\n\n\n\n<p>En mayo de 2021, Yandel fue reconocido por la RIAA con 16 Certificaciones de Platino y 4 de Oro por sus \u00e9xitos musicales. En diciembre del 2022, rompi\u00f3 r\u00e9cord en Puerto Rico con 14 conciertos de su gira \u201cLa \u00daltima Misi\u00f3n\u201d, marcando la despedida del d\u00fao Wisin y Yandel. Su m\u00e1s reciente \u00e1lbum de estudio, **R3SISTENCIA**, recibi\u00f3 la Certificaci\u00f3n de Oro por la RIAA en mayo de 2023. El \u00edcono puertorrique\u00f1o fue homenajeado durante los TikTok Awards 2024, recibiendo el premio \u201cLegendary Impact Recognition\u201d en la Ciudad de M\u00e9xico. En abril de 2024, fue honrado con el premio especial Latin AMA Pionero en los Latin American Music Awards y se llev\u00f3 a casa dos premios por \u201cYandel 150\u201d: Colaboraci\u00f3n del A\u00f1o y Mejor Canci\u00f3n Urbana.<\/p>\n","protected":false},"excerpt":{"rendered":"","protected":false},"author":5,"featured_media":11460,"comment_status":"open","ping_status":"open","sticky":false,"template":"","format":"standard","meta":{"om_disable_all_campaigns":false,"_uf_show_specific_survey":0,"_uf_disable_surveys":false,"footnotes":""},"categories":[4],"tags":[],"class_list":["post-11459","post","type-post","status-publish","format-standard","has-post-thumbnail","hentry","category-musica"],"_links":{"self":[{"href":"https:\/\/entrenotasyacordes.com\/index.php?rest_route=\/wp\/v2\/posts\/11459","targetHints":{"allow":["GET"]}}],"collection":[{"href":"https:\/\/entrenotasyacordes.com\/index.php?rest_route=\/wp\/v2\/posts"}],"about":[{"href":"https:\/\/entrenotasyacordes.com\/index.php?rest_route=\/wp\/v2\/types\/post"}],"author":[{"embeddable":true,"href":"https:\/\/entrenotasyacordes.com\/index.php?rest_route=\/wp\/v2\/users\/5"}],"replies":[{"embeddable":true,"href":"https:\/\/entrenotasyacordes.com\/index.php?rest_route=%2Fwp%2Fv2%2Fcomments&post=11459"}],"version-history":[{"count":1,"href":"https:\/\/entrenotasyacordes.com\/index.php?rest_route=\/wp\/v2\/posts\/11459\/revisions"}],"predecessor-version":[{"id":11461,"href":"https:\/\/entrenotasyacordes.com\/index.php?rest_route=\/wp\/v2\/posts\/11459\/revisions\/11461"}],"wp:featuredmedia":[{"embeddable":true,"href":"https:\/\/entrenotasyacordes.com\/index.php?rest_route=\/wp\/v2\/media\/11460"}],"wp:attachment":[{"href":"https:\/\/entrenotasyacordes.com\/index.php?rest_route=%2Fwp%2Fv2%2Fmedia&parent=11459"}],"wp:term":[{"taxonomy":"category","embeddable":true,"href":"https:\/\/entrenotasyacordes.com\/index.php?rest_route=%2Fwp%2Fv2%2Fcategories&post=11459"},{"taxonomy":"post_tag","embeddable":true,"href":"https:\/\/entrenotasyacordes.com\/index.php?rest_route=%2Fwp%2Fv2%2Ftags&post=11459"}],"curies":[{"name":"wp","href":"https:\/\/api.w.org\/{rel}","templated":true}]}}