{"id":11477,"date":"2024-09-13T18:06:52","date_gmt":"2024-09-13T18:06:52","guid":{"rendered":"https:\/\/entrenotasyacordes.com\/?p=11477"},"modified":"2024-09-13T18:06:53","modified_gmt":"2024-09-13T18:06:53","slug":"tate-mcrae-presenta-su-nuevo-single-y-videoclip-its-ok-im-ok","status":"publish","type":"post","link":"https:\/\/entrenotasyacordes.com\/?p=11477","title":{"rendered":"TATE MCRAE presenta su nuevo single y videoclip \u00abIT\u2019S OK I\u2019M OK\u00bb"},"content":{"rendered":"\n<!--more-->\n\n\n<div class=\"wp-block-image\">\n<figure class=\"aligncenter size-full is-resized\"><img loading=\"lazy\" decoding=\"async\" width=\"1482\" height=\"1482\" src=\"https:\/\/entrenotasyacordes.com\/wp-content\/uploads\/2024\/09\/2p.jpg\" alt=\"\" class=\"wp-image-11478\" style=\"width:607px;height:auto\" srcset=\"https:\/\/entrenotasyacordes.com\/wp-content\/uploads\/2024\/09\/2p.jpg 1482w, https:\/\/entrenotasyacordes.com\/wp-content\/uploads\/2024\/09\/2p-300x300.jpg 300w, https:\/\/entrenotasyacordes.com\/wp-content\/uploads\/2024\/09\/2p-1024x1024.jpg 1024w, https:\/\/entrenotasyacordes.com\/wp-content\/uploads\/2024\/09\/2p-150x150.jpg 150w, https:\/\/entrenotasyacordes.com\/wp-content\/uploads\/2024\/09\/2p-768x768.jpg 768w, https:\/\/entrenotasyacordes.com\/wp-content\/uploads\/2024\/09\/2p-50x50.jpg 50w\" sizes=\"auto, (max-width: 1482px) 100vw, 1482px\" \/><\/figure>\n<\/div>\n\n\n<p class=\"has-text-align-center\"><strong>ACTUALMENTE CON ENTRADAS AGOTADAS<br>EN EL\u00a0&#8216;THINK LATER WORLD TOUR&#8217;<\/strong><\/p>\n\n\n\n<p>La sensaci\u00f3n pop multiplatino\u00a0<strong>Tate McRae<\/strong>\u00a0lanza su nueva canci\u00f3n\u00a0<strong>\u00abIt&#8217;s ok I&#8217;m ok\u00bb<\/strong>\u00a0junto con el videoclip oficial. Escrita y producida con los creadores de \u00e9xitos Ryan Tedder (Taylor Swift, Beyonc\u00e9), ILYA (Ariana Grande, Rosal\u00eda) y Savan Kotecha (The Weeknd, Ellie Goulding), \u00ab<strong>It&#8217;s ok I&#8217;m ok<\/strong>\u00bb marca un nuevo cap\u00edtulo para la estrella.\u00a0<br>\u00a0<br>Con un coro irresistible, el single pop est\u00e1 acompa\u00f1ado por una incre\u00edble pieza de baile. Dirigido por Hannah Lux Davis (Doja Cat, Charlie XCX) y coreografiado por Sean Bankhead (Cardi B, Lil Nas X),\u00a0\u00a0el energ\u00e9tico video musical sigue a una Tate\u00a0imperturbable pavone\u00e1ndose por las calles de la ciudad. Su presencia es a la vez imponente y seductora, atray\u00e9ndote a su mundo sin querer apartar la mirada.<\/p>\n\n\n\n<p>Tate agrega: \u00ab<em>Estoy m\u00e1s que emocionado de compartir &#8216;It&#8217;s ok I&#8217;m ok&#8217; con el mundo y este nuevo cap\u00edtulo de mi m\u00fasica. Esta canci\u00f3n es el resultado de reflexionar sobre las relaciones pasadas hasta ahora y cu\u00e1nto he crecido y aprendido de ellas. Es el punto de vista l\u00fadico sobre reconocer lo que vales y sobre la sensaci\u00f3n de no querer volver a alguien\u00bb.<\/em><br><br><strong>\u00abIt&#8217;s ok I&#8217;m ok\u00bb<\/strong>\u00a0es la primera m\u00fasica nueva de Tate despu\u00e9s de su muy esperado segundo \u00e1lbum de 2023,\u00a0<em><strong><a href=\"https:\/\/click.emails.sonymusicfans.com\/?qs=75d7b45aa5e9cb33c6acafa6eaa556f1e757eea98d86b75e9b15463ec5755e0f8b774ab74ee3377805fd1144ed1e40c631f8f789f4bcb048\">THINK LATER<\/a><\/strong>,<\/em>\u00a0que debut\u00f3 en el #4 en la lista de \u00e1lbumes de Billboard. Impregnado de atractivo pop y letras contagiosas, el \u00e1lbum presenta el single \u00ab<strong>greedy\u00a0<\/strong>\u00bb certificado por la RIAA 3 veces platino, que le vali\u00f3 a Tate el #1 en la lista Billboard Global 200, la lista Global Excl. US, la lista Global de Spotify y alcanz\u00f3 el #1 en la radio Top 40.\u00a0<\/p>\n\n\n\n<p>Actualmente se encuentra en su gira mundial &#8216;THINK LATER TOUR&#8217; que abarca 59 fechas en Europa, Reino Unido, Am\u00e9rica del Norte, Asia, Australia y Nueva Zelanda. Con un pu\u00f1ado de conciertos restantes, esta gira ya ha visto a Tate tocar en los lugares m\u00e1s grandes e ic\u00f3nicos de su carrera. El mes pasado, toc\u00f3 su primer concierto como cabeza de cartel en el Madison Square Garden. Para obtener m\u00e1s informaci\u00f3n sobre los espect\u00e1culos de Asia, Australia y Nueva Zelanda, visit\u00e1<strong><a href=\"https:\/\/click.emails.sonymusicfans.com\/?qs=75d7b45aa5e9cb3316787745f3c81a5c26114ec2404ecf818000f14e687a20ec5fedf04edc87aa6c20c49245094aba397b23595e70255048\">AQU\u00cd<\/a><\/strong><\/p>\n\n\n\n<p><strong>Fechas del &#8216;THINK LATER TOUR&#8217; 2024:<\/strong><br>Mar Oct 29 \u2013 Tokio, Jap\u00f3n \u2013 Toyosu Pit<br>Jue Oct 31 \u2013 Singapur \u2013 Star Theatre<br>S\u00e1b Nov 02 \u2013 Bangkok, Tailandia \u2013 UOB Live<br>Lun Nov 04 \u2013 Manila, Filipinas \u2013 Teatro Nueva Frontera<br>vie nov 08 \u2013 Perth, Australia \u2013 Anfiteatro Red Hill<br>Domingo 10 de noviembre \u2013 Brisbane, Australia \u2013 Riverstage<br>Mar 12 de noviembre \u2013 S\u00eddney, Australia \u2013 Pabell\u00f3n Hordern<br>Mi\u00e9 13 de noviembre \u2013 S\u00eddney, Australia \u2013 Hordern Pavilion<br>Viernes 15 de noviembre \u2013 Adelaida, Australia \u2013 AEC Theatre<br>S\u00e1b 16 de noviembre \u2013 Melbourne, Australia \u2013 Margaret Court Arena<br>Domingo 17 de noviembre \u2013 Melbourne, Australia \u2013 Margaret Court Arena<br>Mar 19 de noviembre \u2013 Auckland, Nueva Zelanda \u2013 Spark Arena<br>Jue 21 de noviembre \u2013 Wellington, Nueva Zelanda \u2013 TSB Arena<\/p>\n\n\n<div class=\"wp-block-image\">\n<figure class=\"aligncenter size-full is-resized\"><img loading=\"lazy\" decoding=\"async\" width=\"1427\" height=\"2142\" src=\"https:\/\/entrenotasyacordes.com\/wp-content\/uploads\/2024\/09\/2q.jpg\" alt=\"\" class=\"wp-image-11479\" style=\"width:607px;height:auto\" srcset=\"https:\/\/entrenotasyacordes.com\/wp-content\/uploads\/2024\/09\/2q.jpg 1427w, https:\/\/entrenotasyacordes.com\/wp-content\/uploads\/2024\/09\/2q-200x300.jpg 200w, https:\/\/entrenotasyacordes.com\/wp-content\/uploads\/2024\/09\/2q-682x1024.jpg 682w, https:\/\/entrenotasyacordes.com\/wp-content\/uploads\/2024\/09\/2q-768x1153.jpg 768w, https:\/\/entrenotasyacordes.com\/wp-content\/uploads\/2024\/09\/2q-1023x1536.jpg 1023w, https:\/\/entrenotasyacordes.com\/wp-content\/uploads\/2024\/09\/2q-1364x2048.jpg 1364w, https:\/\/entrenotasyacordes.com\/wp-content\/uploads\/2024\/09\/2q-1024x1537.jpg 1024w\" sizes=\"auto, (max-width: 1427px) 100vw, 1427px\" \/><figcaption class=\"wp-element-caption\">Cr\u00e9dito ph: Beth Saravo<\/figcaption><\/figure>\n<\/div>\n\n\n<p><strong>Sobre Tate McRae:<\/strong><\/p>\n\n\n\n<p>La cantante, compositora y bailarina Tate McRae ha obtenido m\u00e1s de 10.7 mil millones de reproducciones en su carrera y m\u00faltiples \u00e9xitos #1 en el Top 40. Ha recibido innumerables reconocimientos, entre ellos el de Artista del A\u00f1o en los Premios JUNO 2024, nominaciones a tres MTV VMAs, dos Billboard Music Awards, m\u00faltiples People&#8217;s Choice Awards y iHeartRadio Music Awards, entre otros. Ha aparecido en la lista Power of Young Hollywood 2022 de Variety, en la lista 21 Under 21 de Billboard durante cuatro a\u00f1os consecutivos junto con la lista Forbes 2021 30 Under 30, donde fue la m\u00fasica m\u00e1s joven de la lista.<\/p>\n\n\n\n<p>El single #1 de Tate, certificado por la RIAA 4 veces platino, \u00abyou broke me first\u00bb, ha acumulado m\u00e1s de 2.2 mil millones de reproducciones desde su lanzamiento en 2020. Ha colaborado con varios artistas, incluyendo a Regard y Troye Sivan en su \u00e9xito #1 \u00abYou\u00bb, junto con Khalid en su canci\u00f3n \u00abworking\u00bb, \u00ab10:35\u00bb de Ti\u00ebsto y Jeremy Zucker en su sencillo viral \u00abthat way\u00bb. Su \u00e1lbum debut de 2022,\u00a0<em>I used to think i could fly,\u00a0<\/em>\u00a0alcanz\u00f3 el #1 en la lista global de \u00e1lbumes de Spotify y se ubic\u00f3 en el Top 10 en varios pa\u00edses tras su lanzamiento. Con su single certificado de platino \u00abShe&#8217;s All I Wanna Be\u00bb, el impresionante \u00e1lbum recibi\u00f3 elogios de personas como Billboard, que dijeron\u00a0<em>\u00ab&#8230; Tate McRae da el salto al estrellato en su esperado \u00e1lbum debut\u00bb,\u00a0<\/em>mientras que\u00a0<a href=\"https:\/\/grammy.com\/\">GRAMMY.com<\/a>\u00a0declar\u00f3:\u00a0<em>\u00ab&#8230; cada canci\u00f3n muestra que McRae est\u00e1 lista para ser una de las superestrellas m\u00e1s crudas y reales de su generaci\u00f3n\u00bb.<\/em><\/p>\n\n\n\n<p>El a\u00f1o pasado, la nativa de Calgary lanz\u00f3 su muy esperado segundo \u00e1lbum\u00a0<em>THINK LATER,\u00a0<\/em>catapultando a Tate al estrellato del pop. Debut\u00f3 en el #4 en la lista de \u00e1lbumes de Billboard y ha obtenido m\u00e1s de 3.4 mil millones de reproducciones en todo el mundo. Impregnado de atractivo pop y letras pegadizas, el \u00e1lbum presenta su single certificado 3 veces platino \u00abgreedy\u00bb, que obtuvo la estrella #1 en la lista Billboard Global 200, la lista Global Excl. US, la lista Global de Spotify y alcanz\u00f3 el # 1 en la radio Top 40. Los Angeles Times declar\u00f3 que ella es\u00a0<em>\u00ab&#8230; preparada para el estrellato del pop\u00bb,<\/em>\u00a0mientras que Vogue declar\u00f3 que est\u00e1\u00a0<em>\u00abconquistando el mundo\u00bb.<\/em><br>\u00a0<br>Su versatilidad como int\u00e9rprete ha cautivado al p\u00fablico de todo el mundo. Ya sea que est\u00e9 ofreciendo una poderosa interpretaci\u00f3n vocal o ejecutando coreograf\u00edas de alta energ\u00eda, Tate aporta una mezcla \u00fanica de arte y autenticidad a cada escenario.<\/p>\n","protected":false},"excerpt":{"rendered":"","protected":false},"author":5,"featured_media":11478,"comment_status":"open","ping_status":"open","sticky":false,"template":"","format":"standard","meta":{"om_disable_all_campaigns":false,"_uf_show_specific_survey":0,"_uf_disable_surveys":false,"footnotes":""},"categories":[4],"tags":[],"class_list":["post-11477","post","type-post","status-publish","format-standard","has-post-thumbnail","hentry","category-musica"],"_links":{"self":[{"href":"https:\/\/entrenotasyacordes.com\/index.php?rest_route=\/wp\/v2\/posts\/11477","targetHints":{"allow":["GET"]}}],"collection":[{"href":"https:\/\/entrenotasyacordes.com\/index.php?rest_route=\/wp\/v2\/posts"}],"about":[{"href":"https:\/\/entrenotasyacordes.com\/index.php?rest_route=\/wp\/v2\/types\/post"}],"author":[{"embeddable":true,"href":"https:\/\/entrenotasyacordes.com\/index.php?rest_route=\/wp\/v2\/users\/5"}],"replies":[{"embeddable":true,"href":"https:\/\/entrenotasyacordes.com\/index.php?rest_route=%2Fwp%2Fv2%2Fcomments&post=11477"}],"version-history":[{"count":1,"href":"https:\/\/entrenotasyacordes.com\/index.php?rest_route=\/wp\/v2\/posts\/11477\/revisions"}],"predecessor-version":[{"id":11480,"href":"https:\/\/entrenotasyacordes.com\/index.php?rest_route=\/wp\/v2\/posts\/11477\/revisions\/11480"}],"wp:featuredmedia":[{"embeddable":true,"href":"https:\/\/entrenotasyacordes.com\/index.php?rest_route=\/wp\/v2\/media\/11478"}],"wp:attachment":[{"href":"https:\/\/entrenotasyacordes.com\/index.php?rest_route=%2Fwp%2Fv2%2Fmedia&parent=11477"}],"wp:term":[{"taxonomy":"category","embeddable":true,"href":"https:\/\/entrenotasyacordes.com\/index.php?rest_route=%2Fwp%2Fv2%2Fcategories&post=11477"},{"taxonomy":"post_tag","embeddable":true,"href":"https:\/\/entrenotasyacordes.com\/index.php?rest_route=%2Fwp%2Fv2%2Ftags&post=11477"}],"curies":[{"name":"wp","href":"https:\/\/api.w.org\/{rel}","templated":true}]}}