{"id":11481,"date":"2024-09-13T18:09:24","date_gmt":"2024-09-13T18:09:24","guid":{"rendered":"https:\/\/entrenotasyacordes.com\/?p=11481"},"modified":"2024-09-13T18:09:26","modified_gmt":"2024-09-13T18:09:26","slug":"chencho-corleone-lanza-su-primer-album-solo","status":"publish","type":"post","link":"https:\/\/entrenotasyacordes.com\/?p=11481","title":{"rendered":"CHENCHO CORLEONE lanza su primer \u00e1lbum \u00abSOLO\u00bb"},"content":{"rendered":"\n<!--more-->\n\n\n<div class=\"wp-block-image\">\n<figure class=\"aligncenter size-full is-resized\"><img loading=\"lazy\" decoding=\"async\" width=\"758\" height=\"785\" src=\"https:\/\/entrenotasyacordes.com\/wp-content\/uploads\/2024\/09\/2r.jpg\" alt=\"\" class=\"wp-image-11482\" style=\"width:607px;height:auto\" srcset=\"https:\/\/entrenotasyacordes.com\/wp-content\/uploads\/2024\/09\/2r.jpg 758w, https:\/\/entrenotasyacordes.com\/wp-content\/uploads\/2024\/09\/2r-290x300.jpg 290w\" sizes=\"auto, (max-width: 758px) 100vw, 758px\" \/><\/figure>\n<\/div>\n\n\n<p class=\"has-text-align-left\">El renombrado artista puertorrique\u00f1o Chencho Corleone, una de las figuras relevantes del g\u00e9nero urbano ha acabado con la espera del lanzamiento de su primer \u00e1lbum de estudio, titulado \u00abSOLO\u00bb.<\/p>\n\n\n\n<p>\u00abSOLO\u00bb es una colecci\u00f3n de 17 canciones que exploran diversas historias al ritmo contagioso y la voz&nbsp; distintiva de Corleone que de seguro ser\u00e1n de gran disfrute entre sus seguidores. Esta es la primera producci\u00f3n del artista de la mano Sony Music Lat\u00edn.<\/p>\n\n\n\n<p class=\"has-text-align-left\">El \u00e1lbum cuenta con destacadas colaboraciones de artistas como, Rauw Alejandro, Jowell y Randy, Jay Wheeler, Peso Pluma y DJ Snake lo que asegura una propuesta vers\u00e1til que promete ser un \u00e9xito.<\/p>\n\n\n\n<p><strong>TRACKLIST:<\/strong><\/p>\n\n\n\n<ol class=\"wp-block-list\">\n<li><em>Tirao Pa Tra<\/em><\/li>\n\n\n\n<li><em>Piket\u00fa (con DJ Snake)<\/em><\/li>\n\n\n\n<li><em>Menta<\/em><\/li>\n\n\n\n<li><em>Maldad<\/em><\/li>\n\n\n\n<li><em>S\u00ed, Aj\u00e1<\/em><\/li>\n\n\n\n<li><em>Un Cigarrillo<\/em><\/li>\n\n\n\n<li><em>Kamasu<\/em><\/li>\n\n\n\n<li><em>Dolida (con Rauw Alejandro)<\/em><\/li>\n\n\n\n<li><em>Lo Caro y Lo Bueno<\/em><\/li>\n\n\n\n<li><em>Tremenda Ansiedad<\/em><\/li>\n\n\n\n<li><em>District (con Jowell y Randy)<\/em><\/li>\n\n\n\n<li><em>Good Times<\/em><\/li>\n\n\n\n<li><em>Cinco Estrellas (con Jay Wheeler)<\/em><\/li>\n\n\n\n<li><em>Solo Estoy Mejor<\/em><\/li>\n\n\n\n<li><em>HUMO (con Peso Pluma)<\/em><\/li>\n\n\n\n<li><em>Hijuela<\/em><\/li>\n\n\n\n<li><em>Himalaya<\/em><\/li>\n<\/ol>\n\n\n\n<p>As\u00ed, este lanzamiento marca una nueva etapa en la carrera de Chencho Corleone, quien aparte de su enfoque en la m\u00fasica, ha mantenido una s\u00f3lida relaci\u00f3n con el mundo del entretenimiento y las marcas. Recientemente, Sprite present\u00f3 una edici\u00f3n limitada de latas en colaboraci\u00f3n con el cantante, demostrando su apoyo continuo al crecimiento del g\u00e9nero urbano en Puerto Rico y a nivel mundial.<br><br>Esta colaboraci\u00f3n que forma parte de la alianza entre Sprite y Chencho Corleone, presentando el nuevo sabor Cherry Lime, lanzado como edici\u00f3n especial, debut\u00f3 durante el concierto \u00abSolo \u00c9xitos\u00bb que el artista ofreci\u00f3 el 16 de agosto de 2023 en el Coliseo de Puerto Rico.<br>&nbsp;<br>Chencho ha expresado que este \u00e1lbum es un reflejo de su crecimiento art\u00edstico y personal. \u00abCada canci\u00f3n tiene una esencia \u00fanica, y quer\u00eda que los fans pudieran &nbsp;encontrar una conexi\u00f3n personal con ellas y la esencia de mi estilo plasmada en cada tema. Por eso nos tomamos tiempo para crear un proyecto de calidad y buena m\u00fasica a mis fans \u00ab, explic\u00f3 el cantante.<\/p>\n","protected":false},"excerpt":{"rendered":"","protected":false},"author":5,"featured_media":11482,"comment_status":"open","ping_status":"open","sticky":false,"template":"","format":"standard","meta":{"om_disable_all_campaigns":false,"_uf_show_specific_survey":0,"_uf_disable_surveys":false,"footnotes":""},"categories":[4],"tags":[],"class_list":["post-11481","post","type-post","status-publish","format-standard","has-post-thumbnail","hentry","category-musica"],"_links":{"self":[{"href":"https:\/\/entrenotasyacordes.com\/index.php?rest_route=\/wp\/v2\/posts\/11481","targetHints":{"allow":["GET"]}}],"collection":[{"href":"https:\/\/entrenotasyacordes.com\/index.php?rest_route=\/wp\/v2\/posts"}],"about":[{"href":"https:\/\/entrenotasyacordes.com\/index.php?rest_route=\/wp\/v2\/types\/post"}],"author":[{"embeddable":true,"href":"https:\/\/entrenotasyacordes.com\/index.php?rest_route=\/wp\/v2\/users\/5"}],"replies":[{"embeddable":true,"href":"https:\/\/entrenotasyacordes.com\/index.php?rest_route=%2Fwp%2Fv2%2Fcomments&post=11481"}],"version-history":[{"count":1,"href":"https:\/\/entrenotasyacordes.com\/index.php?rest_route=\/wp\/v2\/posts\/11481\/revisions"}],"predecessor-version":[{"id":11483,"href":"https:\/\/entrenotasyacordes.com\/index.php?rest_route=\/wp\/v2\/posts\/11481\/revisions\/11483"}],"wp:featuredmedia":[{"embeddable":true,"href":"https:\/\/entrenotasyacordes.com\/index.php?rest_route=\/wp\/v2\/media\/11482"}],"wp:attachment":[{"href":"https:\/\/entrenotasyacordes.com\/index.php?rest_route=%2Fwp%2Fv2%2Fmedia&parent=11481"}],"wp:term":[{"taxonomy":"category","embeddable":true,"href":"https:\/\/entrenotasyacordes.com\/index.php?rest_route=%2Fwp%2Fv2%2Fcategories&post=11481"},{"taxonomy":"post_tag","embeddable":true,"href":"https:\/\/entrenotasyacordes.com\/index.php?rest_route=%2Fwp%2Fv2%2Ftags&post=11481"}],"curies":[{"name":"wp","href":"https:\/\/api.w.org\/{rel}","templated":true}]}}