{"id":11484,"date":"2024-09-13T18:20:23","date_gmt":"2024-09-13T18:20:23","guid":{"rendered":"https:\/\/entrenotasyacordes.com\/?p=11484"},"modified":"2024-09-13T18:20:25","modified_gmt":"2024-09-13T18:20:25","slug":"soley-presenta-su-nuevo-perreito40","status":"publish","type":"post","link":"https:\/\/entrenotasyacordes.com\/?p=11484","title":{"rendered":"SOLEY presenta su nuevo perreito\u00bb40&#8243;"},"content":{"rendered":"\n<!--more-->\n\n\n<div class=\"wp-block-image\">\n<figure class=\"aligncenter size-full is-resized\"><img loading=\"lazy\" decoding=\"async\" width=\"888\" height=\"888\" src=\"https:\/\/entrenotasyacordes.com\/wp-content\/uploads\/2024\/09\/2s.jpg\" alt=\"\" class=\"wp-image-11485\" style=\"width:607px;height:auto\" srcset=\"https:\/\/entrenotasyacordes.com\/wp-content\/uploads\/2024\/09\/2s.jpg 888w, https:\/\/entrenotasyacordes.com\/wp-content\/uploads\/2024\/09\/2s-300x300.jpg 300w, https:\/\/entrenotasyacordes.com\/wp-content\/uploads\/2024\/09\/2s-150x150.jpg 150w, https:\/\/entrenotasyacordes.com\/wp-content\/uploads\/2024\/09\/2s-768x768.jpg 768w, https:\/\/entrenotasyacordes.com\/wp-content\/uploads\/2024\/09\/2s-50x50.jpg 50w\" sizes=\"auto, (max-width: 888px) 100vw, 888px\" \/><\/figure>\n<\/div>\n\n\n<p class=\"has-text-align-left\"><strong>Soley quien suma cerca de 5 Millones de seguidores en TikTok y +400K Oyentes mensuales en Spotify, eleva la temperatura con su nuevo single \u201c40\u00ba\u201d, este es el segundo adelanto de su pr\u00f3ximo EP titulado \u00abSOL\u00bb, previsto para lanzarse en octubre.<\/strong><br><br>La joven artista colombiana <strong>Soley<\/strong>, no le baja a los hits con los que tiene encantados a todos los fan\u00e1ticos del g\u00e9nero urbano y sus fieles seguidores. Fue tan solo hace un mes, que \u201c<em>La<\/em> <em>Bellakita<\/em>\u201d &#8211; como tambi\u00e9n se conoce a la colombiana &#8211; lanz\u00f3 \u201c<strong>Cocoloco<\/strong>\u201d junto al cartagenero <strong>Zaider<\/strong>, y ahora ya est\u00e1 disponible en todas las plataformas digitales al igual que su video en YouTube, lo nuevo de Soley, \u201c<strong>40\u00b0<\/strong>\u201d.<br><br>Con esta nueva apuesta, <strong>Soley<\/strong> sigue pisando fuerte en el g\u00e9nero, al demostrar que su talento es vers\u00e1til en las diferentes ramas que puede ofrecer, pues \u201cCocoloco\u201d (1M de views en YouTube) es un afro con champeta para disfrutar y bailar suavecito, mientras que \u201c<strong>40\u00b0<\/strong>\u201d, es el \u201cpropio perreo\u201d entre el reggae y el reggaet\u00f3n, para sudar en la discoteca.<\/p>\n\n\n\n<p class=\"has-text-align-left\">Hablando de sudor, los \u201c<strong>40\u00b0<\/strong>\u201d del nombre de la canci\u00f3n, hacen alusi\u00f3n precisamente a eso, a ese calor que se da entre el baile, el coqueteo y la sensualidad que est\u00e1 expl\u00edcita tanto en la letra como en el video de la canci\u00f3n que ilustra como unas chicas que se ven y se sienten hermosas, empoderadas y sexies, terminan montando una fiesta con amigos en pleno carwash.<br><br>Empapada en agua y jab\u00f3n, la artista y su equipo rodaron el video de \u201c<strong>40\u00b0<\/strong>\u201d en un estudio de la ciudad de Medell\u00edn, ciudad donde tambi\u00e9n naci\u00f3 la letra y producci\u00f3n de la canci\u00f3n junto a <strong>The<\/strong> <strong>Prodigiez<\/strong>.<\/p>\n\n\n<div class=\"wp-block-image\">\n<figure class=\"aligncenter size-full is-resized\"><img loading=\"lazy\" decoding=\"async\" width=\"666\" height=\"888\" src=\"https:\/\/entrenotasyacordes.com\/wp-content\/uploads\/2024\/09\/2t.jpg\" alt=\"\" class=\"wp-image-11486\" style=\"width:607px;height:auto\" srcset=\"https:\/\/entrenotasyacordes.com\/wp-content\/uploads\/2024\/09\/2t.jpg 666w, https:\/\/entrenotasyacordes.com\/wp-content\/uploads\/2024\/09\/2t-225x300.jpg 225w\" sizes=\"auto, (max-width: 666px) 100vw, 666px\" \/><\/figure>\n<\/div>\n\n\n<p>Recientemente, Spotify eligi\u00f3 a <strong>Soley<\/strong> como la \u00fanica mujer, entre los artistas colombianos de la nueva generaci\u00f3n que la est\u00e1n rompiendo en el mundo de la m\u00fasica urbana en este 2024, \u201c<em>la<\/em> <em>bellakita<\/em>\u201d, hizo su primera gira promocional por Espa\u00f1a, en donde llev\u00f3 su m\u00fasica a ciudades como Barcelona, Fuengirola y por \u00faltimo Madrid, all\u00ed fue una de las artistas m\u00e1s aplaudidas del show del orgullo LGBTI 2024 en donde sus canciones fueron coreadas por m\u00e1s de 30.000 asistentes en la plaza Espa\u00f1a en el centro de Madrid.<br><br>Tambi\u00e9n fue galardonada con disco de platino en Colombia por su \u00e9xito \u201c<strong>Todos<\/strong> <strong>Mienten<\/strong>\u201d, la cual acumula m\u00e1s de 40 millones de streams y Disco de Oro por su sencillo \u00ab<strong>3:33<\/strong>\u00ab, ambos tracks son parte de su primer EP <strong><em>La<\/em><\/strong> <strong><em>Bellakita<\/em><\/strong>, este reconocimiento solidifica su posici\u00f3n como una de las promesas m\u00e1s imponentes en el mundo de la m\u00fasica urbana.<\/p>\n\n\n\n<p><strong>Soley<\/strong> ha deslumbrado en escenarios importantes como el Estadio Atanasio Girardot durante el Ma\u00f1ana Ser\u00e1 Bonito Fest de <strong>Karol<\/strong> <strong>G<\/strong> en Medell\u00edn, el Pepsi Center en Ciudad de M\u00e9xico como telonera de Ryan Castro y el Movistar Arena de Bogot\u00e1, en donde fue acto de apertura para <strong>Blessd<\/strong>. Adem\u00e1s, ha participado en festivales de renombre como La Solar, Est\u00e9reo Picnic en Colombia y el Festival Pic-Nic en Costa Rica, mostrando su habilidad para combinar voz y baile en presentaciones inolvidables, Soley estar\u00e1 presente en el Coca Cola Flow Fest en M\u00e9xico en el pr\u00f3ximo mes de noviembre.<\/p>\n","protected":false},"excerpt":{"rendered":"","protected":false},"author":5,"featured_media":11486,"comment_status":"open","ping_status":"open","sticky":false,"template":"","format":"standard","meta":{"om_disable_all_campaigns":false,"_uf_show_specific_survey":0,"_uf_disable_surveys":false,"footnotes":""},"categories":[4],"tags":[],"class_list":["post-11484","post","type-post","status-publish","format-standard","has-post-thumbnail","hentry","category-musica"],"_links":{"self":[{"href":"https:\/\/entrenotasyacordes.com\/index.php?rest_route=\/wp\/v2\/posts\/11484","targetHints":{"allow":["GET"]}}],"collection":[{"href":"https:\/\/entrenotasyacordes.com\/index.php?rest_route=\/wp\/v2\/posts"}],"about":[{"href":"https:\/\/entrenotasyacordes.com\/index.php?rest_route=\/wp\/v2\/types\/post"}],"author":[{"embeddable":true,"href":"https:\/\/entrenotasyacordes.com\/index.php?rest_route=\/wp\/v2\/users\/5"}],"replies":[{"embeddable":true,"href":"https:\/\/entrenotasyacordes.com\/index.php?rest_route=%2Fwp%2Fv2%2Fcomments&post=11484"}],"version-history":[{"count":1,"href":"https:\/\/entrenotasyacordes.com\/index.php?rest_route=\/wp\/v2\/posts\/11484\/revisions"}],"predecessor-version":[{"id":11487,"href":"https:\/\/entrenotasyacordes.com\/index.php?rest_route=\/wp\/v2\/posts\/11484\/revisions\/11487"}],"wp:featuredmedia":[{"embeddable":true,"href":"https:\/\/entrenotasyacordes.com\/index.php?rest_route=\/wp\/v2\/media\/11486"}],"wp:attachment":[{"href":"https:\/\/entrenotasyacordes.com\/index.php?rest_route=%2Fwp%2Fv2%2Fmedia&parent=11484"}],"wp:term":[{"taxonomy":"category","embeddable":true,"href":"https:\/\/entrenotasyacordes.com\/index.php?rest_route=%2Fwp%2Fv2%2Fcategories&post=11484"},{"taxonomy":"post_tag","embeddable":true,"href":"https:\/\/entrenotasyacordes.com\/index.php?rest_route=%2Fwp%2Fv2%2Ftags&post=11484"}],"curies":[{"name":"wp","href":"https:\/\/api.w.org\/{rel}","templated":true}]}}