{"id":11491,"date":"2024-09-13T18:32:47","date_gmt":"2024-09-13T18:32:47","guid":{"rendered":"https:\/\/entrenotasyacordes.com\/?p=11491"},"modified":"2024-09-13T18:32:49","modified_gmt":"2024-09-13T18:32:49","slug":"cada-vez-mas-cerca-niall-horan-cumple-anos-5-cosas-que-no-sabias-del-artista-que-regresara-a-argentina-en-octubre","status":"publish","type":"post","link":"https:\/\/entrenotasyacordes.com\/?p=11491","title":{"rendered":"\u00a1CADA VEZ M\u00c1S CERCA! NIALL HORAN CUMPLE A\u00d1OS: 5 COSAS QUE NO SAB\u00cdAS DEL ARTISTA QUE REGRESAR\u00c1 A ARGENTINA EN OCTUBRE"},"content":{"rendered":"\n<!--more-->\n\n\n\n<p>Hoy, 13 de septiembre, el artista irland\u00e9s que enamora generaciones de fans desde hace m\u00e1s de una d\u00e9cada, regresa por tercera vez al pa\u00eds y te contamos cinco curiosidades antes de su visita el pr\u00f3ximo mes.<\/p>\n\n\n\n<p class=\"has-text-align-center\"><strong>2 DE OCTUBRE | MOVISTAR ARENA<\/strong><br><strong>TICKETS A LA VENTA A TRAV\u00c9S DE\u00a0<\/strong><a href=\"https:\/\/instagramc.tr.pemsv30.net\/c\/eyJhIjoiaW5zdGFncmFtYyIsIm0iOiJtYWlsX2NtMTB5Y3c1bXJvZnMwODgzaWF1d3I5ajEiLCJsIjoibGlua182ZDBjMzM3NjU2ZTQyMzg5OGRhNWFjNjAyMDQzOTY2MzRiOTEyYzlmXzRmZTU1ZSIsImkiOltdLCJ1IjoiaHR0cHM6Ly93d3cubW92aXN0YXJhcmVuYS5jb20uYXIvc2hvdy9hOGUzOTgzYy1lOGZhLTQyOWQtODY5Zi1mZGU4M2JhYWJjMjA_dXRtX3NvdXJjZT1wZXJmaXQmdXRtX21lZGl1bT1lbWFpbCZ1dG1fY2FtcGFpZ249TklBTEwlMjBIT1JBTiUyMCU3QyUyMENVUklPU0lEQURFUyIsImMiOiIiLCJoIjoiYmJhYWJkIn0\" target=\"_blank\" rel=\"noreferrer noopener\">MOVISTAR ARENA<\/a><\/p>\n\n\n<div class=\"wp-block-image\">\n<figure class=\"aligncenter size-full\"><img loading=\"lazy\" decoding=\"async\" width=\"579\" height=\"513\" src=\"https:\/\/entrenotasyacordes.com\/wp-content\/uploads\/2024\/09\/2v.jpeg\" alt=\"\" class=\"wp-image-11492\" srcset=\"https:\/\/entrenotasyacordes.com\/wp-content\/uploads\/2024\/09\/2v.jpeg 579w, https:\/\/entrenotasyacordes.com\/wp-content\/uploads\/2024\/09\/2v-300x266.jpeg 300w\" sizes=\"auto, (max-width: 579px) 100vw, 579px\" \/><\/figure>\n<\/div>\n\n\n<p class=\"has-text-align-left\">\u00a1Niall Horan est\u00e1 de festejo! Hoy, viernes 13 de septiembre, el m\u00fasico irland\u00e9s cumple 31 a\u00f1os y lo celebramos develando algunas curiosidades que hacen del ex One Direction, uno de los artistas Pop m\u00e1s queridos de la industria. Tras seis a\u00f1os de su \u00faltimo concierto en Argentina, Niall se estar\u00e1 presentando el pr\u00f3ximo 2 de octubre en Movistar Arena y se pueden conseguir los \u00faltimos tickets disponibles a trav\u00e9s de la web de\u00a0<a href=\"https:\/\/instagramc.tr.pemsv30.net\/c\/eyJhIjoiaW5zdGFncmFtYyIsIm0iOiJtYWlsX2NtMTB5Y3c1bXJvZnMwODgzaWF1d3I5ajEiLCJsIjoibGlua182ZDBjMzM3NjU2ZTQyMzg5OGRhNWFjNjAyMDQzOTY2MzRiOTEyYzlmX2EzOGI1ZSIsImkiOltdLCJ1IjoiaHR0cHM6Ly93d3cubW92aXN0YXJhcmVuYS5jb20uYXIvc2hvdy9hOGUzOTgzYy1lOGZhLTQyOWQtODY5Zi1mZGU4M2JhYWJjMjA_dXRtX3NvdXJjZT1wZXJmaXQmdXRtX21lZGl1bT1lbWFpbCZ1dG1fY2FtcGFpZ249TklBTEwlMjBIT1JBTiUyMCU3QyUyMENVUklPU0lEQURFUyIsImMiOiIiLCJoIjoiYzY2MDVhIn0\" target=\"_blank\" rel=\"noreferrer noopener\">Movistar Arena<\/a>.<\/p>\n\n\n\n<p class=\"has-text-align-center\"><strong>1. NIALL ES FAN DE ARGENTINA<\/strong><\/p>\n\n\n\n<p class=\"has-text-align-left\">Desde su primera visita al pa\u00eds durante el auge mundial de Direction, y luego con su paso por Argentina en 2018 con \u201c<strong><em>Flicker World Tour<\/em><\/strong>\u201d (con producci\u00f3n de DF Entertainment), Horan ha expresado en diversas ocasiones su admiraci\u00f3n por el entusiasmo y la energ\u00eda del p\u00fablico argentino. A lo largo de los a\u00f1os, esta conexi\u00f3n se ha fortalecido, siendo Argentina uno de los lugares que m\u00e1s destaca cuando habla sobre el calor y la entrega de sus seguidores en vivo.<\/p>\n\n\n<div class=\"wp-block-image\">\n<figure class=\"aligncenter size-full is-resized\"><img loading=\"lazy\" decoding=\"async\" width=\"631\" height=\"409\" src=\"https:\/\/entrenotasyacordes.com\/wp-content\/uploads\/2024\/09\/2w.jpeg\" alt=\"\" class=\"wp-image-11493\" style=\"width:607px;height:auto\" srcset=\"https:\/\/entrenotasyacordes.com\/wp-content\/uploads\/2024\/09\/2w.jpeg 631w, https:\/\/entrenotasyacordes.com\/wp-content\/uploads\/2024\/09\/2w-300x194.jpeg 300w\" sizes=\"auto, (max-width: 631px) 100vw, 631px\" \/><\/figure>\n<\/div>\n\n\n<p class=\"has-text-align-center\"><strong>2. NIALL Y MESSI: UN S\u00d3LO CORAZ\u00d3N<\/strong><\/p>\n\n\n\n<p>Adem\u00e1s de su carrera musical,\u00a0<strong>Niall\u00a0<\/strong>es conocido por su amor al f\u00fatbol, y su admiraci\u00f3n por jugadores argentinos como Lionel Messi ha sido expresada en diversas entrevistas. Como apasionado del deporte, Horan sigue de cerca las ligas y campeonatos internacionales, lo que refuerza su conexi\u00f3n con una naci\u00f3n donde el f\u00fatbol es un componente esencial de la cultura popular. Por supuesto, en diciembre del 2022, fue una de las tantas celebridades que vivieron el minuto a minuto de la final del mundial y celebraron, no s\u00f3lo el t\u00edtulo de la selecci\u00f3n nacional, sino tambi\u00e9n la labor de Lionel Messi en el equipo. \u00a0<\/p>\n\n\n<div class=\"wp-block-image\">\n<figure class=\"aligncenter size-full is-resized\"><img loading=\"lazy\" decoding=\"async\" width=\"621\" height=\"317\" src=\"https:\/\/entrenotasyacordes.com\/wp-content\/uploads\/2024\/09\/2x.jpeg\" alt=\"\" class=\"wp-image-11494\" style=\"width:607px;height:auto\" srcset=\"https:\/\/entrenotasyacordes.com\/wp-content\/uploads\/2024\/09\/2x.jpeg 621w, https:\/\/entrenotasyacordes.com\/wp-content\/uploads\/2024\/09\/2x-300x153.jpeg 300w\" sizes=\"auto, (max-width: 621px) 100vw, 621px\" \/><\/figure>\n<\/div>\n\n<div class=\"wp-block-image\">\n<figure class=\"aligncenter size-full is-resized\"><img loading=\"lazy\" decoding=\"async\" width=\"584\" height=\"299\" src=\"https:\/\/entrenotasyacordes.com\/wp-content\/uploads\/2024\/09\/2y.jpeg\" alt=\"\" class=\"wp-image-11495\" style=\"width:607px;height:auto\" srcset=\"https:\/\/entrenotasyacordes.com\/wp-content\/uploads\/2024\/09\/2y.jpeg 584w, https:\/\/entrenotasyacordes.com\/wp-content\/uploads\/2024\/09\/2y-300x154.jpeg 300w\" sizes=\"auto, (max-width: 584px) 100vw, 584px\" \/><\/figure>\n<\/div>\n\n\n<p class=\"has-text-align-center\"><strong>3. \u00a1FAN DEL ASADO ARGENTINO!<\/strong><\/p>\n\n\n\n<p>Finalmente, su aprecio por la gastronom\u00eda argentina es otro aspecto que lo vincula con el pa\u00eds. Durante su \u00faltima visita, el cantante no dud\u00f3 en alabar la calidad de la comida local, especialmente el tradicional asado, una experiencia que seguramente buscar\u00e1 repetir en su pr\u00f3ximo paso por Buenos Aires.<\/p>\n\n\n\n<p>Con su llegada inminente,&nbsp;<strong>Niall Horan<\/strong>&nbsp;se prepara para reencontrarse con un p\u00fablico que ha sabido apoyarlo desde los inicios de su carrera solista, en un show que promete ser memorable tanto para el artista como para sus fans argentinos.<\/p>\n\n\n\n<p class=\"has-text-align-center\"><strong>4. NIALL HORAN Y SUS INICIOS EN EL FOLK ROCK<\/strong><\/p>\n\n\n\n<p>En el \u00e1mbito musical, Niall ha consolidado su trayectoria con tres \u00e1lbumes de estudio:&nbsp;<a target=\"_blank\" href=\"https:\/\/instagramc.tr.pemsv30.net\/c\/eyJhIjoiaW5zdGFncmFtYyIsIm0iOiJtYWlsX2NtMTB5Y3c1bXJvZnMwODgzaWF1d3I5ajEiLCJsIjoibGlua180MmIwNjkzNzZiMTkxNjhkYzA5YTRlNWRjZGI5MzU5ODdkYWMzOTcxX2RiNTlhNCIsImkiOltdLCJ1IjoiaHR0cHM6Ly9vcGVuLnNwb3RpZnkuY29tL2FsYnVtLzdhaGN0UUJ3Y1N4RGRQMGZSQVBvMnA_dXRtX3NvdXJjZT1wZXJmaXQmdXRtX21lZGl1bT1lbWFpbCZ1dG1fY2FtcGFpZ249TklBTEwlMjBIT1JBTiUyMCU3QyUyMENVUklPU0lEQURFUyIsImMiOiIiLCJoIjoiMWY5MGU1In0\" rel=\"noreferrer noopener\">Flicker&nbsp;<\/a>(2017),&nbsp;<a target=\"_blank\" href=\"https:\/\/instagramc.tr.pemsv30.net\/c\/eyJhIjoiaW5zdGFncmFtYyIsIm0iOiJtYWlsX2NtMTB5Y3c1bXJvZnMwODgzaWF1d3I5ajEiLCJsIjoibGlua181YjFjMWZhYjI5NjE4ZTIyNWIzMGRkMWVmZmY2MTAxOWYwOTVlYmMwXzY4Y2Q1NCIsImkiOltdLCJ1IjoiaHR0cHM6Ly9vcGVuLnNwb3RpZnkuY29tL2FsYnVtLzVnZG9SQjFBVXNHblNjQ3VaOGdtUHA_dXRtX3NvdXJjZT1wZXJmaXQmdXRtX21lZGl1bT1lbWFpbCZ1dG1fY2FtcGFpZ249TklBTEwlMjBIT1JBTiUyMCU3QyUyMENVUklPU0lEQURFUyIsImMiOiIiLCJoIjoiMGI3ZjYyIn0\" rel=\"noreferrer noopener\">Heartbreak Weather<\/a>&nbsp;(2020) y&nbsp;<a target=\"_blank\" href=\"https:\/\/instagramc.tr.pemsv30.net\/c\/eyJhIjoiaW5zdGFncmFtYyIsIm0iOiJtYWlsX2NtMTB5Y3c1bXJvZnMwODgzaWF1d3I5ajEiLCJsIjoibGlua19kNmE2NDQzYzJhMDU3YWQ5ZWZjMWIyY2U3ZTNkMmQ1NjU5NDMxMDIzX2ViMGEzMCIsImkiOltdLCJ1IjoiaHR0cHM6Ly9vcGVuLnNwb3RpZnkuY29tL2ludGwtZXMvYWxidW0vN0N3UWNzd2RTblBzU3dRdHNrRW1UND91dG1fc291cmNlPXBlcmZpdCZ1dG1fbWVkaXVtPWVtYWlsJnV0bV9jYW1wYWlnbj1OSUFMTCUyMEhPUkFOJTIwJTdDJTIwQ1VSSU9TSURBREVTIiwiYyI6IiIsImgiOiIzMWEyZTAifQ\" rel=\"noreferrer noopener\">The Show<\/a>&nbsp;(2023). Su debut,&nbsp;<strong>Flicker<\/strong>, lo mostr\u00f3 como un artista profundamente influenciado por el folk y el rock suave, con canciones de car\u00e1cter \u00edntimo y mel\u00f3dico.&nbsp;<strong>Heartbreak Weather<\/strong>, por su parte, revel\u00f3 una faceta m\u00e1s pop y optimista, con un sonido vibrante y energ\u00e9tico. Su m\u00e1s reciente trabajo,&nbsp;<strong>The Show<\/strong>, ha sido recibido con gran aclamaci\u00f3n, destacando por sus letras introspectivas y la madurez sonora que refleja su crecimiento personal y art\u00edstico. En su pr\u00f3ximo concierto, los fans tendr\u00e1n la oportunidad de disfrutar de este recorrido musical, que abarca desde baladas emocionales hasta himnos m\u00e1s alegres y reflexivos.<\/p>\n\n\n\n<p>En sus conciertos, adem\u00e1s de interpretar su propio repertorio, Niall suele hacer homenajes a la m\u00fasica que lo ha influenciado. Un claro ejemplo es su versi\u00f3n de&nbsp;<a target=\"_blank\" href=\"https:\/\/instagramc.tr.pemsv30.net\/c\/eyJhIjoiaW5zdGFncmFtYyIsIm0iOiJtYWlsX2NtMTB5Y3c1bXJvZnMwODgzaWF1d3I5ajEiLCJsIjoibGlua18yMDlmOTQ1MGRlODhlYmRhNjdiY2RlNGNiY2RmZTYzMTE1MDA0NThhX2MzNGNkMyIsImkiOltdLCJ1IjoiaHR0cHM6Ly93d3cueW91dHViZS5jb20vd2F0Y2g_dj1VbVBnTWMzUjh6ZyZ1dG1fc291cmNlPXBlcmZpdCZ1dG1fbWVkaXVtPWVtYWlsJnV0bV9jYW1wYWlnbj1OSUFMTCUyMEhPUkFOJTIwJTdDJTIwQ1VSSU9TSURBREVTIiwiYyI6IiIsImgiOiJmMTA5NjUifQ\" rel=\"noreferrer noopener\">Edge of Seventeen<\/a>&nbsp;de&nbsp;<strong>Stevie Nicks<\/strong>, una leyenda del rock cl\u00e1sico que conecta directamente con su afinidad por el folk y el rock de \u00e9pocas pasadas. Estos momentos especiales en sus shows permiten a sus seguidores disfrutar no solo de su m\u00fasica original, sino tambi\u00e9n de su profunda admiraci\u00f3n por los grandes del g\u00e9nero.<\/p>\n\n\n\n<p class=\"has-text-align-center\"><strong>5. NIALL Y EL LEGADO CON ONE DIRECTION<\/strong><\/p>\n\n\n\n<p>Aunque Niall ha construido una exitosa carrera como solista, su legado con&nbsp;<strong>One Direction<\/strong>&nbsp;sigue presente en sus actuaciones. En sus shows contin\u00faa interpretando algunos de los grandes \u00e9xitos de la banda como&nbsp;<a target=\"_blank\" href=\"https:\/\/instagramc.tr.pemsv30.net\/c\/eyJhIjoiaW5zdGFncmFtYyIsIm0iOiJtYWlsX2NtMTB5Y3c1bXJvZnMwODgzaWF1d3I5ajEiLCJsIjoibGlua19kMjBlNzFkOTkzOTg0NjRhZDcyNDlmYWJjNjU0NjQ3MWEwNzI1ZjZiXzlhZWJlMCIsImkiOltdLCJ1IjoiaHR0cHM6Ly93d3cueW91dHViZS5jb20vd2F0Y2g_dj1zeUZaZk9fd2ZNUSZ1dG1fc291cmNlPXBlcmZpdCZ1dG1fbWVkaXVtPWVtYWlsJnV0bV9jYW1wYWlnbj1OSUFMTCUyMEhPUkFOJTIwJTdDJTIwQ1VSSU9TSURBREVTIiwiYyI6IiIsImgiOiIwYjcwMDgifQ\" rel=\"noreferrer noopener\">Night Changes<\/a>&nbsp;y&nbsp;<a target=\"_blank\" href=\"https:\/\/instagramc.tr.pemsv30.net\/c\/eyJhIjoiaW5zdGFncmFtYyIsIm0iOiJtYWlsX2NtMTB5Y3c1bXJvZnMwODgzaWF1d3I5ajEiLCJsIjoibGlua183ZmUzNmU0YTMxYWM2ZGZjYjE2YmQ2ZGU2MzY4NzJlY2Y0NDcwZmI0XzE4ODA5MyIsImkiOltdLCJ1IjoiaHR0cHM6Ly93d3cueW91dHViZS5jb20vd2F0Y2g_dj1uR1l5VHc5UklhOCZ1dG1fc291cmNlPXBlcmZpdCZ1dG1fbWVkaXVtPWVtYWlsJnV0bV9jYW1wYWlnbj1OSUFMTCUyMEhPUkFOJTIwJTdDJTIwQ1VSSU9TSURBREVTIiwiYyI6IiIsImgiOiI3MzFhYjMifQ\" rel=\"noreferrer noopener\">Stockholm Syndrome<\/a>, lo que genera una respuesta entusiasta y nost\u00e1lgica entre sus fans. Estos momentos se convierten en verdaderos puntos \u00e1lgidos del concierto, donde el p\u00fablico se deja llevar por los recuerdos y la emoci\u00f3n de revivir esas ic\u00f3nicas canciones.<\/p>\n\n\n\n<p>Con su llegada inminente,&nbsp;<strong>Niall Horan<\/strong>&nbsp;se prepara para reencontrarse con un p\u00fablico que ha sabido apoyarlo desde los inicios de su carrera solista, en un show que promete ser memorable tanto para el artista como para sus fans argentinos.<\/p>\n\n\n<div class=\"wp-block-image\">\n<figure class=\"aligncenter size-full is-resized\"><img loading=\"lazy\" decoding=\"async\" width=\"779\" height=\"543\" src=\"https:\/\/entrenotasyacordes.com\/wp-content\/uploads\/2024\/09\/2z.jpeg\" alt=\"\" class=\"wp-image-11496\" style=\"width:607px;height:auto\" srcset=\"https:\/\/entrenotasyacordes.com\/wp-content\/uploads\/2024\/09\/2z.jpeg 779w, https:\/\/entrenotasyacordes.com\/wp-content\/uploads\/2024\/09\/2z-300x209.jpeg 300w, https:\/\/entrenotasyacordes.com\/wp-content\/uploads\/2024\/09\/2z-768x535.jpeg 768w\" sizes=\"auto, (max-width: 779px) 100vw, 779px\" \/><\/figure>\n<\/div>","protected":false},"excerpt":{"rendered":"","protected":false},"author":5,"featured_media":11492,"comment_status":"open","ping_status":"open","sticky":false,"template":"","format":"standard","meta":{"om_disable_all_campaigns":false,"_uf_show_specific_survey":0,"_uf_disable_surveys":false,"footnotes":""},"categories":[10],"tags":[],"class_list":["post-11491","post","type-post","status-publish","format-standard","has-post-thumbnail","hentry","category-videos"],"_links":{"self":[{"href":"https:\/\/entrenotasyacordes.com\/index.php?rest_route=\/wp\/v2\/posts\/11491","targetHints":{"allow":["GET"]}}],"collection":[{"href":"https:\/\/entrenotasyacordes.com\/index.php?rest_route=\/wp\/v2\/posts"}],"about":[{"href":"https:\/\/entrenotasyacordes.com\/index.php?rest_route=\/wp\/v2\/types\/post"}],"author":[{"embeddable":true,"href":"https:\/\/entrenotasyacordes.com\/index.php?rest_route=\/wp\/v2\/users\/5"}],"replies":[{"embeddable":true,"href":"https:\/\/entrenotasyacordes.com\/index.php?rest_route=%2Fwp%2Fv2%2Fcomments&post=11491"}],"version-history":[{"count":1,"href":"https:\/\/entrenotasyacordes.com\/index.php?rest_route=\/wp\/v2\/posts\/11491\/revisions"}],"predecessor-version":[{"id":11497,"href":"https:\/\/entrenotasyacordes.com\/index.php?rest_route=\/wp\/v2\/posts\/11491\/revisions\/11497"}],"wp:featuredmedia":[{"embeddable":true,"href":"https:\/\/entrenotasyacordes.com\/index.php?rest_route=\/wp\/v2\/media\/11492"}],"wp:attachment":[{"href":"https:\/\/entrenotasyacordes.com\/index.php?rest_route=%2Fwp%2Fv2%2Fmedia&parent=11491"}],"wp:term":[{"taxonomy":"category","embeddable":true,"href":"https:\/\/entrenotasyacordes.com\/index.php?rest_route=%2Fwp%2Fv2%2Fcategories&post=11491"},{"taxonomy":"post_tag","embeddable":true,"href":"https:\/\/entrenotasyacordes.com\/index.php?rest_route=%2Fwp%2Fv2%2Ftags&post=11491"}],"curies":[{"name":"wp","href":"https:\/\/api.w.org\/{rel}","templated":true}]}}