{"id":11535,"date":"2024-09-17T21:52:32","date_gmt":"2024-09-17T21:52:32","guid":{"rendered":"https:\/\/entrenotasyacordes.com\/?p=11535"},"modified":"2024-09-17T21:52:33","modified_gmt":"2024-09-17T21:52:33","slug":"avedorada-lanza-el-video-del-sencillo-nueva-era-dirigido-por-salome-vorfas","status":"publish","type":"post","link":"https:\/\/entrenotasyacordes.com\/?p=11535","title":{"rendered":"JUAN NAVIA PRESENTA\u00a0\u00abLUSH: VIBRALOUNGE\u00bb, SEGUNDO SINGLE DEL\u00a0SHORT FILM \u00abFL\u00c2NEUR LIVE SESSION\u00bb"},"content":{"rendered":"\n<!--more-->\n\n\n<div class=\"wp-block-image\">\n<figure class=\"aligncenter size-full\"><img loading=\"lazy\" decoding=\"async\" width=\"2560\" height=\"2560\" src=\"https:\/\/entrenotasyacordes.com\/wp-content\/uploads\/2024\/09\/3g-scaled.jpg\" alt=\"\" class=\"wp-image-11547\" srcset=\"https:\/\/entrenotasyacordes.com\/wp-content\/uploads\/2024\/09\/3g-scaled.jpg 2560w, https:\/\/entrenotasyacordes.com\/wp-content\/uploads\/2024\/09\/3g-300x300.jpg 300w, https:\/\/entrenotasyacordes.com\/wp-content\/uploads\/2024\/09\/3g-1024x1024.jpg 1024w, https:\/\/entrenotasyacordes.com\/wp-content\/uploads\/2024\/09\/3g-150x150.jpg 150w, https:\/\/entrenotasyacordes.com\/wp-content\/uploads\/2024\/09\/3g-768x768.jpg 768w, https:\/\/entrenotasyacordes.com\/wp-content\/uploads\/2024\/09\/3g-1536x1536.jpg 1536w, https:\/\/entrenotasyacordes.com\/wp-content\/uploads\/2024\/09\/3g-2048x2048.jpg 2048w, https:\/\/entrenotasyacordes.com\/wp-content\/uploads\/2024\/09\/3g-50x50.jpg 50w\" sizes=\"auto, (max-width: 2560px) 100vw, 2560px\" \/><\/figure>\n<\/div>\n\n\n<p>Juan Navia presenta&nbsp;\u201cLush: Vibralounge&nbsp;(Fl\u00e2neur Live Session)\u201d,&nbsp;el track que le da t\u00edtulo al disco que sali\u00f3 el a\u00f1o pasado. En esta versi\u00f3n en vivo se puede apreciar un propuesta sonora m\u00e1s elegante y groovie que va creciendo en intensidad para culminar con un solo de guitarra de Juan Navia demoledor generando un ambiente espacial.<\/p>\n\n\n\n<p>Esta filmaci\u00f3n, llevada a cabo en el hist\u00f3rico Teatro del Globo de la Ciudad de Buenos Aires, captura la esencia cinematogr\u00e1fica que caracteriza al&nbsp;\u00faltimo \u00e1lbum del m\u00fasico y compositor \u201cLush: Vibralounge\u201d, lanzado en 2023.<\/p>\n\n\n\n<p>La sesi\u00f3n se destaca por su atm\u00f3sfera surrealista, donde Juan Navia, sumido en un trance introspectivo, se enfrenta a un concierto en una sala vac\u00eda. En este espacio donde los sue\u00f1os y la fantas\u00eda se entrelazan, el artista ofrece una experiencia visual y sonora \u00fanica.<\/p>\n\n\n\n<p>Acompa\u00f1ado por su banda estable, integrada por Juli\u00e1n Semprini, Sim\u00f3n Simsiroglu, C\u00e9sar Guerson, Emanuel Gil, y Stefano Nitopi, el film cont\u00f3 adem\u00e1s&nbsp;con la presencia de un cuarteto de cuerdas compuesto por Elizabeth Ridolfi, Laura Bertero, Sara Ryan, y Karmen Rencar, destacadas figuras del circuito de m\u00fasica cl\u00e1sica porte\u00f1o. La participaci\u00f3n especial de Nicol\u00e1s Gonz\u00e1lez, de la banda Sig Ragga, en el track \u201cParte de la Acci\u00f3n\u201d a\u00f1ade un matiz especial a la interpretaci\u00f3n.<\/p>\n\n\n\n<p>El proyecto fue dirigido por Mat\u00edas Franco, con la direcci\u00f3n de fotograf\u00eda de Joaqu\u00edn Silvatici&nbsp;y la producci\u00f3n a cargo de Tom\u00e1s Medero. La ingenier\u00eda de sonido, grabaci\u00f3n y mezcla estuvo en manos de Nicol\u00e1s Parker Pucci.<\/p>\n\n\n\n<p>Con un equipo t\u00e9cnico de cincuenta&nbsp;personas, provenientes del mundo del cine y la publicidad, \u00abFl\u00e2neur Live Session\u00bb se perfila como una obra de alta calidad,&nbsp;tanto sonora como visual. A lo largo de cinco tracks, Juan Navia presenta versiones renovadas de su \u00faltimo \u00e1lbum, mostrando su faceta m\u00e1s potente en vivo, pero manteniendo su compromiso con la excelencia art\u00edstica.<\/p>\n\n\n\n<p>\u00abLush: Vibralounge\u00bb ya se encuentra disponible en todas las plataformas digitales.<\/p>\n\n\n\n<figure class=\"wp-block-embed is-type-video is-provider-youtube wp-block-embed-youtube wp-embed-aspect-16-9 wp-has-aspect-ratio\"><div class=\"wp-block-embed__wrapper\">\n<div class=\"epyt-video-wrapper\"><iframe loading=\"lazy\"  id=\"_ytid_69305\"  width=\"640\" height=\"360\"  data-origwidth=\"640\" data-origheight=\"360\" src=\"https:\/\/www.youtube.com\/embed\/JhJ9IZZ3Wxo?enablejsapi=1&#038;autoplay=0&#038;cc_load_policy=0&#038;cc_lang_pref=&#038;iv_load_policy=1&#038;loop=0&#038;rel=1&#038;fs=1&#038;playsinline=0&#038;autohide=2&#038;theme=dark&#038;color=white&#038;controls=1&#038;\" class=\"__youtube_prefs__  epyt-is-override  no-lazyload\" data-vol=\"50\"  title=\"YouTube player\"  allow=\"fullscreen; accelerometer; autoplay; clipboard-write; encrypted-media; gyroscope; picture-in-picture; web-share\" referrerpolicy=\"strict-origin-when-cross-origin\" allowfullscreen data-no-lazy=\"1\" data-skipgform_ajax_framebjll=\"\"><\/iframe><\/div>\n<\/div><\/figure>\n\n\n\n<p class=\"has-text-align-center\"><strong>Ficha T\u00e9cnica<\/strong><\/p>\n\n\n\n<p>Director: @matias__franco<br>Director de fotograf\u00eda: @joaquin_silvatici<br>Productor: @tomimedero<br>Rec &amp; Mix: @nicoparkerpucci<br>M\u00fasicos: @juliansemprini @emabsas @ceguerson @ssimsi @el.naito @nicolas_gonzalez_sig_ragga @elizabethridolfi @purpleryann @lau_bertero @karmenrencar_cellist<br>Strings Arreglos: @arielpirotti<br>Ph Portada: @danavia0809<br>Ph Backstage: @german.goya<br>Dise\u00f1o gr\u00e1fico: @luciocres<br>Direcci\u00f3n de Arte: @felacitas<br>Asistentes de Producci\u00f3n: Tom\u00e1s Pegourie, Valeria Dreizzen.<br>Asistente de Arte: @<a href=\"https:\/\/anita.castelli\/\">anita.castelli<\/a><br>Gaffer: Yesid Leal Godoy.<br>El\u00e9ctricos: Francisco De Santis, Ian Pojo, Alejandro Damianich.<br>Key Grip: Jose Manocchio.<br>Camar\u00f3grafo B-Unit: Tobias Tosco.<br>Foquista: Leandro Lamaison.<br>Ayudante de C\u00e1mara: Lautaro Rodriguez Maso.<br>Data Manager: Sofia Covelli.<\/p>\n\n\n\n<p>Maquilladora &amp; Peinadora: @thelauradelbosco<br>Operador de iluminaci\u00f3n: Jorge Leandro Patr\u00f3n<br>T\u00e9cnicos en montaje de iluminaci\u00f3n: Alejandro D\u2019alfonso, Daniela Aguirre.<br>Editor: @matias__franco<br>Colorista: @thomblason<\/p>\n\n\n\n<p class=\"has-text-align-left\">Prensa: Emilia Hern\u00e1ndez @emiprensa<\/p>\n\n\n<div class=\"wp-block-image\">\n<figure class=\"aligncenter size-full is-resized\"><img loading=\"lazy\" decoding=\"async\" width=\"1707\" height=\"2560\" src=\"https:\/\/entrenotasyacordes.com\/wp-content\/uploads\/2024\/09\/3h-scaled.jpeg\" alt=\"\" class=\"wp-image-11548\" style=\"width:607px;height:auto\" srcset=\"https:\/\/entrenotasyacordes.com\/wp-content\/uploads\/2024\/09\/3h-scaled.jpeg 1707w, https:\/\/entrenotasyacordes.com\/wp-content\/uploads\/2024\/09\/3h-200x300.jpeg 200w, https:\/\/entrenotasyacordes.com\/wp-content\/uploads\/2024\/09\/3h-683x1024.jpeg 683w, https:\/\/entrenotasyacordes.com\/wp-content\/uploads\/2024\/09\/3h-768x1152.jpeg 768w, https:\/\/entrenotasyacordes.com\/wp-content\/uploads\/2024\/09\/3h-1024x1536.jpeg 1024w, https:\/\/entrenotasyacordes.com\/wp-content\/uploads\/2024\/09\/3h-1366x2048.jpeg 1366w\" sizes=\"auto, (max-width: 1707px) 100vw, 1707px\" \/><\/figure>\n<\/div>\n\n\n<p><strong>M\u00e1s sobre Juan Navia:<\/strong><\/p>\n\n\n\n<p>Juan Navia es un artista de Buenos Aires con una fuerte influencia de la m\u00fasica europea de los a\u00f1os 70, acompa\u00f1ado de elementos visuales cinematogr\u00e1ficos y letras po\u00e9ticas.&nbsp;Cada uno de sus \u00e1lbumes es un universo conceptual \u00fanico, pensado como un film.<\/p>\n\n\n\n<p>Debut\u00f3 en 2016 con&nbsp;<strong>\u201cCamino a la Ataraxia\u201d<\/strong>, un \u00e1lbum grabado en La Siesta del Fauno junto a m\u00fasicos de la banda Klauss. Este trabajo, que explora la b\u00fasqueda de la serenidad y la aut\u00e9ntica felicidad, lo posicion\u00f3 como una nueva voz en la escena musical argentina, llev\u00e1ndolo a compartir escenarios con bandas locales y a participar en festivales como el Personal Fest.<\/p>\n\n\n\n<p>En 2023, lanz\u00f3 su segundo \u00e1lbum,&nbsp;<strong>\u201cLush: Vibralounge\u201d<\/strong>, co-producido por miembros de Sig Ragga y grabado en reconocidos estudios como Un\u00edsono e ION. Este disco, que fusiona rock ingl\u00e9s con arreglos orquestales y viento, narra la historia de un crooner que sufre una crisis de identidad durante un concierto en un bar de jazz.&nbsp;La mezcla estuvo a cargo de H\u00e9ctor Castillo en New York y el mastering por Brian Lucey en Los Angeles.<\/p>\n\n\n<div class=\"wp-block-image\">\n<figure class=\"aligncenter size-full is-resized\"><img loading=\"lazy\" decoding=\"async\" width=\"1707\" height=\"2560\" src=\"https:\/\/entrenotasyacordes.com\/wp-content\/uploads\/2024\/09\/3i-scaled.jpeg\" alt=\"\" class=\"wp-image-11549\" style=\"width:607px;height:auto\" srcset=\"https:\/\/entrenotasyacordes.com\/wp-content\/uploads\/2024\/09\/3i-scaled.jpeg 1707w, https:\/\/entrenotasyacordes.com\/wp-content\/uploads\/2024\/09\/3i-200x300.jpeg 200w, https:\/\/entrenotasyacordes.com\/wp-content\/uploads\/2024\/09\/3i-683x1024.jpeg 683w, https:\/\/entrenotasyacordes.com\/wp-content\/uploads\/2024\/09\/3i-768x1152.jpeg 768w, https:\/\/entrenotasyacordes.com\/wp-content\/uploads\/2024\/09\/3i-1024x1536.jpeg 1024w, https:\/\/entrenotasyacordes.com\/wp-content\/uploads\/2024\/09\/3i-1366x2048.jpeg 1366w\" sizes=\"auto, (max-width: 1707px) 100vw, 1707px\" \/><\/figure>\n<\/div>","protected":false},"excerpt":{"rendered":"","protected":false},"author":5,"featured_media":11547,"comment_status":"open","ping_status":"open","sticky":false,"template":"","format":"standard","meta":{"om_disable_all_campaigns":false,"_uf_show_specific_survey":0,"_uf_disable_surveys":false,"footnotes":""},"categories":[4],"tags":[],"class_list":["post-11535","post","type-post","status-publish","format-standard","has-post-thumbnail","hentry","category-musica"],"_links":{"self":[{"href":"https:\/\/entrenotasyacordes.com\/index.php?rest_route=\/wp\/v2\/posts\/11535","targetHints":{"allow":["GET"]}}],"collection":[{"href":"https:\/\/entrenotasyacordes.com\/index.php?rest_route=\/wp\/v2\/posts"}],"about":[{"href":"https:\/\/entrenotasyacordes.com\/index.php?rest_route=\/wp\/v2\/types\/post"}],"author":[{"embeddable":true,"href":"https:\/\/entrenotasyacordes.com\/index.php?rest_route=\/wp\/v2\/users\/5"}],"replies":[{"embeddable":true,"href":"https:\/\/entrenotasyacordes.com\/index.php?rest_route=%2Fwp%2Fv2%2Fcomments&post=11535"}],"version-history":[{"count":2,"href":"https:\/\/entrenotasyacordes.com\/index.php?rest_route=\/wp\/v2\/posts\/11535\/revisions"}],"predecessor-version":[{"id":11551,"href":"https:\/\/entrenotasyacordes.com\/index.php?rest_route=\/wp\/v2\/posts\/11535\/revisions\/11551"}],"wp:featuredmedia":[{"embeddable":true,"href":"https:\/\/entrenotasyacordes.com\/index.php?rest_route=\/wp\/v2\/media\/11547"}],"wp:attachment":[{"href":"https:\/\/entrenotasyacordes.com\/index.php?rest_route=%2Fwp%2Fv2%2Fmedia&parent=11535"}],"wp:term":[{"taxonomy":"category","embeddable":true,"href":"https:\/\/entrenotasyacordes.com\/index.php?rest_route=%2Fwp%2Fv2%2Fcategories&post=11535"},{"taxonomy":"post_tag","embeddable":true,"href":"https:\/\/entrenotasyacordes.com\/index.php?rest_route=%2Fwp%2Fv2%2Ftags&post=11535"}],"curies":[{"name":"wp","href":"https:\/\/api.w.org\/{rel}","templated":true}]}}