{"id":11541,"date":"2024-09-17T21:46:51","date_gmt":"2024-09-17T21:46:51","guid":{"rendered":"https:\/\/entrenotasyacordes.com\/?p=11541"},"modified":"2024-09-17T21:46:52","modified_gmt":"2024-09-17T21:46:52","slug":"luna-sujatovich-ganadora-de-dos-premios-gardel-presenta-el-segundo-single-de-su-proximo-disco-de-estudio","status":"publish","type":"post","link":"https:\/\/entrenotasyacordes.com\/?p=11541","title":{"rendered":"Luna Sujatovich, ganadora de dos Premios Gardel, presenta el segundo single de su pr\u00f3ximo disco de estudio"},"content":{"rendered":"\n<!--more-->\n\n\n<div class=\"wp-block-image\">\n<figure class=\"aligncenter size-full is-resized\"><img loading=\"lazy\" decoding=\"async\" width=\"1400\" height=\"1400\" src=\"https:\/\/entrenotasyacordes.com\/wp-content\/uploads\/2024\/09\/3e.jpg\" alt=\"\" class=\"wp-image-11543\" style=\"width:607px;height:auto\" srcset=\"https:\/\/entrenotasyacordes.com\/wp-content\/uploads\/2024\/09\/3e.jpg 1400w, https:\/\/entrenotasyacordes.com\/wp-content\/uploads\/2024\/09\/3e-300x300.jpg 300w, https:\/\/entrenotasyacordes.com\/wp-content\/uploads\/2024\/09\/3e-1024x1024.jpg 1024w, https:\/\/entrenotasyacordes.com\/wp-content\/uploads\/2024\/09\/3e-150x150.jpg 150w, https:\/\/entrenotasyacordes.com\/wp-content\/uploads\/2024\/09\/3e-768x768.jpg 768w, https:\/\/entrenotasyacordes.com\/wp-content\/uploads\/2024\/09\/3e-50x50.jpg 50w\" sizes=\"auto, (max-width: 1400px) 100vw, 1400px\" \/><figcaption class=\"wp-element-caption\">Cr\u00e9ditos Lucila Taba<\/figcaption><\/figure>\n<\/div>\n\n\n<p class=\"has-text-align-left\">La&nbsp;<strong>compositora, pianista, arregladora y cantante Luna Sujatovich&nbsp;<\/strong>lanza \u00ab<strong>Cambio de piel<\/strong>\u00ab, el&nbsp;<strong>segundo single<\/strong>&nbsp;que adelanta su nuevo disco de estudio.<\/p>\n\n\n\n<p>\u00ab<strong>Cambio de piel<\/strong>\u00bb es una balada que&nbsp;<strong>evoca al soul y al jazz, r<\/strong>om\u00e1ntica y tradicional. En b\u00fasqueda de un nuevo amor, la canci\u00f3n propone dejar una historia atr\u00e1s.<br><strong>La fiebre<\/strong>&nbsp;aparece como&nbsp;<strong>met\u00e1fora del sentimiento que provoca el amor, el deseo y la fantas\u00eda<\/strong>, aunque la canci\u00f3n fue compuesta mientras la autora estaba transitando covid.<\/p>\n\n\n\n<p class=\"has-text-align-left\">La canci\u00f3n&nbsp;<strong>cuenta con la producci\u00f3n de Juan Belvis y Luciano Vitale en Estudio Belceb\u00fa.&nbsp;<\/strong>&nbsp;&nbsp;<\/p>\n\n\n<div class=\"wp-block-image\">\n<figure class=\"aligncenter size-full is-resized\"><img loading=\"lazy\" decoding=\"async\" width=\"1400\" height=\"2100\" src=\"https:\/\/entrenotasyacordes.com\/wp-content\/uploads\/2024\/09\/3f.jpg\" alt=\"\" class=\"wp-image-11544\" style=\"width:607px;height:auto\" srcset=\"https:\/\/entrenotasyacordes.com\/wp-content\/uploads\/2024\/09\/3f.jpg 1400w, https:\/\/entrenotasyacordes.com\/wp-content\/uploads\/2024\/09\/3f-200x300.jpg 200w, https:\/\/entrenotasyacordes.com\/wp-content\/uploads\/2024\/09\/3f-683x1024.jpg 683w, https:\/\/entrenotasyacordes.com\/wp-content\/uploads\/2024\/09\/3f-768x1152.jpg 768w, https:\/\/entrenotasyacordes.com\/wp-content\/uploads\/2024\/09\/3f-1024x1536.jpg 1024w, https:\/\/entrenotasyacordes.com\/wp-content\/uploads\/2024\/09\/3f-1365x2048.jpg 1365w\" sizes=\"auto, (max-width: 1400px) 100vw, 1400px\" \/><figcaption class=\"wp-element-caption\">Cr\u00e9ditos: Luc\u00eda Olmos<\/figcaption><\/figure>\n<\/div>\n\n\n<p><strong>+ SOBRE LUNA SUJATOVICH&nbsp;<br><br>Luna Sujatovich<\/strong>&nbsp;es&nbsp;<strong>cantante, compositora y pianista<\/strong>&nbsp;nacida en Buenos Aires. Desde muy temprana edad comenz\u00f3 a formar parte de&nbsp;<strong>proyectos relacionados a la m\u00fasica, al teatro y al cine<\/strong>&nbsp;dirigidos por el reconocido pianista y compositor&nbsp;<strong>Leo Sujatovich.<\/strong>&nbsp;\u00ab<strong>Se trata de nosotras<\/strong>\u00bb y \u00ab<strong>Formulas perfectas<\/strong>\u00bb son dos de los proyectos musicales en los que ofici\u00f3 en su rol&nbsp;<strong>como directora. Como cantante grab\u00f3 voces en el disco<\/strong>&nbsp;\u00ab<strong>Canciones para aliens\u00bb de Fito P\u00e1ez.<\/strong>&nbsp;Actualmente y&nbsp;<strong>en paralelo a su proyecto solista<\/strong>, es<strong>&nbsp;m\u00fasica y arregladora en la banda de Coti Sorokin<\/strong>&nbsp;y forma parte de&nbsp;<strong>La Colmena<\/strong>&nbsp;(ensamble latinoamericano).&nbsp;<\/p>\n\n\n\n<p>En el&nbsp;<strong>a\u00f1o 2021<\/strong>&nbsp;di\u00f3<strong>&nbsp;los primeros pasos de su carrera solista<\/strong>&nbsp;con \u00ab<strong>Desaf\u00edo Guerrero<\/strong>\u00ab, un disco de&nbsp;<strong>canciones propias<\/strong>,&nbsp;<strong>co-producido por Nicolas Btesh<\/strong>&nbsp;(<strong>Conociendo Rusia, Francisca y Los Exploradores, Indios, Salvapantallas, Santi Celli<\/strong>) en&nbsp;<strong>Estudio El Mar<\/strong>. En sus canciones,&nbsp;<strong>Luna nos lleva a recorrer diversos paisajes musicales<\/strong>, pasando de&nbsp;<strong>sonidos rioplatenses<\/strong>&nbsp;a la&nbsp;<strong>fusi\u00f3n del jazz-rock<\/strong>, todo&nbsp;<strong>condimentado con su impronta<\/strong>&nbsp;de artista multifac\u00e9tica. \u00ab<strong>Desaf\u00edo Guerrero<\/strong>\u00bb cuenta con&nbsp;<strong>dos Premios Gardel 2022<\/strong>&nbsp;en las categor\u00edas \u00abMejor&nbsp;<strong>\u00e1lbum canci\u00f3n de autor<\/strong>\u00bb y \u00ab<strong>Mejor \u00e1lbum instrumental\/fusi\u00f3n\/world music<\/strong>\u00ab.&nbsp;<br><br>En&nbsp;<strong>2022<\/strong>, lanz\u00f3 \u00ab<strong>Como callan los tractores<\/strong>\u00ab,&nbsp;<strong>cuatro piezas compuestas para piano<\/strong>&nbsp;que combinan el lenguaje del&nbsp;<strong>jazz, el folklore argentino y la m\u00fasica contempor\u00e1nea<\/strong>&nbsp;y en las que se reflejan las influencias de&nbsp;<strong>Cuchi Leguizam\u00f3n, Carlos Garc\u00eda, Manolo Ju\u00e1rez y Egberto Gismonti,<\/strong>&nbsp;entre otros.<br><br>En la actualidad se encuentra presentando las canciones que formar\u00e1n parte de su pr\u00f3ximo disco. El 21 de agosto estren\u00f3&nbsp;\u00ab<strong>Tu enemiga<\/strong>\u00ab, el&nbsp;<strong>primer single<\/strong>&nbsp;que adelanta su nuevo disco de estudio, junto a&nbsp;<strong>Mariana Michi (Miau Tr\u00edo, Mugre);&nbsp;<\/strong>junto a ella&nbsp;construyeron una canci\u00f3n que&nbsp;<strong>re\u00fane la tradici\u00f3n del rock nacional en Argentina de los 80\u00b4s.&nbsp;<\/strong>\u00ab<strong>Tu enemiga<\/strong>\u00bb es una canci\u00f3n que nos permite&nbsp;<strong>espiar el nuevo disco de Luna,<\/strong>&nbsp;quien se mete de lleno en una&nbsp;<strong>faceta art\u00edstica totalmente diferente a sus trabajos anteriores<\/strong>&nbsp;para explorar varios g\u00e9neros musicales, despeg\u00e1ndose de la introspecci\u00f3n, y va en busca de&nbsp;<strong>sonoridades m\u00e1s energ\u00e9ticas y adrenal\u00ednicas.&nbsp;<\/strong><\/p>\n","protected":false},"excerpt":{"rendered":"","protected":false},"author":5,"featured_media":11543,"comment_status":"open","ping_status":"open","sticky":false,"template":"","format":"standard","meta":{"om_disable_all_campaigns":false,"_uf_show_specific_survey":0,"_uf_disable_surveys":false,"footnotes":""},"categories":[4],"tags":[],"class_list":["post-11541","post","type-post","status-publish","format-standard","has-post-thumbnail","hentry","category-musica"],"_links":{"self":[{"href":"https:\/\/entrenotasyacordes.com\/index.php?rest_route=\/wp\/v2\/posts\/11541","targetHints":{"allow":["GET"]}}],"collection":[{"href":"https:\/\/entrenotasyacordes.com\/index.php?rest_route=\/wp\/v2\/posts"}],"about":[{"href":"https:\/\/entrenotasyacordes.com\/index.php?rest_route=\/wp\/v2\/types\/post"}],"author":[{"embeddable":true,"href":"https:\/\/entrenotasyacordes.com\/index.php?rest_route=\/wp\/v2\/users\/5"}],"replies":[{"embeddable":true,"href":"https:\/\/entrenotasyacordes.com\/index.php?rest_route=%2Fwp%2Fv2%2Fcomments&post=11541"}],"version-history":[{"count":1,"href":"https:\/\/entrenotasyacordes.com\/index.php?rest_route=\/wp\/v2\/posts\/11541\/revisions"}],"predecessor-version":[{"id":11545,"href":"https:\/\/entrenotasyacordes.com\/index.php?rest_route=\/wp\/v2\/posts\/11541\/revisions\/11545"}],"wp:featuredmedia":[{"embeddable":true,"href":"https:\/\/entrenotasyacordes.com\/index.php?rest_route=\/wp\/v2\/media\/11543"}],"wp:attachment":[{"href":"https:\/\/entrenotasyacordes.com\/index.php?rest_route=%2Fwp%2Fv2%2Fmedia&parent=11541"}],"wp:term":[{"taxonomy":"category","embeddable":true,"href":"https:\/\/entrenotasyacordes.com\/index.php?rest_route=%2Fwp%2Fv2%2Fcategories&post=11541"},{"taxonomy":"post_tag","embeddable":true,"href":"https:\/\/entrenotasyacordes.com\/index.php?rest_route=%2Fwp%2Fv2%2Ftags&post=11541"}],"curies":[{"name":"wp","href":"https:\/\/api.w.org\/{rel}","templated":true}]}}