{"id":11552,"date":"2024-09-17T21:56:57","date_gmt":"2024-09-17T21:56:57","guid":{"rendered":"https:\/\/entrenotasyacordes.com\/?p=11552"},"modified":"2024-09-17T21:56:59","modified_gmt":"2024-09-17T21:56:59","slug":"marina-fages-regresa-a-la-ciudad-de-la-plata","status":"publish","type":"post","link":"https:\/\/entrenotasyacordes.com\/?p=11552","title":{"rendered":"MARINA FAGES REGRESA A LA CIUDAD DE LA PLATA"},"content":{"rendered":"\n<!--more-->\n\n\n<div class=\"wp-block-image\">\n<figure class=\"aligncenter size-full\"><img loading=\"lazy\" decoding=\"async\" width=\"1365\" height=\"1365\" src=\"https:\/\/entrenotasyacordes.com\/wp-content\/uploads\/2024\/09\/3j.jpg\" alt=\"\" class=\"wp-image-11553\" srcset=\"https:\/\/entrenotasyacordes.com\/wp-content\/uploads\/2024\/09\/3j.jpg 1365w, https:\/\/entrenotasyacordes.com\/wp-content\/uploads\/2024\/09\/3j-300x300.jpg 300w, https:\/\/entrenotasyacordes.com\/wp-content\/uploads\/2024\/09\/3j-1024x1024.jpg 1024w, https:\/\/entrenotasyacordes.com\/wp-content\/uploads\/2024\/09\/3j-150x150.jpg 150w, https:\/\/entrenotasyacordes.com\/wp-content\/uploads\/2024\/09\/3j-768x768.jpg 768w, https:\/\/entrenotasyacordes.com\/wp-content\/uploads\/2024\/09\/3j-50x50.jpg 50w\" sizes=\"auto, (max-width: 1365px) 100vw, 1365px\" \/><\/figure>\n<\/div>\n\n\n<p>Entre el hardcore punk y el sonido experimental,\u00a0<strong>Marina Fages<\/strong>\u00a0invoca el sonido del viento para entregarlo a su p\u00fablico y lo transforma en un grito gutural que aviva el fuego o atrae tormenta. En un a\u00f1o intenso que incluye una gira por Europa, un pr\u00f3ximo disco en vivo y un viaje a USA, Fages prepara un show especial para su audiencia platense junto a su banda poderosa para el\u00a0<strong>28 de septiembre en Pura Vida<\/strong>, Diag. 78 entre 8 y 61.<\/p>\n\n\n\n<p>Su banda para la ocasi\u00f3n estar\u00e1 formada por Mail\u00e9n Eliges (bater\u00eda), Maca Zalazar (bajo) y Magu Ruben (guitarrista) todas expertas m\u00fasicas que logran un ensamble potente que encastra perfecto con las composiciones de Marina.<\/p>\n\n\n<div class=\"wp-block-image\">\n<figure class=\"aligncenter size-full is-resized\"><img loading=\"lazy\" decoding=\"async\" width=\"2048\" height=\"1365\" src=\"https:\/\/entrenotasyacordes.com\/wp-content\/uploads\/2024\/09\/3k.jpg\" alt=\"\" class=\"wp-image-11554\" style=\"width:607px;height:auto\" srcset=\"https:\/\/entrenotasyacordes.com\/wp-content\/uploads\/2024\/09\/3k.jpg 2048w, https:\/\/entrenotasyacordes.com\/wp-content\/uploads\/2024\/09\/3k-300x200.jpg 300w, https:\/\/entrenotasyacordes.com\/wp-content\/uploads\/2024\/09\/3k-1024x683.jpg 1024w, https:\/\/entrenotasyacordes.com\/wp-content\/uploads\/2024\/09\/3k-768x512.jpg 768w, https:\/\/entrenotasyacordes.com\/wp-content\/uploads\/2024\/09\/3k-1536x1024.jpg 1536w\" sizes=\"auto, (max-width: 2048px) 100vw, 2048px\" \/><figcaption class=\"wp-element-caption\"><strong>PH @godymex<\/strong><\/figcaption><\/figure>\n<\/div>\n\n\n<p class=\"has-text-align-left\">El \u00faltimo disco de Marina Fages titulado \u201cEl mundo peque\u00f1o\u201d (elegido por la revista\u00a0 Rolling Stone como uno de los 5 mejores discos de Argentina de 2023) combina un rock oscuro y textural con elementos del hardcore, el mathrock y el pop punk. Presentar\u00e1 canciones de ese disco y datas extra\u00f1as recabadas en sus viajes, lista para cantar sus canciones con su p\u00fablico.<\/p>\n\n\n<div class=\"wp-block-image\">\n<figure class=\"aligncenter size-full is-resized\"><img loading=\"lazy\" decoding=\"async\" width=\"2048\" height=\"1365\" src=\"https:\/\/entrenotasyacordes.com\/wp-content\/uploads\/2024\/09\/3l.jpg\" alt=\"\" class=\"wp-image-11555\" style=\"width:607px;height:auto\" srcset=\"https:\/\/entrenotasyacordes.com\/wp-content\/uploads\/2024\/09\/3l.jpg 2048w, https:\/\/entrenotasyacordes.com\/wp-content\/uploads\/2024\/09\/3l-300x200.jpg 300w, https:\/\/entrenotasyacordes.com\/wp-content\/uploads\/2024\/09\/3l-1024x683.jpg 1024w, https:\/\/entrenotasyacordes.com\/wp-content\/uploads\/2024\/09\/3l-768x512.jpg 768w, https:\/\/entrenotasyacordes.com\/wp-content\/uploads\/2024\/09\/3l-1536x1024.jpg 1536w\" sizes=\"auto, (max-width: 2048px) 100vw, 2048px\" \/><figcaption class=\"wp-element-caption\"><strong>PH @godymex<\/strong><\/figcaption><\/figure>\n<\/div>\n\n\n<p>Marina Fages no solo canta y toca la guitarra, si no que adem\u00e1s pinta murales gigantescos con paisajes de bosques y nubes que son el marco ideal para imaginar el escenario de sus propias canciones.<\/p>\n","protected":false},"excerpt":{"rendered":"","protected":false},"author":5,"featured_media":11553,"comment_status":"open","ping_status":"open","sticky":false,"template":"","format":"standard","meta":{"om_disable_all_campaigns":false,"_uf_show_specific_survey":0,"_uf_disable_surveys":false,"footnotes":""},"categories":[36],"tags":[],"class_list":["post-11552","post","type-post","status-publish","format-standard","has-post-thumbnail","hentry","category-conciertos"],"_links":{"self":[{"href":"https:\/\/entrenotasyacordes.com\/index.php?rest_route=\/wp\/v2\/posts\/11552","targetHints":{"allow":["GET"]}}],"collection":[{"href":"https:\/\/entrenotasyacordes.com\/index.php?rest_route=\/wp\/v2\/posts"}],"about":[{"href":"https:\/\/entrenotasyacordes.com\/index.php?rest_route=\/wp\/v2\/types\/post"}],"author":[{"embeddable":true,"href":"https:\/\/entrenotasyacordes.com\/index.php?rest_route=\/wp\/v2\/users\/5"}],"replies":[{"embeddable":true,"href":"https:\/\/entrenotasyacordes.com\/index.php?rest_route=%2Fwp%2Fv2%2Fcomments&post=11552"}],"version-history":[{"count":1,"href":"https:\/\/entrenotasyacordes.com\/index.php?rest_route=\/wp\/v2\/posts\/11552\/revisions"}],"predecessor-version":[{"id":11556,"href":"https:\/\/entrenotasyacordes.com\/index.php?rest_route=\/wp\/v2\/posts\/11552\/revisions\/11556"}],"wp:featuredmedia":[{"embeddable":true,"href":"https:\/\/entrenotasyacordes.com\/index.php?rest_route=\/wp\/v2\/media\/11553"}],"wp:attachment":[{"href":"https:\/\/entrenotasyacordes.com\/index.php?rest_route=%2Fwp%2Fv2%2Fmedia&parent=11552"}],"wp:term":[{"taxonomy":"category","embeddable":true,"href":"https:\/\/entrenotasyacordes.com\/index.php?rest_route=%2Fwp%2Fv2%2Fcategories&post=11552"},{"taxonomy":"post_tag","embeddable":true,"href":"https:\/\/entrenotasyacordes.com\/index.php?rest_route=%2Fwp%2Fv2%2Ftags&post=11552"}],"curies":[{"name":"wp","href":"https:\/\/api.w.org\/{rel}","templated":true}]}}