{"id":11615,"date":"2024-09-19T23:46:32","date_gmt":"2024-09-19T23:46:32","guid":{"rendered":"https:\/\/entrenotasyacordes.com\/?p=11615"},"modified":"2024-09-19T23:46:33","modified_gmt":"2024-09-19T23:46:33","slug":"valen-etchegoyen-regresa-con-despues-de-las-cicatrices","status":"publish","type":"post","link":"https:\/\/entrenotasyacordes.com\/?p=11615","title":{"rendered":"Valen Etchegoyen regresa con \u00abDespu\u00e9s de las\u00a0cicatrices\u00bb"},"content":{"rendered":"\n<!--more-->\n\n\n<div class=\"wp-block-image\">\n<figure class=\"aligncenter size-full is-resized\"><img loading=\"lazy\" decoding=\"async\" width=\"759\" height=\"759\" src=\"https:\/\/entrenotasyacordes.com\/wp-content\/uploads\/2024\/09\/q.png\" alt=\"\" class=\"wp-image-11616\" style=\"width:607px;height:auto\" srcset=\"https:\/\/entrenotasyacordes.com\/wp-content\/uploads\/2024\/09\/q.png 759w, https:\/\/entrenotasyacordes.com\/wp-content\/uploads\/2024\/09\/q-300x300.png 300w, https:\/\/entrenotasyacordes.com\/wp-content\/uploads\/2024\/09\/q-150x150.png 150w, https:\/\/entrenotasyacordes.com\/wp-content\/uploads\/2024\/09\/q-50x50.png 50w\" sizes=\"auto, (max-width: 759px) 100vw, 759px\" \/><\/figure>\n<\/div>\n\n\n<p class=\"has-text-align-left\"><strong>Valen Etchegoyen<\/strong>\u00a0vuelve a sorprendernos con su nueva canci\u00f3n.\u00a0M\u00e1s minimalista y a coraz\u00f3n abierto. As\u00ed es \u201cDespu\u00e9s de las Cicatrices\u201d.<\/p>\n\n\n\n<p class=\"has-text-align-left\">Valen se reinventa en esta nueva creaci\u00f3n incorporando a\u00a0Coco, el emergente artista\u00a0marplatense que imprime su impronta, dando energ\u00eda a este nuevo tema que se perfila muy bien dentro de la escena urbana.<\/p>\n\n\n\n<figure class=\"wp-block-embed is-type-rich is-provider-spotify wp-block-embed-spotify wp-embed-aspect-21-9 wp-has-aspect-ratio\"><div class=\"wp-block-embed__wrapper\">\n<iframe title=\"Spotify Embed: Despu\u00e9s de las Cicatrices\" style=\"border-radius: 12px\" width=\"100%\" height=\"152\" frameborder=\"0\" allowfullscreen allow=\"autoplay; clipboard-write; encrypted-media; fullscreen; picture-in-picture\" loading=\"lazy\" src=\"https:\/\/open.spotify.com\/embed\/track\/5UncbPtaD1LpryvVZWcgz8?si=be9d0e4c8dc44ad4&#038;utm_source=oembed\"><\/iframe>\n<\/div><\/figure>\n\n\n\n<p>La producci\u00f3n musical&nbsp;a cargo de&nbsp;<em>Kennel<\/em>, nos&nbsp;propone un sonido limpio, transparente y simple que coloca a Valen Etchegoyen en otro espacio, mostrando la versatilidad creciente de la artista&nbsp;urbana.<\/p>\n\n\n\n<p>El video dirigido por Ezequiel Kuper y rodado en Buenos Aires propone un ambiente \u00edntimo, c\u00e1lido y muy alineado con el esp\u00edritu del tema.<\/p>\n\n\n\n<figure class=\"wp-block-embed is-type-video is-provider-youtube wp-block-embed-youtube wp-embed-aspect-16-9 wp-has-aspect-ratio\"><div class=\"wp-block-embed__wrapper\">\n<div class=\"epyt-video-wrapper\"><iframe loading=\"lazy\"  id=\"_ytid_48165\"  width=\"640\" height=\"360\"  data-origwidth=\"640\" data-origheight=\"360\" src=\"https:\/\/www.youtube.com\/embed\/06wbW0hNAGM?enablejsapi=1&#038;autoplay=0&#038;cc_load_policy=0&#038;cc_lang_pref=&#038;iv_load_policy=1&#038;loop=0&#038;rel=1&#038;fs=1&#038;playsinline=0&#038;autohide=2&#038;theme=dark&#038;color=white&#038;controls=1&#038;\" class=\"__youtube_prefs__  epyt-is-override  no-lazyload\" data-vol=\"50\"  title=\"YouTube player\"  allow=\"fullscreen; accelerometer; autoplay; clipboard-write; encrypted-media; gyroscope; picture-in-picture; web-share\" referrerpolicy=\"strict-origin-when-cross-origin\" allowfullscreen data-no-lazy=\"1\" data-skipgform_ajax_framebjll=\"\"><\/iframe><\/div>\n<\/div><\/figure>\n\n\n\n<p>Valen Etchegoyen avanza sin pausa mostrando car\u00e1cter, suficiencia y calidad art\u00edstica, tanto en la composici\u00f3n como en la interpretaci\u00f3n.\u00a0<\/p>\n","protected":false},"excerpt":{"rendered":"","protected":false},"author":5,"featured_media":11616,"comment_status":"open","ping_status":"open","sticky":false,"template":"","format":"standard","meta":{"om_disable_all_campaigns":false,"_uf_show_specific_survey":0,"_uf_disable_surveys":false,"footnotes":""},"categories":[4],"tags":[],"class_list":["post-11615","post","type-post","status-publish","format-standard","has-post-thumbnail","hentry","category-musica"],"_links":{"self":[{"href":"https:\/\/entrenotasyacordes.com\/index.php?rest_route=\/wp\/v2\/posts\/11615","targetHints":{"allow":["GET"]}}],"collection":[{"href":"https:\/\/entrenotasyacordes.com\/index.php?rest_route=\/wp\/v2\/posts"}],"about":[{"href":"https:\/\/entrenotasyacordes.com\/index.php?rest_route=\/wp\/v2\/types\/post"}],"author":[{"embeddable":true,"href":"https:\/\/entrenotasyacordes.com\/index.php?rest_route=\/wp\/v2\/users\/5"}],"replies":[{"embeddable":true,"href":"https:\/\/entrenotasyacordes.com\/index.php?rest_route=%2Fwp%2Fv2%2Fcomments&post=11615"}],"version-history":[{"count":1,"href":"https:\/\/entrenotasyacordes.com\/index.php?rest_route=\/wp\/v2\/posts\/11615\/revisions"}],"predecessor-version":[{"id":11617,"href":"https:\/\/entrenotasyacordes.com\/index.php?rest_route=\/wp\/v2\/posts\/11615\/revisions\/11617"}],"wp:featuredmedia":[{"embeddable":true,"href":"https:\/\/entrenotasyacordes.com\/index.php?rest_route=\/wp\/v2\/media\/11616"}],"wp:attachment":[{"href":"https:\/\/entrenotasyacordes.com\/index.php?rest_route=%2Fwp%2Fv2%2Fmedia&parent=11615"}],"wp:term":[{"taxonomy":"category","embeddable":true,"href":"https:\/\/entrenotasyacordes.com\/index.php?rest_route=%2Fwp%2Fv2%2Fcategories&post=11615"},{"taxonomy":"post_tag","embeddable":true,"href":"https:\/\/entrenotasyacordes.com\/index.php?rest_route=%2Fwp%2Fv2%2Ftags&post=11615"}],"curies":[{"name":"wp","href":"https:\/\/api.w.org\/{rel}","templated":true}]}}