{"id":11618,"date":"2024-09-19T23:51:20","date_gmt":"2024-09-19T23:51:20","guid":{"rendered":"https:\/\/entrenotasyacordes.com\/?p=11618"},"modified":"2024-09-19T23:51:21","modified_gmt":"2024-09-19T23:51:21","slug":"marcelo-carrascos-apresenta-nuevo-singlefin-de-fiesta","status":"publish","type":"post","link":"https:\/\/entrenotasyacordes.com\/?p=11618","title":{"rendered":"MARCELO CARRASCOS APRESENTA NUEVO SINGLE\u00bbFIN DE FIESTA\u00bb"},"content":{"rendered":"\n<!--more-->\n\n\n<div class=\"wp-block-image\">\n<figure class=\"aligncenter size-full\"><img loading=\"lazy\" decoding=\"async\" width=\"1280\" height=\"1280\" src=\"https:\/\/entrenotasyacordes.com\/wp-content\/uploads\/2024\/09\/5q.jpeg\" alt=\"\" class=\"wp-image-11619\" srcset=\"https:\/\/entrenotasyacordes.com\/wp-content\/uploads\/2024\/09\/5q.jpeg 1280w, https:\/\/entrenotasyacordes.com\/wp-content\/uploads\/2024\/09\/5q-300x300.jpeg 300w, https:\/\/entrenotasyacordes.com\/wp-content\/uploads\/2024\/09\/5q-1024x1024.jpeg 1024w, https:\/\/entrenotasyacordes.com\/wp-content\/uploads\/2024\/09\/5q-150x150.jpeg 150w, https:\/\/entrenotasyacordes.com\/wp-content\/uploads\/2024\/09\/5q-768x768.jpeg 768w, https:\/\/entrenotasyacordes.com\/wp-content\/uploads\/2024\/09\/5q-50x50.jpeg 50w\" sizes=\"auto, (max-width: 1280px) 100vw, 1280px\" \/><\/figure>\n<\/div>\n\n\n<p>\u201cFin de Fiesta\u201d el nuevo lanzamiento de Marcelo Carrascosa es un lamento millenial a esos tiempos de juventud que est\u00e1n l\u00f3gicamente terminando. Es el entendimiento de que una etapa est\u00e1 finalizando, pero la negaci\u00f3n absoluta a que eso suceda. Es el grito del \u00faltimo que queda el boliche, el que cierra la fiesta. La nostalgia del pasado, gloria del presente y miedo del futuro. Un tema pop con unos destellos de disco. Un poco de influencia de Pet Shop Boys, Miranda y Daft Punk, con melancol\u00eda porte\u00f1a.<\/p>\n\n\n<div class=\"wp-block-image\">\n<figure class=\"aligncenter size-full is-resized\"><img loading=\"lazy\" decoding=\"async\" width=\"1280\" height=\"1280\" src=\"https:\/\/entrenotasyacordes.com\/wp-content\/uploads\/2024\/09\/5r.jpeg\" alt=\"\" class=\"wp-image-11620\" style=\"width:607px;height:auto\" srcset=\"https:\/\/entrenotasyacordes.com\/wp-content\/uploads\/2024\/09\/5r.jpeg 1280w, https:\/\/entrenotasyacordes.com\/wp-content\/uploads\/2024\/09\/5r-300x300.jpeg 300w, https:\/\/entrenotasyacordes.com\/wp-content\/uploads\/2024\/09\/5r-1024x1024.jpeg 1024w, https:\/\/entrenotasyacordes.com\/wp-content\/uploads\/2024\/09\/5r-150x150.jpeg 150w, https:\/\/entrenotasyacordes.com\/wp-content\/uploads\/2024\/09\/5r-768x768.jpeg 768w, https:\/\/entrenotasyacordes.com\/wp-content\/uploads\/2024\/09\/5r-50x50.jpeg 50w\" sizes=\"auto, (max-width: 1280px) 100vw, 1280px\" \/><\/figure>\n<\/div>\n\n\n<p class=\"has-text-align-left\">Su \u00faltimo lanzamiento fue \u201c<em><a target=\"_blank\" href=\"https:\/\/www.youtube.com\/watch?v=FBHVjSkpPyk&amp;utm_source=perfit&amp;utm_medium=email\" rel=\"noreferrer noopener\">Lentos<\/a><\/em>\u201d, un jazz que esta acompa\u00f1ado de un videoclip realizado y dirigido en su totalidad por Marcelo y su grupo de amigos m\u00e1s cercano. El clip es casi indescriptible, se destaca por su originalidad visual, su est\u00e9tica y la performance de Marcelo.<\/p>\n\n\n\n<p>Esta f\u00f3rmula de equipo se viene repitiendo, ya que los videoclips de \u00ab<em><a target=\"_blank\" href=\"https:\/\/www.youtube.com\/watch?v=uI0ytAkNiY4&amp;utm_source=perfit&amp;utm_medium=email\" rel=\"noreferrer noopener\">Mambos<\/a><\/em>. \u201c<em><a target=\"_blank\" href=\"https:\/\/www.youtube.com\/watch?v=oNcJCd7PjUM&amp;utm_source=perfit&amp;utm_medium=email\" rel=\"noreferrer noopener\">Ave F\u00e9nix<\/a><\/em>\u201d, \u201c<em><a target=\"_blank\" href=\"https:\/\/www.youtube.com\/watch?v=WzETnEoQPKQ&amp;utm_source=perfit&amp;utm_medium=email\" rel=\"noreferrer noopener\">Surmenage<\/a><\/em>\u201d y \u201c<em><a target=\"_blank\" href=\"https:\/\/www.youtube.com\/watch?v=pIEsDSsXqeI&amp;utm_source=perfit&amp;utm_medium=email\" rel=\"noreferrer noopener\">Vos<\/a><\/em>\u201d tambi\u00e9n fueron creados en su totalidad por ellos.<\/p>\n\n\n\n<p class=\"has-text-align-left\">Marcelo di\u00f3 inicio a su carrera en agosto 2022 con su single debut \u201c<em><a target=\"_blank\" href=\"https:\/\/www.youtube.com\/watch?v=CUXt17NoOMo&amp;utm_source=perfit&amp;utm_medium=email\" rel=\"noreferrer noopener\">Chico Sirena<\/a><\/em>\u201d, un denominado \u201cbolerock\u201d, y contin\u00faa el 2023 bien arriba, con un pop pegadizo con algo de milonga llamado \u201c<em><a target=\"_blank\" href=\"https:\/\/www.youtube.com\/watch?v=eBapGpwF9hk&amp;utm_source=perfit&amp;utm_medium=email\" rel=\"noreferrer noopener\">Activemos<\/a><\/em>\u201d. Luego prosigui\u00f3 con su primer y \u00fanico EP hasta el momento, \u201c<em><a target=\"_blank\" href=\"https:\/\/open.spotify.com\/intl-es\/album\/5p4Cq38wSjNdmYQKowlDMs?si=WEeofMgcS6GyiqZYZnMdMQ&amp;nd=1&amp;dlsi=d42369c523304afd&amp;utm_source=perfit&amp;utm_medium=email\" rel=\"noreferrer noopener\">Atemporal I<\/a>\u201d<\/em>, conformado por tres covers de cl\u00e1sicos reversionados, d\u00e1ndoles una impronta distinta al estilo Marcelo Carrascosa: \u201c<em><a target=\"_blank\" href=\"https:\/\/open.spotify.com\/intl-es\/track\/6aWrj2oOc5HBm1fy2K11pr?si=584b417e9aaa40db&amp;nd=1&amp;dlsi=09664e6128ef441d&amp;utm_source=perfit&amp;utm_medium=email\" rel=\"noreferrer noopener\">Alfonsina y El Mar<\/a><\/em>\u201d, \u201c<em><a target=\"_blank\" href=\"https:\/\/open.spotify.com\/intl-es\/track\/5IrNmPVYzPwOAV06yOiXdp?si=b4f92c00d90846cb&amp;nd=1&amp;dlsi=ec1d7a1471a0402c&amp;utm_source=perfit&amp;utm_medium=email\" rel=\"noreferrer noopener\">Nunca es Suficiente<\/a><\/em>\u201d y \u201c<em><a target=\"_blank\" href=\"https:\/\/open.spotify.com\/intl-es\/track\/0jWsi16rJ1XQkIchJ2SKJp?si=4929efe57c0049f1&amp;nd=1&amp;dlsi=c162f81700bc4169&amp;utm_source=perfit&amp;utm_medium=email\" rel=\"noreferrer noopener\">Recuerdos de Ypacara\u00ed<\/a><\/em>\u201d.<\/p>\n\n\n<div class=\"wp-block-image\">\n<figure class=\"aligncenter size-full is-resized\"><img loading=\"lazy\" decoding=\"async\" width=\"2560\" height=\"1440\" src=\"https:\/\/entrenotasyacordes.com\/wp-content\/uploads\/2024\/09\/5s-scaled.jpg\" alt=\"\" class=\"wp-image-11621\" style=\"width:607px;height:auto\" srcset=\"https:\/\/entrenotasyacordes.com\/wp-content\/uploads\/2024\/09\/5s-scaled.jpg 2560w, https:\/\/entrenotasyacordes.com\/wp-content\/uploads\/2024\/09\/5s-300x169.jpg 300w, https:\/\/entrenotasyacordes.com\/wp-content\/uploads\/2024\/09\/5s-1024x576.jpg 1024w, https:\/\/entrenotasyacordes.com\/wp-content\/uploads\/2024\/09\/5s-768x432.jpg 768w, https:\/\/entrenotasyacordes.com\/wp-content\/uploads\/2024\/09\/5s-1536x864.jpg 1536w, https:\/\/entrenotasyacordes.com\/wp-content\/uploads\/2024\/09\/5s-2048x1152.jpg 2048w\" sizes=\"auto, (max-width: 2560px) 100vw, 2560px\" \/><\/figure>\n<\/div>\n\n\n<p><strong>SOBRE MARCELO CARRASCOSA<\/strong><\/p>\n\n\n\n<p>Marcelo es actor, cantante y escritor de teatro y se mantiene siempre en constante evoluci\u00f3n para aprender, perfeccionarse y plantearse nuevos desaf\u00edos.<\/p>\n\n\n\n<p>Empez\u00f3 a escribir este camino como artista musical, donde se destaca como un peculiar int\u00e9rprete potenciado por sus dotes de actor, coronando cada canci\u00f3n desde adentro de su coraz\u00f3n.<\/p>\n\n\n\n<p>Marcelo Carrascosa nace en Misiones, para en su temprana infancia trasladarse a Buenos Aires y vivir en el barrio de Colegiales donde creci\u00f3.<\/p>\n\n\n\n<p>La carrera de Marcelo comienza a sus 18 a\u00f1os cuando parti\u00f3 para ir a vivir a Estados Unidos, donde se dedicaba a cantar en bares mientras cursaba en Rutgers University y recib\u00eda su licenciatura en Teatro de The New School University. Complet\u00f3 sus estudios cursando la Maestr\u00eda (MFA) en Columbia University, durante 3 a\u00f1os.<\/p>\n\n\n\n<p>Poco tiempo despu\u00e9s, da inicio a su carrera dentro del mundo de la actuaci\u00f3n, &nbsp;comenzando como asistente de direcci\u00f3n para terminar debutando como actor en diferentes obras y uni\u00e9ndose a la Compa\u00f1\u00eda Residente del prestigioso teatro La MaMa en Nueva York, llamada Actors Without Brothers.<\/p>\n\n\n\n<p>En el 2018 regres\u00f3 a Argentina donde continu\u00f3 con su carrera como actor, participando en la serie \u201cEl Marginal II\u201d. Adem\u00e1s trabaj\u00f3 como asistente de direcci\u00f3n de Helena Tritek, \u201cSonetos de Shakespeare\u201d en el Museo Larreta, \u201cSuite Chekhov\u201d en El Patio de Actores y \u201cRaza Extraordinaria\u201d en Centro Cultural 25 de Mayo.<\/p>\n\n\n\n<p>En 2022 inicia su carrera solista, perfeccionando sus originales letras, y su estilo \u00fanico y original para lanzarse en la industria de la m\u00fasica de lleno.<\/p>\n","protected":false},"excerpt":{"rendered":"","protected":false},"author":5,"featured_media":11619,"comment_status":"open","ping_status":"open","sticky":false,"template":"","format":"standard","meta":{"om_disable_all_campaigns":false,"_uf_show_specific_survey":0,"_uf_disable_surveys":false,"footnotes":""},"categories":[4],"tags":[],"class_list":["post-11618","post","type-post","status-publish","format-standard","has-post-thumbnail","hentry","category-musica"],"_links":{"self":[{"href":"https:\/\/entrenotasyacordes.com\/index.php?rest_route=\/wp\/v2\/posts\/11618","targetHints":{"allow":["GET"]}}],"collection":[{"href":"https:\/\/entrenotasyacordes.com\/index.php?rest_route=\/wp\/v2\/posts"}],"about":[{"href":"https:\/\/entrenotasyacordes.com\/index.php?rest_route=\/wp\/v2\/types\/post"}],"author":[{"embeddable":true,"href":"https:\/\/entrenotasyacordes.com\/index.php?rest_route=\/wp\/v2\/users\/5"}],"replies":[{"embeddable":true,"href":"https:\/\/entrenotasyacordes.com\/index.php?rest_route=%2Fwp%2Fv2%2Fcomments&post=11618"}],"version-history":[{"count":1,"href":"https:\/\/entrenotasyacordes.com\/index.php?rest_route=\/wp\/v2\/posts\/11618\/revisions"}],"predecessor-version":[{"id":11622,"href":"https:\/\/entrenotasyacordes.com\/index.php?rest_route=\/wp\/v2\/posts\/11618\/revisions\/11622"}],"wp:featuredmedia":[{"embeddable":true,"href":"https:\/\/entrenotasyacordes.com\/index.php?rest_route=\/wp\/v2\/media\/11619"}],"wp:attachment":[{"href":"https:\/\/entrenotasyacordes.com\/index.php?rest_route=%2Fwp%2Fv2%2Fmedia&parent=11618"}],"wp:term":[{"taxonomy":"category","embeddable":true,"href":"https:\/\/entrenotasyacordes.com\/index.php?rest_route=%2Fwp%2Fv2%2Fcategories&post=11618"},{"taxonomy":"post_tag","embeddable":true,"href":"https:\/\/entrenotasyacordes.com\/index.php?rest_route=%2Fwp%2Fv2%2Ftags&post=11618"}],"curies":[{"name":"wp","href":"https:\/\/api.w.org\/{rel}","templated":true}]}}