{"id":11623,"date":"2024-09-19T23:54:11","date_gmt":"2024-09-19T23:54:11","guid":{"rendered":"https:\/\/entrenotasyacordes.com\/?p=11623"},"modified":"2024-09-19T23:55:31","modified_gmt":"2024-09-19T23:55:31","slug":"juanlu-de-la-rosa-llega-a-la-argentina-2","status":"publish","type":"post","link":"https:\/\/entrenotasyacordes.com\/?p=11623","title":{"rendered":"JUANLU DE LA ROSA LLEGA A LA ARGENTINA"},"content":{"rendered":"\n<!--more-->\n\n\n<div class=\"wp-block-image\">\n<figure class=\"aligncenter size-full\"><img loading=\"lazy\" decoding=\"async\" width=\"1280\" height=\"720\" src=\"https:\/\/entrenotasyacordes.com\/wp-content\/uploads\/2024\/09\/5t.jpeg\" alt=\"\" class=\"wp-image-11624\" srcset=\"https:\/\/entrenotasyacordes.com\/wp-content\/uploads\/2024\/09\/5t.jpeg 1280w, https:\/\/entrenotasyacordes.com\/wp-content\/uploads\/2024\/09\/5t-300x169.jpeg 300w, https:\/\/entrenotasyacordes.com\/wp-content\/uploads\/2024\/09\/5t-1024x576.jpeg 1024w, https:\/\/entrenotasyacordes.com\/wp-content\/uploads\/2024\/09\/5t-768x432.jpeg 768w\" sizes=\"auto, (max-width: 1280px) 100vw, 1280px\" \/><\/figure>\n<\/div>\n\n\n<p>LA REVELACI\u00d3N DE ESPA\u00d1A LLEGA A LA ARGENTINA POR PRIMERA VEZ EL 12 DE OCTUBRE EN EL TEATRO MULTIESCENA CON UN SHOW IMPERDIBLE<\/p>\n\n\n\n<p>Juanlu de la Rosa llega por primera vez a la Argentina, el 12 de octubre. El aclamado artista espa\u00f1ol anuncia su primera visita a Argentina, trayendo consigo su talento y \u00e9xito musical.<\/p>\n\n\n\n<p>Sus canciones m\u00e1s populares, como \u00abHoy voy a beber\u00bb, \u00abSe nota distinta\u00bb, \u00abTu me vuelves loco\u00bb han resonado en los corazones de los fans y llegan a Buenos Aires para conquistar corazones y dejar su huella en la escena musical local.<\/p>\n\n\n\n<p>Durante su visita, Juanlu ofrecer\u00e1 un show lleno de sorpresas con bailarines, canciones y covers, permitiendo a los fans argentinos experimentar su m\u00fasica en vivo y conectarse con \u00e9l de manera \u00fanica.<\/p>\n\n\n<div class=\"wp-block-image\">\n<figure class=\"aligncenter size-full is-resized\"><img loading=\"lazy\" decoding=\"async\" width=\"1920\" height=\"2560\" src=\"https:\/\/entrenotasyacordes.com\/wp-content\/uploads\/2024\/09\/5v-scaled.jpeg\" alt=\"\" class=\"wp-image-11625\" style=\"width:607px;height:auto\" srcset=\"https:\/\/entrenotasyacordes.com\/wp-content\/uploads\/2024\/09\/5v-scaled.jpeg 1920w, https:\/\/entrenotasyacordes.com\/wp-content\/uploads\/2024\/09\/5v-225x300.jpeg 225w, https:\/\/entrenotasyacordes.com\/wp-content\/uploads\/2024\/09\/5v-768x1024.jpeg 768w, https:\/\/entrenotasyacordes.com\/wp-content\/uploads\/2024\/09\/5v-1152x1536.jpeg 1152w, https:\/\/entrenotasyacordes.com\/wp-content\/uploads\/2024\/09\/5v-1536x2048.jpeg 1536w, https:\/\/entrenotasyacordes.com\/wp-content\/uploads\/2024\/09\/5v-1024x1365.jpeg 1024w\" sizes=\"auto, (max-width: 1920px) 100vw, 1920px\" \/><\/figure>\n<\/div>\n\n\n<p class=\"has-text-align-left\"><strong>SOBRE JUANLU DE LA ROSA<\/strong><\/p>\n\n\n\n<p>Juan Luis De la Rosa Gonz\u00e1lez es un artista nacido en Alicante, tierra en la que ha crecido y se ha forjado como artista pero no la \u00fanica que lo ha influenciado. De padre Almeriense y madre gallega(Vigo), este se ha nutrido de muchos g\u00e9neros musicales, de los cuales predomina el flamenco gracias a su familia paterna.<\/p>\n\n\n\n<p>Su abuela, una gran vedette de los a\u00f1os 50, trabaj\u00f3 con artistas de la talla de Rafael Fari\u00f1a o el Pr\u00edncipe Gitano, su padre tambi\u00e9n aficionado a la m\u00fasica flamenca como cantaor y guitarrista. Pero, tambi\u00e9n gracias a su madre se ha nutrido de otros estilos musicales como la balada, los boleros, el pop espa\u00f1ol, influenciado por artistas como Luis Miguel, Alejandro Fern\u00e1ndez, David Bisbal\u2026<\/p>\n\n\n\n<p>Todo esto hace de Juanlu De la Rosa un artista todo terreno a la hora de cantar ya que fusiona muchos estilos musicales pero siempre d\u00e1ndole ese toque tan personal flamenco, dulce y con tanto sentimiento. Su capacidad de emocionar a trav\u00e9s de su m\u00fasica es lo que hace de \u00e9l un artista diferente a los del panorama actual.<\/p>\n\n\n\n<p class=\"has-text-align-left\">Juanlu de la Rosa pertenece a la fundacion Princesa de Girona, la cual cuenta con jovenes artistas espa\u00f1oles, para difundir con ellos valores a los jovenes mediante la educacion y transmitir un mensaje positivo a la sociedad con sus propias canciones que sirven de inspiracion a miles de jovenes. Con este proyecto, Juanlu, ha conseguido mayor reconocimiento a nivel nacional actuando en muchas ciudades entre ellas Madrid (Teatro Real), Alicante (Teatro Principal), Salamanca, Sevilla, Cadiz, Vigo, Albacete, Murcia, Almeria&#8230; y fuera del panorama nacional, actuando dos veces en Portugal.<\/p>\n","protected":false},"excerpt":{"rendered":"","protected":false},"author":5,"featured_media":11624,"comment_status":"open","ping_status":"open","sticky":false,"template":"","format":"standard","meta":{"om_disable_all_campaigns":false,"_uf_show_specific_survey":0,"_uf_disable_surveys":false,"footnotes":""},"categories":[36],"tags":[],"class_list":["post-11623","post","type-post","status-publish","format-standard","has-post-thumbnail","hentry","category-conciertos"],"_links":{"self":[{"href":"https:\/\/entrenotasyacordes.com\/index.php?rest_route=\/wp\/v2\/posts\/11623","targetHints":{"allow":["GET"]}}],"collection":[{"href":"https:\/\/entrenotasyacordes.com\/index.php?rest_route=\/wp\/v2\/posts"}],"about":[{"href":"https:\/\/entrenotasyacordes.com\/index.php?rest_route=\/wp\/v2\/types\/post"}],"author":[{"embeddable":true,"href":"https:\/\/entrenotasyacordes.com\/index.php?rest_route=\/wp\/v2\/users\/5"}],"replies":[{"embeddable":true,"href":"https:\/\/entrenotasyacordes.com\/index.php?rest_route=%2Fwp%2Fv2%2Fcomments&post=11623"}],"version-history":[{"count":1,"href":"https:\/\/entrenotasyacordes.com\/index.php?rest_route=\/wp\/v2\/posts\/11623\/revisions"}],"predecessor-version":[{"id":11626,"href":"https:\/\/entrenotasyacordes.com\/index.php?rest_route=\/wp\/v2\/posts\/11623\/revisions\/11626"}],"wp:featuredmedia":[{"embeddable":true,"href":"https:\/\/entrenotasyacordes.com\/index.php?rest_route=\/wp\/v2\/media\/11624"}],"wp:attachment":[{"href":"https:\/\/entrenotasyacordes.com\/index.php?rest_route=%2Fwp%2Fv2%2Fmedia&parent=11623"}],"wp:term":[{"taxonomy":"category","embeddable":true,"href":"https:\/\/entrenotasyacordes.com\/index.php?rest_route=%2Fwp%2Fv2%2Fcategories&post=11623"},{"taxonomy":"post_tag","embeddable":true,"href":"https:\/\/entrenotasyacordes.com\/index.php?rest_route=%2Fwp%2Fv2%2Ftags&post=11623"}],"curies":[{"name":"wp","href":"https:\/\/api.w.org\/{rel}","templated":true}]}}