{"id":11627,"date":"2024-09-19T23:59:05","date_gmt":"2024-09-19T23:59:05","guid":{"rendered":"https:\/\/entrenotasyacordes.com\/?p=11627"},"modified":"2024-09-19T23:59:07","modified_gmt":"2024-09-19T23:59:07","slug":"carlos-rivera-recibe-nominacion-a-los-premioslatin-grammys","status":"publish","type":"post","link":"https:\/\/entrenotasyacordes.com\/?p=11627","title":{"rendered":"CARLOS RIVERA RECIBE NOMINACI\u00d3N A LOS PREMIOSLATIN GRAMMYS\u00ae"},"content":{"rendered":"\n<!--more-->\n\n\n<div class=\"wp-block-image\">\n<figure class=\"aligncenter size-full is-resized\"><img loading=\"lazy\" decoding=\"async\" width=\"572\" height=\"574\" src=\"https:\/\/entrenotasyacordes.com\/wp-content\/uploads\/2024\/09\/5w-1.jpg\" alt=\"\" class=\"wp-image-11628\" style=\"width:607px;height:auto\" srcset=\"https:\/\/entrenotasyacordes.com\/wp-content\/uploads\/2024\/09\/5w-1.jpg 572w, https:\/\/entrenotasyacordes.com\/wp-content\/uploads\/2024\/09\/5w-1-300x300.jpg 300w, https:\/\/entrenotasyacordes.com\/wp-content\/uploads\/2024\/09\/5w-1-150x150.jpg 150w, https:\/\/entrenotasyacordes.com\/wp-content\/uploads\/2024\/09\/5w-1-50x50.jpg 50w\" sizes=\"auto, (max-width: 572px) 100vw, 572px\" \/><\/figure>\n<\/div>\n\n\n<p class=\"has-text-align-center\"><strong><em>El cantante mexicano, l\u00edder de la generaci\u00f3n rom\u00e1ntica latina, fue nominado por \u201cAhora\u201d, su colaboraci\u00f3n junto a David Bisbal<\/em><\/strong><\/p>\n\n\n\n<p class=\"has-text-align-left\">El cantautor mexicano, Carlos Rivera, uno de los m\u00e1s influyentes de su generaci\u00f3n, suma otro reconocimiento a su prol\u00edfica carrera. Rivera recibi\u00f3 este martes una nominaci\u00f3n a los premios&nbsp;<strong>Latin GRAMMYs\u00ae<\/strong>, cuya 25\u00aa entrega se realizar\u00e1 el pr\u00f3ximo 14 de noviembre en Miami.<\/p>\n\n\n\n<p>El cantante, que hace 20 a\u00f1os inici\u00f3 en la industria, est\u00e1 nominado a la&nbsp;<strong>Mejor Canci\u00f3n Pop<\/strong>&nbsp;por \u201c<strong>Ahora<\/strong>\u201d, una sentida colaboraci\u00f3n junto a David Bisbal.<\/p>\n\n\n\n<p>La balada, que habla del arrepentimiento, el perd\u00f3n y la esperanza, fue escrita por los int\u00e9rpretes junto a Pablo Preciado, integrante de Matisse. El sencillo fue producido por Pablo Cebri\u00e1n.&nbsp;<\/p>\n\n\n\n<p>\u201cAdmiro mucho a David, desde que empez\u00f3 con su primer disco. Adem\u00e1s, es un referente para todos los cantantes que so\u00f1\u00e1bamos con ser artistas desde hace tantos a\u00f1os, hace tanto tiempo\u201d, dijo Carlos Rivera en marzo, en un video publicado en&nbsp;<a target=\"_blank\" href=\"https:\/\/www.instagram.com\/p\/C5G8F1hM5eg\/?utm_source=perfit&amp;utm_medium=email\" rel=\"noreferrer noopener\">Instagram<\/a>&nbsp;por David Bisbal.&nbsp;<\/p>\n\n\n\n<p class=\"has-text-align-left\">\u201cCarlos y yo hemos querido hacer una canci\u00f3n en donde fuese importante la melod\u00eda en tanto los versos como en los coros, como en el pre coro. Hemos generado, mel\u00f3dicamente, una canci\u00f3n muy himno. Quer\u00edamos hacerlo as\u00ed para que el p\u00fablico participara cantando con nosotros\u201d, agreg\u00f3 Bisbal.&nbsp;<\/p>\n\n\n<div class=\"wp-block-image\">\n<figure class=\"aligncenter size-full is-resized\"><img loading=\"lazy\" decoding=\"async\" width=\"500\" height=\"500\" src=\"https:\/\/entrenotasyacordes.com\/wp-content\/uploads\/2024\/09\/5x.jpg\" alt=\"\" class=\"wp-image-11629\" style=\"width:632px;height:auto\" srcset=\"https:\/\/entrenotasyacordes.com\/wp-content\/uploads\/2024\/09\/5x.jpg 500w, https:\/\/entrenotasyacordes.com\/wp-content\/uploads\/2024\/09\/5x-300x300.jpg 300w, https:\/\/entrenotasyacordes.com\/wp-content\/uploads\/2024\/09\/5x-150x150.jpg 150w, https:\/\/entrenotasyacordes.com\/wp-content\/uploads\/2024\/09\/5x-50x50.jpg 50w\" sizes=\"auto, (max-width: 500px) 100vw, 500px\" \/><\/figure>\n<\/div>\n\n\n<p>La nominaci\u00f3n a los Latin GRAMMYs llega en torno a la celebraci\u00f3n de los 20 a\u00f1os de trayectoria de Carlos Rivera. Como parte de la conmemoraci\u00f3n, el int\u00e9rprete realiz\u00f3 un concierto el 4 de julio en el Arena Ciudad de M\u00e9xico, en donde la emoci\u00f3n y la nostalgia estuvieron a flor de piel.<\/p>\n\n\n\n<p>Hoy en d\u00eda,&nbsp;<strong>Carlos Rivera<\/strong>&nbsp;es uno de los cantantes mexicanos m\u00e1s reconocidos y se ha coronado con m\u00faltiples logros, como r\u00e9cords en ventas, reconocimientos discogr\u00e1ficos y llenos totales en sus shows nacionales e internacionales.<\/p>\n\n\n\n<p>El cantante llevar\u00e1 su gira con su \u201cCarlos XX\u201d a Latinoam\u00e9rica, con fechas confirmadas en Costa Rica, Chile y Argentina. Pr\u00f3ximamente se dar\u00e1n a conocer las fechas para Espa\u00f1a y Estados Unidos.&nbsp;<\/p>\n\n\n<div class=\"wp-block-image\">\n<figure class=\"aligncenter size-full is-resized\"><img loading=\"lazy\" decoding=\"async\" width=\"518\" height=\"922\" src=\"https:\/\/entrenotasyacordes.com\/wp-content\/uploads\/2024\/09\/5y.jpg\" alt=\"\" class=\"wp-image-11630\" style=\"width:607px;height:auto\" srcset=\"https:\/\/entrenotasyacordes.com\/wp-content\/uploads\/2024\/09\/5y.jpg 518w, https:\/\/entrenotasyacordes.com\/wp-content\/uploads\/2024\/09\/5y-169x300.jpg 169w\" sizes=\"auto, (max-width: 518px) 100vw, 518px\" \/><\/figure>\n<\/div>\n\n\n<p><strong>Las siguientes fechas confirmadas de \u201cCarlos XX\u201d son:<\/strong><\/p>\n\n\n\n<p>5 de octubre &#8211; Arena Monterrey \/ Monterrey, Nuevo Le\u00f3n<br>23 de noviembre &#8211; Estadio Nacional \/ San Jos\u00e9, Costa Rica<br>\u00a0 \u00a0 9 de diciembre &#8211; Movistar Arena \/ Santiago de Chile\u00a0<strong>*\u00daLTIMOS BOLETOS*<\/strong><br>12 de diciembre &#8211; Quality Arena \/ C\u00f3rdoba, Argentina *AGOTADO*<br>14 de diciembre &#8211; Movistar Arena \/ Buenos Aires, Argentina\u00a0<strong>*AGOTADO*<\/strong><br>15 de diciembre \u2013 Movistar Arena \/ Buenos Aires, Argentina\u00a0<strong>*NUEVA FECHA*<\/strong><\/p>\n","protected":false},"excerpt":{"rendered":"","protected":false},"author":5,"featured_media":11628,"comment_status":"open","ping_status":"open","sticky":false,"template":"","format":"standard","meta":{"om_disable_all_campaigns":false,"_uf_show_specific_survey":0,"_uf_disable_surveys":false,"footnotes":""},"categories":[34],"tags":[],"class_list":["post-11627","post","type-post","status-publish","format-standard","has-post-thumbnail","hentry","category-ultimas-noticias"],"_links":{"self":[{"href":"https:\/\/entrenotasyacordes.com\/index.php?rest_route=\/wp\/v2\/posts\/11627","targetHints":{"allow":["GET"]}}],"collection":[{"href":"https:\/\/entrenotasyacordes.com\/index.php?rest_route=\/wp\/v2\/posts"}],"about":[{"href":"https:\/\/entrenotasyacordes.com\/index.php?rest_route=\/wp\/v2\/types\/post"}],"author":[{"embeddable":true,"href":"https:\/\/entrenotasyacordes.com\/index.php?rest_route=\/wp\/v2\/users\/5"}],"replies":[{"embeddable":true,"href":"https:\/\/entrenotasyacordes.com\/index.php?rest_route=%2Fwp%2Fv2%2Fcomments&post=11627"}],"version-history":[{"count":1,"href":"https:\/\/entrenotasyacordes.com\/index.php?rest_route=\/wp\/v2\/posts\/11627\/revisions"}],"predecessor-version":[{"id":11631,"href":"https:\/\/entrenotasyacordes.com\/index.php?rest_route=\/wp\/v2\/posts\/11627\/revisions\/11631"}],"wp:featuredmedia":[{"embeddable":true,"href":"https:\/\/entrenotasyacordes.com\/index.php?rest_route=\/wp\/v2\/media\/11628"}],"wp:attachment":[{"href":"https:\/\/entrenotasyacordes.com\/index.php?rest_route=%2Fwp%2Fv2%2Fmedia&parent=11627"}],"wp:term":[{"taxonomy":"category","embeddable":true,"href":"https:\/\/entrenotasyacordes.com\/index.php?rest_route=%2Fwp%2Fv2%2Fcategories&post=11627"},{"taxonomy":"post_tag","embeddable":true,"href":"https:\/\/entrenotasyacordes.com\/index.php?rest_route=%2Fwp%2Fv2%2Ftags&post=11627"}],"curies":[{"name":"wp","href":"https:\/\/api.w.org\/{rel}","templated":true}]}}