{"id":11632,"date":"2024-09-20T00:11:51","date_gmt":"2024-09-20T00:11:51","guid":{"rendered":"https:\/\/entrenotasyacordes.com\/?p=11632"},"modified":"2024-09-20T00:11:52","modified_gmt":"2024-09-20T00:11:52","slug":"camilu-estrena-musica-nueva-mancharnos-la-piel","status":"publish","type":"post","link":"https:\/\/entrenotasyacordes.com\/?p=11632","title":{"rendered":"\u00a1CAMIL\u00da ESTRENA M\u00daSICA NUEVA! \u201cMANCHARNOS LA PIEL\u201d"},"content":{"rendered":"\n<!--more-->\n\n\n<div class=\"wp-block-image\">\n<figure class=\"aligncenter size-full\"><img loading=\"lazy\" decoding=\"async\" width=\"600\" height=\"600\" src=\"https:\/\/entrenotasyacordes.com\/wp-content\/uploads\/2024\/09\/6a-1.jpeg\" alt=\"\" class=\"wp-image-11633\" srcset=\"https:\/\/entrenotasyacordes.com\/wp-content\/uploads\/2024\/09\/6a-1.jpeg 600w, https:\/\/entrenotasyacordes.com\/wp-content\/uploads\/2024\/09\/6a-1-300x300.jpeg 300w, https:\/\/entrenotasyacordes.com\/wp-content\/uploads\/2024\/09\/6a-1-150x150.jpeg 150w, https:\/\/entrenotasyacordes.com\/wp-content\/uploads\/2024\/09\/6a-1-50x50.jpeg 50w\" sizes=\"auto, (max-width: 600px) 100vw, 600px\" \/><\/figure>\n<\/div>\n\n\n<p>Camino a su tercer disco,&nbsp;<strong>CAMIL\u00da&nbsp;<\/strong>lanza el primer adelanto para nuevamente enamorarnos con su voz y melod\u00edas \u00fanicas.<\/p>\n\n\n\n<p><em><strong>\u201cMancharnos la piel\u201d&nbsp;<\/strong><\/em>es una canci\u00f3n que busca reconocer al sexo como una manera de descubrirse, de conocerse. Ese lugar de fusi\u00f3n, de comodidad y de placer es tan dif\u00edcil de encontrar y de experimentar como cualquier otro tipo de conexi\u00f3n.&nbsp;<\/p>\n\n\n\n<p><em>\u201cEn esta canci\u00f3n dej\u00e9 de se\u00f1alar a una relaci\u00f3n como \u201cvac\u00eda\u201d porque entend\u00ed lo hermoso que fue entregarme a experimentar en mi deseo. La escrib\u00ed porque entend\u00ed que vincularse con un tinte m\u00e1s sexual, tambi\u00e9n es una manera muy hermosa de encontrarse\u201d.&nbsp;<\/em><strong>CAMIL\u00da&nbsp;<\/strong><\/p>\n\n\n\n<figure class=\"wp-block-embed is-type-video is-provider-youtube wp-block-embed-youtube wp-embed-aspect-4-3 wp-has-aspect-ratio\"><div class=\"wp-block-embed__wrapper\">\n<div class=\"epyt-video-wrapper\"><iframe loading=\"lazy\"  id=\"_ytid_50740\"  width=\"640\" height=\"360\"  data-origwidth=\"640\" data-origheight=\"360\" src=\"https:\/\/www.youtube.com\/embed\/UDWPcB6cdfY?enablejsapi=1&#038;autoplay=0&#038;cc_load_policy=0&#038;cc_lang_pref=&#038;iv_load_policy=1&#038;loop=0&#038;rel=1&#038;fs=1&#038;playsinline=0&#038;autohide=2&#038;theme=dark&#038;color=white&#038;controls=1&#038;\" class=\"__youtube_prefs__  epyt-is-override  no-lazyload\" data-vol=\"50\"  title=\"YouTube player\"  allow=\"fullscreen; accelerometer; autoplay; clipboard-write; encrypted-media; gyroscope; picture-in-picture; web-share\" referrerpolicy=\"strict-origin-when-cross-origin\" allowfullscreen data-no-lazy=\"1\" data-skipgform_ajax_framebjll=\"\"><\/iframe><\/div>\n<\/div><\/figure>\n\n\n\n<p>Anticipando lo que ser\u00e1 su nuevo \u00e1lbum, la artista argentina nos adelanta que dentro de esta canci\u00f3n, encontr\u00f3 tambi\u00e9n la frase que dar\u00e1 nombre al \u00e1lbum:&nbsp;<em>\u201cEs tan especial para m\u00ed, que dentro de ella encontr\u00e9 el nombre del disco. Acompa\u00f1a un proceso de autoconocimiento y aprendizaje muy profundo para m\u00ed. Espero que la disfruten mucho\u201d.<\/em><\/p>\n\n\n\n<p>A su vez, entre la composici\u00f3n de sus nuevas canciones,<strong>&nbsp;CAMIL\u00da confirm\u00f3 un nuevo show en vivo! Este 2 de Octubre se estar\u00e1 presentando en La Tangente, y las, ya \u00faltimas entradas, se encuentran a la venta&nbsp;<\/strong><a href=\"https:\/\/aafop.r.a.d.sendibm1.com\/mk\/cl\/f\/sh\/6rqJfgq8dISlVghnk0szPBNQ0g9\/ilJX8J0aPXG5\"><strong><u>ac\u00e1<\/u><\/strong><\/a><strong>.<\/strong><\/p>\n\n\n\n<p>En una noche que promete ser \u00fanica, interpretar\u00e1 sus m\u00e1s recientes canciones, adem\u00e1s de aquellas que la llevaron a convertirse en una de las promesas de la m\u00fasica local.&nbsp;<\/p>\n\n\n<div class=\"wp-block-image\">\n<figure class=\"aligncenter size-full is-resized\"><img loading=\"lazy\" decoding=\"async\" width=\"600\" height=\"600\" src=\"https:\/\/entrenotasyacordes.com\/wp-content\/uploads\/2024\/09\/6b.jpeg\" alt=\"\" class=\"wp-image-11634\" style=\"width:607px;height:auto\" srcset=\"https:\/\/entrenotasyacordes.com\/wp-content\/uploads\/2024\/09\/6b.jpeg 600w, https:\/\/entrenotasyacordes.com\/wp-content\/uploads\/2024\/09\/6b-300x300.jpeg 300w, https:\/\/entrenotasyacordes.com\/wp-content\/uploads\/2024\/09\/6b-150x150.jpeg 150w, https:\/\/entrenotasyacordes.com\/wp-content\/uploads\/2024\/09\/6b-50x50.jpeg 50w\" sizes=\"auto, (max-width: 600px) 100vw, 600px\" \/><\/figure>\n<\/div>\n\n\n<p class=\"has-text-align-left\"><strong>M\u00e1s acerca de CAMIL\u00da<\/strong><\/p>\n\n\n\n<p><strong>CAMIL\u00da<\/strong>&nbsp;comenz\u00f3 el a\u00f1o con una serie de<em>&nbsp;Live Sessions<\/em>&nbsp;que vienen dando de qu\u00e9 hablar. La base de este proyecto es la uni\u00f3n con diferentes m\u00fasicos de la industria para llevar a cabo versiones m\u00e1s despojadas de canciones ic\u00f3nicas de Camil\u00fa. Comenzando en el Vol.1, nada m\u00e1s ni nada menos que con&nbsp;<strong>Karina La Princesita<\/strong>, en la canci\u00f3n \u00abYa Me Habr\u00e9 Ido\u00bb, seguido por&nbsp;<strong>Muna&nbsp;<\/strong>en el Vol.2 ,&nbsp;<strong>Soledad Pastorutti<\/strong>&nbsp;en Vol. 3. Para el Vol.4 Camil\u00fa decide deleitarnos con una canci\u00f3n in\u00e9dita \u00abTodav\u00eda voy bien\u00bb, y retomar con los cruces con artistas en el Vol.5 junto a&nbsp;<strong>Benja Amadeo<\/strong>&nbsp;en \u00abInfinito\u00bb.<\/p>\n\n\n\n<p class=\"has-text-align-left\"><strong>CAMIL\u00da\u00a0<\/strong>contin\u00faa su ascendente camino en esta industria y sorprende con su frescura, carisma y talento. Recientemente, la cantautora se present\u00f3 ante miles de personas en el\u00a0<strong>Movistar Arena\u00a0<\/strong>realizando el opening show de\u00a0<strong>CAMILA<\/strong>, el tr\u00edo mexicano que regres\u00f3 a la Argentina luego de 10 a\u00f1os.<\/p>\n\n\n\n<p class=\"has-text-align-left\">La joven chubutense, se ha destacado en la escena musical contempor\u00e1nea, recientemente&nbsp;<strong>nominada a los Latin Grammy 2023&nbsp;<\/strong>en la categor\u00eda \u00abMejor \u00c1lbum Tradicional Pop\u00bb por su aclamado disco \u00abQue Me Duela\u00bb.&nbsp;<\/p>\n\n\n\n<p class=\"has-text-align-left\">Con participaciones en eventos de renombre como el Festival Internacional de la canci\u00f3n de&nbsp;<strong>Vi\u00f1a del Mar y el Lollapalooza Argentina,<\/strong>&nbsp;CAMIL\u00da ha capturado la atenci\u00f3n del p\u00fablico con su voz \u00fanica y su repertorio distintivo.<\/p>\n\n\n<div class=\"wp-block-image\">\n<figure class=\"aligncenter size-full is-resized\"><img loading=\"lazy\" decoding=\"async\" width=\"600\" height=\"400\" src=\"https:\/\/entrenotasyacordes.com\/wp-content\/uploads\/2024\/09\/6c-1.jpeg\" alt=\"\" class=\"wp-image-11635\" style=\"width:607px;height:auto\" srcset=\"https:\/\/entrenotasyacordes.com\/wp-content\/uploads\/2024\/09\/6c-1.jpeg 600w, https:\/\/entrenotasyacordes.com\/wp-content\/uploads\/2024\/09\/6c-1-300x200.jpeg 300w\" sizes=\"auto, (max-width: 600px) 100vw, 600px\" \/><\/figure>\n<\/div>","protected":false},"excerpt":{"rendered":"","protected":false},"author":5,"featured_media":11633,"comment_status":"open","ping_status":"open","sticky":false,"template":"","format":"standard","meta":{"om_disable_all_campaigns":false,"_uf_show_specific_survey":0,"_uf_disable_surveys":false,"footnotes":""},"categories":[4],"tags":[],"class_list":["post-11632","post","type-post","status-publish","format-standard","has-post-thumbnail","hentry","category-musica"],"_links":{"self":[{"href":"https:\/\/entrenotasyacordes.com\/index.php?rest_route=\/wp\/v2\/posts\/11632","targetHints":{"allow":["GET"]}}],"collection":[{"href":"https:\/\/entrenotasyacordes.com\/index.php?rest_route=\/wp\/v2\/posts"}],"about":[{"href":"https:\/\/entrenotasyacordes.com\/index.php?rest_route=\/wp\/v2\/types\/post"}],"author":[{"embeddable":true,"href":"https:\/\/entrenotasyacordes.com\/index.php?rest_route=\/wp\/v2\/users\/5"}],"replies":[{"embeddable":true,"href":"https:\/\/entrenotasyacordes.com\/index.php?rest_route=%2Fwp%2Fv2%2Fcomments&post=11632"}],"version-history":[{"count":1,"href":"https:\/\/entrenotasyacordes.com\/index.php?rest_route=\/wp\/v2\/posts\/11632\/revisions"}],"predecessor-version":[{"id":11636,"href":"https:\/\/entrenotasyacordes.com\/index.php?rest_route=\/wp\/v2\/posts\/11632\/revisions\/11636"}],"wp:featuredmedia":[{"embeddable":true,"href":"https:\/\/entrenotasyacordes.com\/index.php?rest_route=\/wp\/v2\/media\/11633"}],"wp:attachment":[{"href":"https:\/\/entrenotasyacordes.com\/index.php?rest_route=%2Fwp%2Fv2%2Fmedia&parent=11632"}],"wp:term":[{"taxonomy":"category","embeddable":true,"href":"https:\/\/entrenotasyacordes.com\/index.php?rest_route=%2Fwp%2Fv2%2Fcategories&post=11632"},{"taxonomy":"post_tag","embeddable":true,"href":"https:\/\/entrenotasyacordes.com\/index.php?rest_route=%2Fwp%2Fv2%2Ftags&post=11632"}],"curies":[{"name":"wp","href":"https:\/\/api.w.org\/{rel}","templated":true}]}}