{"id":11682,"date":"2024-09-23T19:02:44","date_gmt":"2024-09-23T19:02:44","guid":{"rendered":"https:\/\/entrenotasyacordes.com\/?p=11682"},"modified":"2024-09-23T19:02:46","modified_gmt":"2024-09-23T19:02:46","slug":"franco-rizzaro-presenta-su-nuevo-single-y-videoclip-tu-carcel","status":"publish","type":"post","link":"https:\/\/entrenotasyacordes.com\/?p=11682","title":{"rendered":"FRANCO RIZZARO presenta su nuevo single y videoclip \u00abTU C\u00c1RCEL\u00bb"},"content":{"rendered":"\n<!--more-->\n\n\n<div class=\"wp-block-image\">\n<figure class=\"aligncenter size-full\"><img loading=\"lazy\" decoding=\"async\" width=\"610\" height=\"605\" src=\"https:\/\/entrenotasyacordes.com\/wp-content\/uploads\/2024\/09\/7d.png\" alt=\"\" class=\"wp-image-11683\" srcset=\"https:\/\/entrenotasyacordes.com\/wp-content\/uploads\/2024\/09\/7d.png 610w, https:\/\/entrenotasyacordes.com\/wp-content\/uploads\/2024\/09\/7d-300x298.png 300w, https:\/\/entrenotasyacordes.com\/wp-content\/uploads\/2024\/09\/7d-150x150.png 150w, https:\/\/entrenotasyacordes.com\/wp-content\/uploads\/2024\/09\/7d-50x50.png 50w\" sizes=\"auto, (max-width: 610px) 100vw, 610px\" \/><\/figure>\n<\/div>\n\n\n<p>Franco Rizzaro presenta su nuevo single \u201cT\u00fa C\u00e1rcel\u00bb, un innovador cover de una canci\u00f3n de Los Bukis, compuesta por el ic\u00f3nico Marco Antonio Sol\u00eds.<br><br>Esta nueva versi\u00f3n mantiene la esencia de la leyenda musical, pero con un giro pop que refleja la identidad propia y contempor\u00e1nea de Franco. Busca ofrecer una visi\u00f3n fresca, fusionando lo tradicional con lo moderno en una b\u00fasqueda creativa que promete sorprender.<br><br>Hoy,\u00a0 Franco estren\u00f3 este nuevo tema, en el que la producci\u00f3n de Renzo aporta un sonido distintivo, sumado al aporte caracter\u00edstico de Mauro De Tommaso, m\u00fasico y productor A&amp;R de Sony Music Argentina. La mezcla y masterizaci\u00f3n estuvieron a cargo de Mauro y Renzo, asegurando un acabado de alta calidad.<br><br><strong>En palabras de Franco Rizzaro:<\/strong> <em>\u00abEsta canci\u00f3n siempre estuvo presente en mi infancia por lo que me divirti\u00f3 mucho poder reversionarla desde mi perspectiva art\u00edstica actual.\u00a0Mauro fue quien me insisti\u00f3 en hacer un cover y as\u00ed fue que sucedi\u00f3. Me junt\u00e9 con Renzo y todo fluy\u00f3.\u00a0Estoy muy agradecido con todo el equipo que trabaj\u00f3 conmigo. Ojal\u00e1 les guste la versi\u00f3n.\u201d<\/em><\/p>\n\n\n\n<p>Este a\u00f1o comenz\u00f3 con upbeats como \u00abEncandilao\u00bb y \u00abOtro Lugar\u00bb para luego introducirnos con la fusi\u00f3n entre la electr\u00f3nica y el house con \u201cDime T\u00fa\u201d. El pasado 15 de agosto, Franco Rizzaro revolucion\u00f3 las plataformas digitales con el lanzamiento de su exitoso tema \u00abC\u00ednica.\u00bb La canci\u00f3n captur\u00f3 r\u00e1pidamente la atenci\u00f3n del p\u00fablico, consolidando a\u00fan m\u00e1s su presencia en la escena musical y mostrando su capacidad para conectar con las audiencias a trav\u00e9s de estilos innovadores y letras que resuenan.<br><br>Tu C\u00e1rcel se suma al repertorio de Franco con temas como \u00ab2da parte\u00bb, \u00abMuero x Decirte\u00bb, \u201cComo Antes\u201d y \u201cTarde\u201d junto a Malena Villa.<\/p>\n\n\n\n<p>El videoclip tiene un enfoque minimalista y emocional que busca destacar la fuerza de la interpretaci\u00f3n musical de Franco. Bajo la direcci\u00f3n de Clara Mihailovitch y con la visi\u00f3n creativa de Bull Media Group, se decidi\u00f3 dar protagonismo a la canci\u00f3n, evitando efectos exagerados o narrativas complejas.<br><br>La actuaci\u00f3n natural de Franco juega un papel clave, con tomas que captan su entrega genuina mientras interpreta este tema ic\u00f3nico. Es un homenaje tanto al pasado como al presente, uniendo generaciones a trav\u00e9s de la reinterpretaci\u00f3n del legendario tema de Marco Antonio Sol\u00eds.<\/p>\n\n\n<div class=\"wp-block-image\">\n<figure class=\"aligncenter size-full is-resized\"><img loading=\"lazy\" decoding=\"async\" width=\"567\" height=\"377\" src=\"https:\/\/entrenotasyacordes.com\/wp-content\/uploads\/2024\/09\/7e.jpg\" alt=\"\" class=\"wp-image-11684\" style=\"width:607px;height:auto\" srcset=\"https:\/\/entrenotasyacordes.com\/wp-content\/uploads\/2024\/09\/7e.jpg 567w, https:\/\/entrenotasyacordes.com\/wp-content\/uploads\/2024\/09\/7e-300x200.jpg 300w\" sizes=\"auto, (max-width: 567px) 100vw, 567px\" \/><figcaption class=\"wp-element-caption\"><strong>ph: Camila Fortunato<\/strong><\/figcaption><\/figure>\n<\/div>\n\n\n<p>Franco Rizzaro es un artista polifac\u00e9tico que se expresa a trav\u00e9s de disciplinas art\u00edsticas como la m\u00fasica, la actuaci\u00f3n, la improvisaci\u00f3n y la escritura. Desde sus primeros d\u00edas explorando la comedia musical, contin\u00faa evolucionando destac\u00e1ndose en una variedad de estilos musicales, desde el pop hasta el dancehall, el reggaet\u00f3n y el trap-pop, sumando ahora la incursi\u00f3n en el house dentro de sus creaciones.<br><br>A los 25 a\u00f1os, Franco Rizzaro sigue rompiendo y armando nuevas tendencias en su arte. Franco realiz\u00f3 su primer show con banda completa el pasado 15 mayo en La Tangente con invitados de lujo como Goyo Degano (frontman de Bandalos Chinos), Malena Villa y Dandara. Con 4 m\u00fasicos, escenograf\u00eda, iluminaci\u00f3n y un agite del p\u00fablico incre\u00edble, el show que se agot\u00f3 a la semana de ser lanzadas las entradas a la venta, fue un \u00e9xito rotundo.<br><br>El pr\u00f3ximo 30 de octubre se presentar\u00e1 en Niceto Club junto a su banda completa. Su versatilidad, autenticidad y esencia urbana contin\u00faan siendo el sello distintivo de su evoluci\u00f3n musical.<\/p>\n","protected":false},"excerpt":{"rendered":"","protected":false},"author":5,"featured_media":11683,"comment_status":"open","ping_status":"open","sticky":false,"template":"","format":"standard","meta":{"om_disable_all_campaigns":false,"_uf_show_specific_survey":0,"_uf_disable_surveys":false,"footnotes":""},"categories":[4],"tags":[],"class_list":["post-11682","post","type-post","status-publish","format-standard","has-post-thumbnail","hentry","category-musica"],"_links":{"self":[{"href":"https:\/\/entrenotasyacordes.com\/index.php?rest_route=\/wp\/v2\/posts\/11682","targetHints":{"allow":["GET"]}}],"collection":[{"href":"https:\/\/entrenotasyacordes.com\/index.php?rest_route=\/wp\/v2\/posts"}],"about":[{"href":"https:\/\/entrenotasyacordes.com\/index.php?rest_route=\/wp\/v2\/types\/post"}],"author":[{"embeddable":true,"href":"https:\/\/entrenotasyacordes.com\/index.php?rest_route=\/wp\/v2\/users\/5"}],"replies":[{"embeddable":true,"href":"https:\/\/entrenotasyacordes.com\/index.php?rest_route=%2Fwp%2Fv2%2Fcomments&post=11682"}],"version-history":[{"count":1,"href":"https:\/\/entrenotasyacordes.com\/index.php?rest_route=\/wp\/v2\/posts\/11682\/revisions"}],"predecessor-version":[{"id":11685,"href":"https:\/\/entrenotasyacordes.com\/index.php?rest_route=\/wp\/v2\/posts\/11682\/revisions\/11685"}],"wp:featuredmedia":[{"embeddable":true,"href":"https:\/\/entrenotasyacordes.com\/index.php?rest_route=\/wp\/v2\/media\/11683"}],"wp:attachment":[{"href":"https:\/\/entrenotasyacordes.com\/index.php?rest_route=%2Fwp%2Fv2%2Fmedia&parent=11682"}],"wp:term":[{"taxonomy":"category","embeddable":true,"href":"https:\/\/entrenotasyacordes.com\/index.php?rest_route=%2Fwp%2Fv2%2Fcategories&post=11682"},{"taxonomy":"post_tag","embeddable":true,"href":"https:\/\/entrenotasyacordes.com\/index.php?rest_route=%2Fwp%2Fv2%2Ftags&post=11682"}],"curies":[{"name":"wp","href":"https:\/\/api.w.org\/{rel}","templated":true}]}}