{"id":11693,"date":"2024-09-23T19:22:21","date_gmt":"2024-09-23T19:22:21","guid":{"rendered":"https:\/\/entrenotasyacordes.com\/?p=11693"},"modified":"2024-09-23T19:22:22","modified_gmt":"2024-09-23T19:22:22","slug":"abel-pintos-presenta-el-clasico-me-dedique-a-perderte-junto-a-ha-ash","status":"publish","type":"post","link":"https:\/\/entrenotasyacordes.com\/?p=11693","title":{"rendered":"ABEL PINTOS presenta el cl\u00e1sico \u00abME DEDIQU\u00c9 A PERDERTE\u00bb junto a HA* ASH"},"content":{"rendered":"\n<!--more-->\n\n\n<div class=\"wp-block-image\">\n<figure class=\"aligncenter size-full is-resized\"><img loading=\"lazy\" decoding=\"async\" width=\"618\" height=\"637\" src=\"https:\/\/entrenotasyacordes.com\/wp-content\/uploads\/2024\/09\/7i-1.jpg\" alt=\"\" class=\"wp-image-11694\" style=\"width:607px;height:auto\" srcset=\"https:\/\/entrenotasyacordes.com\/wp-content\/uploads\/2024\/09\/7i-1.jpg 618w, https:\/\/entrenotasyacordes.com\/wp-content\/uploads\/2024\/09\/7i-1-291x300.jpg 291w\" sizes=\"auto, (max-width: 618px) 100vw, 618px\" \/><\/figure>\n<\/div>\n\n\n<p>El reconocido artista argentino <strong>Abel Pintos<\/strong> sorprende una vez m\u00e1s a su p\u00fablico con el lanzamiento de su m\u00e1s reciente single, una conmovedora versi\u00f3n del ic\u00f3nico tema <strong>\u00abMe dediqu\u00e9 a perderte\u00bb<\/strong>, popularizado originalmente por Alejandro Fern\u00e1ndez.<br><br>Este lanzamiento \u00a0sigue el camino iniciado con su interpretaci\u00f3n de \u00abDe repente\u00bb de Soraya, dentro de un marco conceptual en el que Abel presenta canciones que siempre ha sentido como propias y cercanas.<br><br>En esta ocasi\u00f3n, el artista une fuerzas con el talentoso d\u00fao mexicano <strong>Ha*Ash<\/strong>, aportando una nueva dimensi\u00f3n a esta inolvidable canci\u00f3n. \u201c<strong><em>Adoro a Ha*Ash, las admiro y siento mucho cari\u00f1o por ellas. Trabajar junto a ellas en esta versi\u00f3n de \u201cMe dediqu\u00e9 a perderte\u201d lo siento como un hermoso regalo de la m\u00fasica. Un encuentro de amistad y ternura. Valoro mucho la humildad de unirse a m\u00ed en esta interpretaci\u00f3n\u201d<\/em><\/strong>, declar\u00f3 Abel.<\/p>\n\n\n\n<p class=\"has-text-align-center\"><strong>El single ya est\u00e1 disponible en todas las plataformas digitales.<\/strong><\/p>\n\n\n\n<p><strong><em>SOBRE ABEL PINTOS<\/em><\/strong><br>Abel Pintos es el artista n\u00famero uno de la escena musical argentina en la actualidad. Comenz\u00f3 el 2024 realizando su segundo a\u00f1o consecutivo de residencia en la Ciudad de Mar del Plata donde ofreci\u00f3 11 funciones todas con localidades agotadas. Realiz\u00f3 4 estadios Luna Park totalmente agotados, gira por Rosario con 3 funciones en el Metropolitano y por C\u00f3rdoba con 3 funciones en el Estadio Atenas todas sold out. Present\u00f3 su primera colaboraci\u00f3n con Luciano Pereyra, la canci\u00f3n \u201cEs Ahora\u201d, la cual tuvo m\u00e1s de 1.000.000 de views a pocas horas de su lanzamiento. Y ahora se preparan para encarar por primera vez juntos un ciclo de 30 noches de concierto en el Estadio Luna Park. Inaugur\u00f3 un Campo Escuela Recreativo en el Establecimiento La Matera por el cual recibi\u00f3 una declaraci\u00f3n de inter\u00e9s otorgada por la municipalidad de la ciudad de Mercedes, Provincia de Buenos Aires.<br><br>El 2023 lo cerr\u00f3 con dos Estadios V\u00e9lez totalmente agotados, en donde present\u00f3 su concierto \u201cAmores y Rarezas\u201d ante m\u00e1s de 70.000 personas. Durante los meses previos se luci\u00f3 como jurado del exitoso programa Got Talent por la pantalla de Telefe. El a\u00f1o lo hab\u00eda iniciado siendo distinguido con el m\u00e1ximo galard\u00f3n que entrega el Ente de Turismo de Mar del Plata: el Estrella de Mar de Oro, en reconocimiento a la impactante temporada que realiz\u00f3 en la Ciudad en donde ofreci\u00f3 12 funciones con localidades agotadas en el Teatro Tronador, cerrando la \u00faltima ante m\u00e1s de 50.000 personas en la m\u00edtica Plaza Col\u00f3n.<br>\u00a0<br>Pero ese a\u00f1o dej\u00f3 marcado tambi\u00e9n un hito en su carrera a partir del lanzamiento de su \u00faltimo \u00e1lbum, \u201cAlta en el Cielo\u201d, en el cual interpreta ocho canciones patrias acompa\u00f1ado por la Orquesta Acad\u00e9mica del Teatro Col\u00f3n y por el cual ha recibido m\u00e1s de treinta distinciones y reconocimientos de diferentes organismos p\u00fablico y privados, por el gran aporte a la cultura y la unidad nacional realizado con la entrega de este material. El mismo puede ser escuchado y descargado de manera gratuita del sitio de acceso universal <a href=\"https:\/\/eur01.safelinks.protection.outlook.com\/?url=https%3A%2F%2Fclick.emails.sonymusicfans.com%2F%3Fqs%3D3d7153784f894e4ffd3d2f8bf66f461bfb2598e11401f0440e114ce563bb893fd343d54e61717951f2c57188b552b385499fa93acbc602a5&amp;data=05%7C02%7Clucila.juan%40sonymusic.com%7C7f9fdcd4bbf9424d935508dcd908ab75%7Cf0aff3b791a54aaeaf71c63e1dda2049%7C0%7C0%7C638623878491805684%7CUnknown%7CTWFpbGZsb3d8eyJWIjoiMC4wLjAwMDAiLCJQIjoiV2luMzIiLCJBTiI6Ik1haWwiLCJXVCI6Mn0%3D%7C0%7C%7C%7C&amp;sdata=T2OC49ZBMWZHE3WwxsosjX%2BMn2e1Yu76k2pVkcj3qA8%3D&amp;reserved=0\"><strong>www.himnosargentinos.ar<\/strong><\/a><br><br>Sin embargo, lo m\u00e1s destacable de este proyecto es que\u00a0<strong>todas las regal\u00edas obtenidas por las reproducciones de estas canciones ser\u00e1n donadas a perpetuidad por el artista al Hospital de Cl\u00ednicas Jos\u00e9 de San Mart\u00edn, al Instituto de Investigaciones M\u00e9dicas Dr Alfredo Lanari y al Instituto de Oncolog\u00eda Angel H. Roffo.\u00a0<\/strong><br><br>El 2022 fue un a\u00f1o superador en el que inaugur\u00f3 su propia productora, \u201cPlan Divino\u201d. Realiz\u00f3 m\u00e1s de 100 presentaciones a lo largo de todo el a\u00f1o dentro de las cuales bati\u00f3 su propio r\u00e9cord realizando 31 funciones a sala llena en el Teatro \u00d3pera de la Ciudad de Buenos Aires. Ese a\u00f1o cerr\u00f3 ante m\u00e1s de 30.000 personas en el Estadio \u00danico de La Plata como presagio del verano \u00a0que se vendr\u00eda.<br>\u00a0<br>Antes, durante el 2021, lanz\u00f3 \u201cEl amor en mi vida\u201d, canci\u00f3n que forma parte y le da t\u00edtulo a su \u00faltimo \u00e1lbum pop y por el cual recibi\u00f3 el Premio Gardel a \u201cmejor \u00e1lbum pop del a\u00f1o\u201d. Este es su trabajo discogr\u00e1fico m\u00e1s \u00edntimo y personal, lanzado pocos d\u00edas despu\u00e9s de su cumplea\u00f1os n\u00famero 37. Cuenta con la participaci\u00f3n de artistas internacionales como Yotuel (Cuba), Camila (M\u00e9xico), Beatriz Luengo (Espa\u00f1a) y Lali (Argentina). El lanzamiento de este \u00e1lbum vino acompa\u00f1ado del video clip de la canci\u00f3n \u201cDe m\u00ed, contigo\u201d, junto al exitoso d\u00fao Camila. En septiembre present\u00f3 el videoclip de \u201cEspejo\u201d, canci\u00f3n que el mismo Abel describe como \u201cliberadora\u201d.<br>\u00a0<br>Lleva m\u00e1s de 29 a\u00f1os de carrera, durante la cual edit\u00f3 14 \u00e1lbumes: 12 \u00e1lbumes de estudio y 2 registros en concierto. Dentro de ellos, cabe destacar \u201cLa familia festeja fuerte\u201d, grabado en diciembre de 2017 en el Estadio de River Plate. Este cont\u00f3 con una edici\u00f3n de lujo en formato libro de fotos, con CD y DVD. Una edici\u00f3n muy especial en su discograf\u00eda que retrata de manera verdaderamente integral lo que sucedi\u00f3 durante esas dos noches inolvidables.<br>\u00a0<br>La gira de \u201cLa familia festeja fuerte\u201d celebr\u00f3 con 36 conciertos en 28 ciudades, en 10 pa\u00edses (Espa\u00f1a, M\u00e9xico, Costa Rica, Colombia, Per\u00fa, Chile, Uruguay y Argentina), convocando a m\u00e1s de 100.000 personas en un corto tiempo.<\/p>\n\n\n\n<p><strong><em>ABEL EN CIFRAS<\/em><\/strong><br>\u2022 28 A\u00f1os con la m\u00fasica<br>\u2022 14 \u00e1lbumes editados<br>\u2022 15 Estadios Luna Park entre 2013 y 2015<br>\u2022 21 funciones consecutivas agotadas en el Teatro \u00d3pera de Buenos Aires en 2015. Una de ellas a total beneficio del Hospital Garrahan, lo que permiti\u00f3 construir una sala para los pacientes<br>\u2022 25.000 espectadores en una noche en el Estadio \u00danico de la ciudad de La Plata<br>\u2022 1 estadio Luna Park y 11 Teatros \u00d3pera sold out entre octubre y noviembre 2016<br>\u2022 2 estadios River Plate sold out en diciembre 2017<br>\u2022 3 shows sold out en el Movistar Arena (concierto sinf\u00f3nico) en noviembre 2019<br>\u2022 12 shows sold out en el Movistar Arena en 2021<br>\u2022 31 funciones agotadas en el Teatro Opera Orbis de Buenos Aires durante mayo, junio y julio de 2022.<br>\u2022 M\u00e1s de 30.000 personas en el Estadio \u00danico Diego Armando Maradona de la Plata en diciembre 2022<br>\u2022 12 funciones totalmente agotadas en el Teatro Tronador de Mar del Plata en enero 2023<br>\u2022 Cierre de temporada ante m\u00e1s de 50.000 personas en la Plaza Col\u00f3n de Mar del Plata en enero 2023<br>\u2022 2 Estadios V\u00e9lez agotados con m\u00e1s de 70.000 personas en noviembre 2023<br>\u2022\u00a020 Estadios Luna Park agotados en 3 d\u00edas junto a Luciano Pereyra<br>\u2022\u00a0#1 en iTunes, Spotify y Deezer con su single \u201cC\u00f3mo Te Extra\u00f1o\u201d<br>\u2022\u00a0M\u00e1s de 1B totales de streams en todo el mundo<br>\u2022\u00a0M\u00e1s de 2B totales de visitas en sus videos en todo el mundo<br>\u2022\u00a0M\u00e1s de 1M totales de ventas f\u00edsicas \u2022M\u00e1s de 7.4M de seguidores en sus redes sociales<\/p>\n\n\n\n<p><strong>RECONOCIMIENTOS<\/strong><br>\u2022 \u201cCien A\u00f1os\u201d Oro (2019)<br>\u2022 \u201cLa Familia Festeja Fuerte\u201d Disco de Oro (2018)<br>\u2022 \u201c11\u201d Doble Platino (2016)<br>\u2022 \u201c\u00danico\u201d Doble Platino (2015)<br>\u2022 \u201cAbel\u201d Diamante (2013)<br>\u2022 \u201cSue\u00f1o Dorado\u201d Qu\u00edntuple Platino (2012)<br>\u2022 \u201cRevoluci\u00f3n\u201d Disco Platino (2010)<br>\u2022 \u201cLa Llave\u201d Disco de Oro (2007)<br>\u2022 18 Premios Gardel, incluyendo 3 de Oro (junto a Charly Garc\u00eda, los \u00fanicos dos<br>artistas que lo ganaron tres veces) y 3 Canci\u00f3n del a\u00f1o (\u00fanica categor\u00eda votada<br>por el p\u00fablico).<br>\u2022 2 Gaviotas de Plata en Vi\u00f1a del Mar 2004<br>\u2022 Estrella de Mar 2023 en el Rubro Mejor Concierto y Estrella de Mar de Oro<br>2023<br>\u2022 30 distinciones y reconocimientos de inter\u00e9s cultural, educativo y federal<br>por \u201cAlta en el Cielo\u201d<br><\/p>\n","protected":false},"excerpt":{"rendered":"","protected":false},"author":5,"featured_media":11694,"comment_status":"open","ping_status":"open","sticky":false,"template":"","format":"standard","meta":{"om_disable_all_campaigns":false,"_uf_show_specific_survey":0,"_uf_disable_surveys":false,"footnotes":""},"categories":[4],"tags":[],"class_list":["post-11693","post","type-post","status-publish","format-standard","has-post-thumbnail","hentry","category-musica"],"_links":{"self":[{"href":"https:\/\/entrenotasyacordes.com\/index.php?rest_route=\/wp\/v2\/posts\/11693","targetHints":{"allow":["GET"]}}],"collection":[{"href":"https:\/\/entrenotasyacordes.com\/index.php?rest_route=\/wp\/v2\/posts"}],"about":[{"href":"https:\/\/entrenotasyacordes.com\/index.php?rest_route=\/wp\/v2\/types\/post"}],"author":[{"embeddable":true,"href":"https:\/\/entrenotasyacordes.com\/index.php?rest_route=\/wp\/v2\/users\/5"}],"replies":[{"embeddable":true,"href":"https:\/\/entrenotasyacordes.com\/index.php?rest_route=%2Fwp%2Fv2%2Fcomments&post=11693"}],"version-history":[{"count":1,"href":"https:\/\/entrenotasyacordes.com\/index.php?rest_route=\/wp\/v2\/posts\/11693\/revisions"}],"predecessor-version":[{"id":11695,"href":"https:\/\/entrenotasyacordes.com\/index.php?rest_route=\/wp\/v2\/posts\/11693\/revisions\/11695"}],"wp:featuredmedia":[{"embeddable":true,"href":"https:\/\/entrenotasyacordes.com\/index.php?rest_route=\/wp\/v2\/media\/11694"}],"wp:attachment":[{"href":"https:\/\/entrenotasyacordes.com\/index.php?rest_route=%2Fwp%2Fv2%2Fmedia&parent=11693"}],"wp:term":[{"taxonomy":"category","embeddable":true,"href":"https:\/\/entrenotasyacordes.com\/index.php?rest_route=%2Fwp%2Fv2%2Fcategories&post=11693"},{"taxonomy":"post_tag","embeddable":true,"href":"https:\/\/entrenotasyacordes.com\/index.php?rest_route=%2Fwp%2Fv2%2Ftags&post=11693"}],"curies":[{"name":"wp","href":"https:\/\/api.w.org\/{rel}","templated":true}]}}