{"id":11696,"date":"2024-09-23T19:28:27","date_gmt":"2024-09-23T19:28:27","guid":{"rendered":"https:\/\/entrenotasyacordes.com\/?p=11696"},"modified":"2024-09-23T19:28:28","modified_gmt":"2024-09-23T19:28:28","slug":"juana-rozas-presenta-un-angel-el-segundo-corte-de-su-nuevo-disco-tanya","status":"publish","type":"post","link":"https:\/\/entrenotasyacordes.com\/?p=11696","title":{"rendered":"JUANA ROZAS PRESENTA \u201cUN \u00c1NGEL\u201d EL SEGUNDO CORTE DE SU NUEVO DISCO TANYA"},"content":{"rendered":"\n<!--more-->\n\n\n<div class=\"wp-block-image\">\n<figure class=\"aligncenter size-full\"><img loading=\"lazy\" decoding=\"async\" width=\"412\" height=\"413\" src=\"https:\/\/entrenotasyacordes.com\/wp-content\/uploads\/2024\/09\/7j-1.jpg\" alt=\"\" class=\"wp-image-11697\" srcset=\"https:\/\/entrenotasyacordes.com\/wp-content\/uploads\/2024\/09\/7j-1.jpg 412w, https:\/\/entrenotasyacordes.com\/wp-content\/uploads\/2024\/09\/7j-1-300x300.jpg 300w, https:\/\/entrenotasyacordes.com\/wp-content\/uploads\/2024\/09\/7j-1-150x150.jpg 150w, https:\/\/entrenotasyacordes.com\/wp-content\/uploads\/2024\/09\/7j-1-50x50.jpg 50w\" sizes=\"auto, (max-width: 412px) 100vw, 412px\" \/><\/figure>\n<\/div>\n\n\n<p>Tras el primer corte de su nuevo disco,<strong> TANYA LOCA<\/strong>, Juana Rozas nos sigue invitando al nuevo mundo de <strong>TANYA.<\/strong><br><br><strong>TANYA<\/strong> es la protagonista de esta historia, una mujer temperamental con una vida de excesos y malas experiencias, a trav\u00e9s de su mirada el mundo se distorsiona y las personas se desdibujan. El \u00e1lbum relata su escape hacia una ciudad en la que se choca con diferentes situaciones y personajes, transitando entre el plano real y la locura.<br><br>El segundo corte de esta nueva obra ser\u00e1 <strong>\u201cUn \u00c1ngel\u201d.\u00a0<\/strong>El track se identifica dentro de los g\u00e9neros electroclash, techno, synth pop, electro punk y cuenta con bater\u00edas electr\u00f3nicas y reales que se mezclan con sintetizadores y guitarras el\u00e9ctricas, con un beat fuerte y constante. Con un contraste notorio al primer corte del disco (<strong><em>TANYA LOCA)<\/em><\/strong>; Un \u00c1ngel es la catarsis de Tanya. Junto a una letra fuerte y fren\u00e9tica, descubrimos a <strong>Juana Rozas<\/strong> en una nueva faceta, entre gritos y frases contundentes.<br><br><strong>\u201cUn \u00c1ngel\u201d, <\/strong>est\u00e1 compuesto, interpretado y producido por <strong>Juana Rozas, <\/strong>acompa\u00f1ada en la producci\u00f3n por su equipo habitu\u00e9 compuesto por <strong>Bruno Donato, Andynoplex y Jero Samper.<\/strong><br><br>El material audiovisual del proyecto, dirigido por <strong>Lean Vazquez y Juan Wolf,<\/strong> est\u00e1 trabajado desde lo sensorial, en pos de acercar al espectador la percepci\u00f3n y la emoci\u00f3n de <strong>TANYA. <\/strong>As\u00ed se genera un universo que oscila entre lo on\u00edrico y lo real expresado a trav\u00e9s de lo pict\u00f3rico.<br><br><strong>Juana Rozas<\/strong> estar\u00e1 presentando lo nuevo de <strong>TANYA LOCA<\/strong> en el <strong>TEATRO VORTERIX el viernes 11 de OCTUBRE. <\/strong>Ser\u00e1 la encargada del opening show de<strong> ASHNIKKO, <\/strong>la artista estadounidense que regresa a Argentina con su universo dist\u00f3pico.<\/p>\n\n\n\n<p><strong>Entradas a la venta en <a href=\"https:\/\/eur01.safelinks.protection.outlook.com\/?url=https%3A%2F%2Fclick.emails.sonymusicfans.com%2F%3Fqs%3D10e59f55999ea954003b3d1abfb27bd3d9b6f2dcf24bef809e0764bd64de5e023cf4eaaafcb6923c05e75a6caa050fc2882aff1b2922be3b&amp;data=05%7C02%7Clucila.juan%40sonymusic.com%7C6bc1a4dec7894f445e5908dcd8f7e80d%7Cf0aff3b791a54aaeaf71c63e1dda2049%7C0%7C0%7C638623806685888584%7CUnknown%7CTWFpbGZsb3d8eyJWIjoiMC4wLjAwMDAiLCJQIjoiV2luMzIiLCJBTiI6Ik1haWwiLCJXVCI6Mn0%3D%7C0%7C%7C%7C&amp;sdata=CbAd49hIB2EW4CDe22grpqUPb%2Bw4eoAbRBLLcl%2FpylM%3D&amp;reserved=0\">AllAccess<\/a><\/strong><\/p>\n\n\n\n<figure class=\"wp-block-embed is-type-video is-provider-youtube wp-block-embed-youtube wp-embed-aspect-16-9 wp-has-aspect-ratio\"><div class=\"wp-block-embed__wrapper\">\n<div class=\"epyt-video-wrapper\"><iframe loading=\"lazy\"  id=\"_ytid_30158\"  width=\"640\" height=\"360\"  data-origwidth=\"640\" data-origheight=\"360\" src=\"https:\/\/www.youtube.com\/embed\/0pMcVnG86V4?enablejsapi=1&#038;autoplay=0&#038;cc_load_policy=0&#038;cc_lang_pref=&#038;iv_load_policy=1&#038;loop=0&#038;rel=1&#038;fs=1&#038;playsinline=0&#038;autohide=2&#038;theme=dark&#038;color=white&#038;controls=1&#038;\" class=\"__youtube_prefs__  epyt-is-override  no-lazyload\" data-vol=\"50\"  title=\"YouTube player\"  allow=\"fullscreen; accelerometer; autoplay; clipboard-write; encrypted-media; gyroscope; picture-in-picture; web-share\" referrerpolicy=\"strict-origin-when-cross-origin\" allowfullscreen data-no-lazy=\"1\" data-skipgform_ajax_framebjll=\"\"><\/iframe><\/div>\n<\/div><\/figure>\n\n\n<div class=\"wp-block-image\">\n<figure class=\"aligncenter size-full is-resized\"><img loading=\"lazy\" decoding=\"async\" width=\"511\" height=\"341\" src=\"https:\/\/entrenotasyacordes.com\/wp-content\/uploads\/2024\/09\/7k-1.jpg\" alt=\"\" class=\"wp-image-11698\" style=\"width:607px;height:auto\" srcset=\"https:\/\/entrenotasyacordes.com\/wp-content\/uploads\/2024\/09\/7k-1.jpg 511w, https:\/\/entrenotasyacordes.com\/wp-content\/uploads\/2024\/09\/7k-1-300x200.jpg 300w\" sizes=\"auto, (max-width: 511px) 100vw, 511px\" \/><\/figure>\n<\/div>\n\n\n<p><strong>Acerca de Juana Rozas<\/strong><\/p>\n\n\n\n<p><strong>JUANA<\/strong> es una cantante y compositora nacida en Buenos Aires, que comenz\u00f3 su carrera musical en bandas locales antes de lanzarse como solista en 2019, proponiendo una est\u00e9tica visual g\u00f3tica y vanguardista.<br><br>Desde que comenz\u00f3 a hacer m\u00fasica<strong> JUANA <\/strong>se meti\u00f3 de lleno en la producci\u00f3n, explorando con g\u00e9neros que iban desde el pop y el R&amp;B, hasta la m\u00fasica electr\u00f3nica y experimental. Esta indagaci\u00f3n desemboc\u00f3 en su primer \u00e1lbum <strong><em>VLADI<\/em><\/strong>, producido por <em>Mailo<\/em> y lanzado en noviembre de 2022.<br><br><strong><em>VLADI<\/em><\/strong> su disco debut, captur\u00f3 el inter\u00e9s de la industria y la cr\u00edtica especializada, gracias a su innovador trabajo en torno al hyperpop, la electr\u00f3nica y la m\u00fasica experimental. Pero detr\u00e1s de sus filosos sintetizadores y del uso expl\u00edcito y fren\u00e9tico del autotune hay un gran caudal vocal, una fuerza interpretativa y una propuesta refrescante para toda la escena.<br><br><strong><em>VLADI <\/em><\/strong>desarroll\u00f3 una est\u00e9tica de terror a trav\u00e9s de <em>VLADIMIRA, <\/em>un alter ego, un demonio vampiresco que \u201cposey\u00f3\u201d a <strong>JUANA<\/strong>, durante toda esta primera etapa conceptual.<br><br><strong>JUANA<\/strong> realiz\u00f3 una exitosa gira por Europa por Bern, Praga y Berl\u00edn. Respecto a Buenos Aires, durante el 2023, se present\u00f3 en el <strong>Primavera Sound<\/strong> y en la marcha del orgullo.<br><br>Para este 2024, prepara un disco con colaboraciones relevantes y form\u00f3 parte del reconocido festival <strong>LollaPalooza<\/strong>.<\/p>\n","protected":false},"excerpt":{"rendered":"","protected":false},"author":5,"featured_media":11697,"comment_status":"open","ping_status":"open","sticky":false,"template":"","format":"standard","meta":{"om_disable_all_campaigns":false,"_uf_show_specific_survey":0,"_uf_disable_surveys":false,"footnotes":""},"categories":[4],"tags":[],"class_list":["post-11696","post","type-post","status-publish","format-standard","has-post-thumbnail","hentry","category-musica"],"_links":{"self":[{"href":"https:\/\/entrenotasyacordes.com\/index.php?rest_route=\/wp\/v2\/posts\/11696","targetHints":{"allow":["GET"]}}],"collection":[{"href":"https:\/\/entrenotasyacordes.com\/index.php?rest_route=\/wp\/v2\/posts"}],"about":[{"href":"https:\/\/entrenotasyacordes.com\/index.php?rest_route=\/wp\/v2\/types\/post"}],"author":[{"embeddable":true,"href":"https:\/\/entrenotasyacordes.com\/index.php?rest_route=\/wp\/v2\/users\/5"}],"replies":[{"embeddable":true,"href":"https:\/\/entrenotasyacordes.com\/index.php?rest_route=%2Fwp%2Fv2%2Fcomments&post=11696"}],"version-history":[{"count":1,"href":"https:\/\/entrenotasyacordes.com\/index.php?rest_route=\/wp\/v2\/posts\/11696\/revisions"}],"predecessor-version":[{"id":11699,"href":"https:\/\/entrenotasyacordes.com\/index.php?rest_route=\/wp\/v2\/posts\/11696\/revisions\/11699"}],"wp:featuredmedia":[{"embeddable":true,"href":"https:\/\/entrenotasyacordes.com\/index.php?rest_route=\/wp\/v2\/media\/11697"}],"wp:attachment":[{"href":"https:\/\/entrenotasyacordes.com\/index.php?rest_route=%2Fwp%2Fv2%2Fmedia&parent=11696"}],"wp:term":[{"taxonomy":"category","embeddable":true,"href":"https:\/\/entrenotasyacordes.com\/index.php?rest_route=%2Fwp%2Fv2%2Fcategories&post=11696"},{"taxonomy":"post_tag","embeddable":true,"href":"https:\/\/entrenotasyacordes.com\/index.php?rest_route=%2Fwp%2Fv2%2Ftags&post=11696"}],"curies":[{"name":"wp","href":"https:\/\/api.w.org\/{rel}","templated":true}]}}