{"id":11700,"date":"2024-09-23T19:32:36","date_gmt":"2024-09-23T19:32:36","guid":{"rendered":"https:\/\/entrenotasyacordes.com\/?p=11700"},"modified":"2024-09-23T19:32:37","modified_gmt":"2024-09-23T19:32:37","slug":"geronimo-sims-presenta-su-nuevo-single-y-videoclip-septiembre","status":"publish","type":"post","link":"https:\/\/entrenotasyacordes.com\/?p=11700","title":{"rendered":"GERONIMO SIMS presenta su nuevo single y videoclip \u201cSEPTIEMBRE\u00bb"},"content":{"rendered":"\n<!--more-->\n\n\n<div class=\"wp-block-image\">\n<figure class=\"aligncenter size-full\"><img loading=\"lazy\" decoding=\"async\" width=\"457\" height=\"457\" src=\"https:\/\/entrenotasyacordes.com\/wp-content\/uploads\/2024\/09\/7l-1.jpg\" alt=\"\" class=\"wp-image-11701\" srcset=\"https:\/\/entrenotasyacordes.com\/wp-content\/uploads\/2024\/09\/7l-1.jpg 457w, https:\/\/entrenotasyacordes.com\/wp-content\/uploads\/2024\/09\/7l-1-300x300.jpg 300w, https:\/\/entrenotasyacordes.com\/wp-content\/uploads\/2024\/09\/7l-1-150x150.jpg 150w, https:\/\/entrenotasyacordes.com\/wp-content\/uploads\/2024\/09\/7l-1-50x50.jpg 50w\" sizes=\"auto, (max-width: 457px) 100vw, 457px\" \/><\/figure>\n<\/div>\n\n\n<p>El talentoso artista latino Geronimo Sims, presenta una nueva etapa como solista con su nuevo single <em>\u00a8Septiembre\u00a8<\/em>. Con una vibra fresca, el joven artista propone un sonido original orientado al pop latino con atrapantes melod\u00edas y un pegadizo ritmo con tintes c\u00e1lidos.<br><br>Seg\u00fan el artista, \u201cSeptiembre cuenta una historia de la vida real, donde conoc\u00ed a una chica en un evento y me enamor\u00e9 como nunca antes, pero la distancia hizo lo suyo y justo ah\u00ed naci\u00f3 la canci\u00f3n. Lleva el nombre de Septiembre porque en ese mes me enamor\u00e9 de la chica a la que le escrib\u00ed, y habla de la esperanza de reencontrarnos en un pr\u00f3ximo Septiembre\u00a8.<br><br>En una etapa m\u00e1s madura de Geronimo, <em>\u00a8Septiembre\u00a8<\/em> da inicio a un nuevo cap\u00edtulo en la historia del artista, reflejando una nueva identidad del mismo, tanto en la canci\u00f3n como en el video con el que lo acompa\u00f1a.<br><br>&nbsp;El rodaje del video fue llevado a cabo por Verbo en Bolivia, dirigido por Shiori. Nos pone en la piel de la sensaci\u00f3n que genera la distancia en una relaci\u00f3n amorosa. Seg\u00fan el artista, \u00a8El video empieza viendo recuerdos de ese amor al que le canto, y conforme va avanzando nos va mostrando como me aferro a esos recuerdos con la esperanza de volver a vivirlos en Septiembre\u00a8.<\/p>\n\n\n\n<p class=\"has-text-align-center\"><strong>Sobre Geronimo Sims:<\/strong><\/p>\n\n\n<div class=\"wp-block-image\">\n<figure class=\"aligncenter size-full is-resized\"><img loading=\"lazy\" decoding=\"async\" width=\"479\" height=\"320\" src=\"https:\/\/entrenotasyacordes.com\/wp-content\/uploads\/2024\/09\/7m-1.jpg\" alt=\"\" class=\"wp-image-11702\" style=\"width:607px;height:auto\" srcset=\"https:\/\/entrenotasyacordes.com\/wp-content\/uploads\/2024\/09\/7m-1.jpg 479w, https:\/\/entrenotasyacordes.com\/wp-content\/uploads\/2024\/09\/7m-1-300x200.jpg 300w\" sizes=\"auto, (max-width: 479px) 100vw, 479px\" \/><\/figure>\n<\/div>\n\n\n<p>Hijo de padre boliviano y madre estadounidense, naci\u00f3 en la colonial Tarija, evolucion\u00f3 como artista en Santa Cruz de la Sierra mientras en las redes sociales ya ten\u00eda millones de\u00a0seguidores, hasta lograr firmar su primer contrato discogr\u00e1fico convirti\u00e9ndose en el primer\u00a0artista de la nueva generaci\u00f3n de Bolivia que se uni\u00f3 a la familia Sony Music.\u00a0 Cuando era chico, Gero desayunaba rock: su mam\u00e1 lo despertaba con canciones adultas que calaron hondo en su educaci\u00f3n sentimental. \u201cElla nunca me pon\u00eda temas infantiles:\u00a0escuch\u00e1bamos Guns N\u2019 Roses o Bersuit desde las 6 de la ma\u00f1ana, full volumen. Desde ah\u00ed\u00a0que mi gusto por la m\u00fasica es todo: no tengo recuerdos en los que no suene m\u00fasica\u201d, cuenta.<br><br>Una abuela enamorada de los cantantes rom\u00e1nticos y las pe\u00f1as que convocaban sus t\u00edos\u00a0cada fin de semana -en las que rend\u00edan culto al folklore boliviano y al argentino- fueron\u00a0determinantes para contagiarse las ganas de hacer m\u00fasica: su primer tema lo escribi\u00f3 a los\u00a0cinco a\u00f1os (\u201cSe llamaba \u2018La cholita marinera\u2019. En Bolivia, la cultura de las cholitas es enorme\u00a0 y hermosa\u201d, recuerda Gero) y a los seis ya inventaba canciones de amor. En paralelo, tambi\u00e9n fue desarrollando su expresividad haciendo teatro y pintando.<\/p>\n","protected":false},"excerpt":{"rendered":"","protected":false},"author":5,"featured_media":11701,"comment_status":"open","ping_status":"open","sticky":false,"template":"","format":"standard","meta":{"om_disable_all_campaigns":false,"_uf_show_specific_survey":0,"_uf_disable_surveys":false,"footnotes":""},"categories":[4],"tags":[],"class_list":["post-11700","post","type-post","status-publish","format-standard","has-post-thumbnail","hentry","category-musica"],"_links":{"self":[{"href":"https:\/\/entrenotasyacordes.com\/index.php?rest_route=\/wp\/v2\/posts\/11700","targetHints":{"allow":["GET"]}}],"collection":[{"href":"https:\/\/entrenotasyacordes.com\/index.php?rest_route=\/wp\/v2\/posts"}],"about":[{"href":"https:\/\/entrenotasyacordes.com\/index.php?rest_route=\/wp\/v2\/types\/post"}],"author":[{"embeddable":true,"href":"https:\/\/entrenotasyacordes.com\/index.php?rest_route=\/wp\/v2\/users\/5"}],"replies":[{"embeddable":true,"href":"https:\/\/entrenotasyacordes.com\/index.php?rest_route=%2Fwp%2Fv2%2Fcomments&post=11700"}],"version-history":[{"count":1,"href":"https:\/\/entrenotasyacordes.com\/index.php?rest_route=\/wp\/v2\/posts\/11700\/revisions"}],"predecessor-version":[{"id":11703,"href":"https:\/\/entrenotasyacordes.com\/index.php?rest_route=\/wp\/v2\/posts\/11700\/revisions\/11703"}],"wp:featuredmedia":[{"embeddable":true,"href":"https:\/\/entrenotasyacordes.com\/index.php?rest_route=\/wp\/v2\/media\/11701"}],"wp:attachment":[{"href":"https:\/\/entrenotasyacordes.com\/index.php?rest_route=%2Fwp%2Fv2%2Fmedia&parent=11700"}],"wp:term":[{"taxonomy":"category","embeddable":true,"href":"https:\/\/entrenotasyacordes.com\/index.php?rest_route=%2Fwp%2Fv2%2Fcategories&post=11700"},{"taxonomy":"post_tag","embeddable":true,"href":"https:\/\/entrenotasyacordes.com\/index.php?rest_route=%2Fwp%2Fv2%2Ftags&post=11700"}],"curies":[{"name":"wp","href":"https:\/\/api.w.org\/{rel}","templated":true}]}}