{"id":11710,"date":"2024-09-26T14:01:44","date_gmt":"2024-09-26T14:01:44","guid":{"rendered":"https:\/\/entrenotasyacordes.com\/?p=11710"},"modified":"2024-09-26T14:01:45","modified_gmt":"2024-09-26T14:01:45","slug":"esta-ambicion-desmedidaestreno-argentino-del-documental-protagonizado-por-c-tangana","status":"publish","type":"post","link":"https:\/\/entrenotasyacordes.com\/?p=11710","title":{"rendered":"\u201cESTA AMBICI\u00d3N DESMEDIDA\u201d:ESTRENO ARGENTINO DEL DOCUMENTAL PROTAGONIZADO POR C. TANGANA"},"content":{"rendered":"\n<!--more-->\n\n\n\n<p class=\"has-text-align-left\">El documental en tres actos que registra el proceso de creaci\u00f3n de\u00a0<em>El Madrile\u00f1o<\/em>, \u00e1lbum de C. Tangana, y su impresionante gira de presentaci\u00f3n \u201cSin cantar ni afinar\u201d, llega a Buenos Aires luego de haberse convertido en un \u00e9xito total en cines y festivales internacionales.<\/p>\n\n\n\n<p class=\"has-text-align-center\">20 DE OCTUBRE &#8211; TEATRO GRAN REX<\/p>\n\n\n\n<p class=\"has-text-align-center\">ENTRADAS A LA VENTA DESDE EL 20 DE SEPTIEMBRE A LAS 15:00HS \u00daNICAMENTE A TRAV\u00c9S DE\u00a0<a href=\"https:\/\/instagramc.tr.pemsv30.net\/c\/eyJhIjoiaW5zdGFncmFtYyIsIm0iOiJtYWlsX2NtMWF0MXRxb2ZrOHIwODgzdnhtdGRwNTYiLCJsIjoibGlua19iYWE2MmM3NDQ1NjQ2MzkwYjAwZmQyY2M4ZGFhNGI4MmQyNTJiNWY3XzBiM2MxNSIsImkiOltdLCJ1IjoiaHR0cHM6Ly93d3cudHVlbnRyYWRhLmNvbS8_dXRtX3NvdXJjZT1wZXJmaXQmdXRtX21lZGl1bT1lbWFpbCZ1dG1fY2FtcGFpZ249QyUyMFRBTkdBTkElMjAlN0MlMjBBTlVOQ0lPJTIwRE9DVU1FTlRBTCIsImMiOiIiLCJoIjoiNDFiY2YzIn0\" target=\"_blank\" rel=\"noreferrer noopener\">TU ENTRADA<\/a>.<\/p>\n\n\n<div class=\"wp-block-image\">\n<figure class=\"aligncenter size-full is-resized\"><img loading=\"lazy\" decoding=\"async\" width=\"1080\" height=\"1080\" src=\"https:\/\/entrenotasyacordes.com\/wp-content\/uploads\/2024\/09\/8e.jpeg\" alt=\"\" class=\"wp-image-11711\" style=\"width:607px;height:auto\" srcset=\"https:\/\/entrenotasyacordes.com\/wp-content\/uploads\/2024\/09\/8e.jpeg 1080w, https:\/\/entrenotasyacordes.com\/wp-content\/uploads\/2024\/09\/8e-300x300.jpeg 300w, https:\/\/entrenotasyacordes.com\/wp-content\/uploads\/2024\/09\/8e-1024x1024.jpeg 1024w, https:\/\/entrenotasyacordes.com\/wp-content\/uploads\/2024\/09\/8e-150x150.jpeg 150w, https:\/\/entrenotasyacordes.com\/wp-content\/uploads\/2024\/09\/8e-768x768.jpeg 768w, https:\/\/entrenotasyacordes.com\/wp-content\/uploads\/2024\/09\/8e-50x50.jpeg 50w\" sizes=\"auto, (max-width: 1080px) 100vw, 1080px\" \/><\/figure>\n<\/div>\n\n\n<p class=\"has-text-align-left\">Luego de su estreno mundial en el Festival Internacional de Cine de San Sebasti\u00e1n y de un recorrido taquillero por otros festivales y salas del mundo,\u00a0<em><strong>Esta ambici\u00f3n desmedida<\/strong><\/em>, el documental producido por Little Spain y que sigue a\u00a0<strong>C. Tangana<\/strong>\u00a0en el proceso de creaci\u00f3n y presentaci\u00f3n de su disco\u00a0<em><strong>El madrile\u00f1o<\/strong><\/em>, llega a Argentina de la mano de\u00a0<strong>DF Entertainment: la pel\u00edcula tendr\u00e1 su primera proyecci\u00f3n en el pa\u00eds el pr\u00f3ximo 20 de octubre en el Teatro Gran Rex. Las entradas podr\u00e1n adquirirse desde las 15:00s del 20 de septiembre, \u00fanicamente desde\u00a0<a href=\"https:\/\/instagramc.tr.pemsv30.net\/c\/eyJhIjoiaW5zdGFncmFtYyIsIm0iOiJtYWlsX2NtMWF0MXRxb2ZrOHIwODgzdnhtdGRwNTYiLCJsIjoibGlua183ZmNkZmJmN2JiYzJhNWM0MTk2NDBjNDA5ZTc2ZTEyM2IwNjY3MTVmXzg5MGNlMSIsImkiOltdLCJ1IjoiQnVlbm9zJTIwQWlyZXMsJTIwMjAlMjBkZSUyMHNlcHRpZW1icmUlMjBkZSUyMDIwMjQuJTIwTHVlZ28lMjBkZSUyMHN1JTIwZXN0cmVubyUyMG11bmRpYWwlMjBlbiUyMGVsJTIwRmVzdGl2YWwlMjBJbnRlcm5hY2lvbmFsJTIwZGUlMjBDaW5lJTIwZGUlMjBTYW4lMjBTZWJhc3Rpw6FuJTIweSUyMGRlJTIwdW4lMjByZWNvcnJpZG8lMjB0YXF1aWxsZXJvJTIwcG9yJTIwb3Ryb3MlMjBmZXN0aXZhbGVzJTIweSUyMHNhbGFzJTIwZGVsJTIwbXVuZG8sJTIwRXN0YSUyMGFtYmljacOzbiUyMGRlc21lZGlkYSwlMjBlbCUyMGRvY3VtZW50YWwlMjBwcm9kdWNpZG8lMjBwb3IlMjBMaXR0bGUlMjBTcGFpbiUyMHklMjBxdWUlMjBzaWd1ZSUyMGElMjBDLiUyMFRhbmdhbmElMjBlbiUyMGVsJTIwcHJvY2VzbyUyMGRlJTIwY3JlYWNpw7NuJTIweSUyMHByZXNlbnRhY2nDs24lMjBkZSUyMHN1JTIwZGlzY28lMjBFbCUyMG1hZHJpbGXDsW8sJTIwbGxlZ2ElMjBhJTIwQXJnZW50aW5hJTIwZGUlMjBsYSUyMG1hbm8lMjBkZSUyMERGJTIwRW50ZXJ0YWlubWVudDo_dXRtX3NvdXJjZT1wZXJmaXQmdXRtX21lZGl1bT1lbWFpbCZ1dG1fY2FtcGFpZ249QyUyMFRBTkdBTkElMjAlN0MlMjBBTlVOQ0lPJTIwRE9DVU1FTlRBTCIsImMiOiIiLCJoIjoiNWRmODM4In0\" target=\"_blank\" rel=\"noreferrer noopener\">Tu Entrada<\/a>.<\/strong><\/p>\n\n\n\n<p class=\"has-text-align-left\">\u201c<strong>No es un documental. No es una gira. Es una tragedia<\/strong>\u201d, dice la tr\u00edada de directores del film, conformada por Santos Bacana, Cris Trenas y Rogelio Gonz\u00e1lez. Durante a\u00f1os, siguieron a Ant\u00f3n \u00c1lvarez, hombre detr\u00e1s del proyecto que es C. Tangana, en el proceso transformador de b\u00fasqueda, creaci\u00f3n y posterior presentaci\u00f3n de El Madrile\u00f1o, \u00e1lbum que lo llev\u00f3 a sonar en el mundo entero, as\u00ed como tambi\u00e9n siguieron la gira \u201cSin cantar ni afinar\u201d, con la que visit\u00f3 Buenos Aires en 2022 con dos arenas\u00a0<strong>sold-out<\/strong>. La obra en formato documental muestra c\u00f3mo el artista, durante estos a\u00f1os, se enfrent\u00f3 al\u00a0<strong>desaf\u00edo autoimpuesto de redefinir el concepto del show en vivo, y deja ver luces y sombras del proceso creativo en cada una de sus etapas.<\/strong><\/p>\n\n\n<div class=\"wp-block-image\">\n<figure class=\"aligncenter size-full is-resized\"><img loading=\"lazy\" decoding=\"async\" width=\"704\" height=\"467\" src=\"https:\/\/entrenotasyacordes.com\/wp-content\/uploads\/2024\/09\/8f.jpeg\" alt=\"\" class=\"wp-image-11712\" style=\"width:607px;height:auto\" srcset=\"https:\/\/entrenotasyacordes.com\/wp-content\/uploads\/2024\/09\/8f.jpeg 704w, https:\/\/entrenotasyacordes.com\/wp-content\/uploads\/2024\/09\/8f-300x200.jpeg 300w\" sizes=\"auto, (max-width: 704px) 100vw, 704px\" \/><\/figure>\n<\/div>\n\n\n<p>\u201c<strong>Esta ambici\u00f3n desmedida<\/strong>\u201d se estren\u00f3 en la 71\u00aa edici\u00f3n del Festival de Cine de San Sebasti\u00e1n en 2023, fue parte de la selecci\u00f3n oficial del Festival IN-EDIT Barcelona y se proyect\u00f3 en salas de cine de toda Espa\u00f1a, convirti\u00e9ndose en el tercer documental m\u00e1s taquillero del pa\u00eds en 2023. La cinta fue nominada a los prestigiosos Premios Goya 2024 en la categor\u00eda de Mejor Pel\u00edcula Documental, clausur\u00f3 el Amsterdam Spanish Film Festival 2024 e inaugur\u00f3 la 39\u00aa edici\u00f3n del Festival Internacional de Cine de Guadalajara el pasado 7 de junio.<\/p>\n\n\n\n<p>Un estreno imperdible para los fans argentinos de C. Tangana, quienes podr\u00e1n adentrarse en el\u00a0<strong>complejo desarrollo de una de las obras m\u00e1s relevantes de esta d\u00e9cada<\/strong>, no solo en lo musical sino en la apuesta por el formato teatral y audiovisual del vivo y ahora, tambi\u00e9n, de la pantalla grande. Porque al final de todo, como dijeron sus directores, esta pieza\u00a0<strong>es una tragedia en tres actos.<\/strong><\/p>\n","protected":false},"excerpt":{"rendered":"","protected":false},"author":5,"featured_media":11711,"comment_status":"open","ping_status":"open","sticky":false,"template":"","format":"standard","meta":{"om_disable_all_campaigns":false,"_uf_show_specific_survey":0,"_uf_disable_surveys":false,"footnotes":""},"categories":[9],"tags":[],"class_list":["post-11710","post","type-post","status-publish","format-standard","has-post-thumbnail","hentry","category-cine-y-teatro"],"_links":{"self":[{"href":"https:\/\/entrenotasyacordes.com\/index.php?rest_route=\/wp\/v2\/posts\/11710","targetHints":{"allow":["GET"]}}],"collection":[{"href":"https:\/\/entrenotasyacordes.com\/index.php?rest_route=\/wp\/v2\/posts"}],"about":[{"href":"https:\/\/entrenotasyacordes.com\/index.php?rest_route=\/wp\/v2\/types\/post"}],"author":[{"embeddable":true,"href":"https:\/\/entrenotasyacordes.com\/index.php?rest_route=\/wp\/v2\/users\/5"}],"replies":[{"embeddable":true,"href":"https:\/\/entrenotasyacordes.com\/index.php?rest_route=%2Fwp%2Fv2%2Fcomments&post=11710"}],"version-history":[{"count":1,"href":"https:\/\/entrenotasyacordes.com\/index.php?rest_route=\/wp\/v2\/posts\/11710\/revisions"}],"predecessor-version":[{"id":11713,"href":"https:\/\/entrenotasyacordes.com\/index.php?rest_route=\/wp\/v2\/posts\/11710\/revisions\/11713"}],"wp:featuredmedia":[{"embeddable":true,"href":"https:\/\/entrenotasyacordes.com\/index.php?rest_route=\/wp\/v2\/media\/11711"}],"wp:attachment":[{"href":"https:\/\/entrenotasyacordes.com\/index.php?rest_route=%2Fwp%2Fv2%2Fmedia&parent=11710"}],"wp:term":[{"taxonomy":"category","embeddable":true,"href":"https:\/\/entrenotasyacordes.com\/index.php?rest_route=%2Fwp%2Fv2%2Fcategories&post=11710"},{"taxonomy":"post_tag","embeddable":true,"href":"https:\/\/entrenotasyacordes.com\/index.php?rest_route=%2Fwp%2Fv2%2Ftags&post=11710"}],"curies":[{"name":"wp","href":"https:\/\/api.w.org\/{rel}","templated":true}]}}