{"id":11723,"date":"2024-09-26T14:25:09","date_gmt":"2024-09-26T14:25:09","guid":{"rendered":"https:\/\/entrenotasyacordes.com\/?p=11723"},"modified":"2024-09-26T14:25:10","modified_gmt":"2024-09-26T14:25:10","slug":"pezones-cardozo-festeja-sus-27-anos-sabado-2-de-noviembre-en-el-marquee-2","status":"publish","type":"post","link":"https:\/\/entrenotasyacordes.com\/?p=11723","title":{"rendered":"PEZONES CARDOZO festeja sus 27 a\u00f1os &#8211; S\u00e1bado 2 de noviembre en el Marquee"},"content":{"rendered":"\n<!--more-->\n\n\n\n<p class=\"has-text-align-left\">Pezones Cardozo festeja\u00a027\u00a0a\u00f1os de shows en una noche \u00fanica.\u00a0La cita ser\u00e1 en el Marquee\u00a0el s\u00e1bado 2 de noviembre\u00a0y las entradas se consiguen a trav\u00e9s de\u00a0<a href=\"https:\/\/facebook.us19.list-manage.com\/track\/click?u=22c32414668db5236cced0caf&amp;id=03c1acd3fc&amp;e=7a082f37dc\" target=\"_blank\" rel=\"noreferrer noopener\">Passline<\/a>\u00a0o por las redes sociales de la banda. Habr\u00e1 integrantes de todas sus formaciones como invitados especiales, canciones de todos sus discos y m\u00fasicos amigos.<\/p>\n\n\n<div class=\"wp-block-image\">\n<figure class=\"aligncenter size-full\"><img loading=\"lazy\" decoding=\"async\" width=\"904\" height=\"1280\" src=\"https:\/\/entrenotasyacordes.com\/wp-content\/uploads\/2024\/09\/8l-1.jpg\" alt=\"\" class=\"wp-image-11724\" srcset=\"https:\/\/entrenotasyacordes.com\/wp-content\/uploads\/2024\/09\/8l-1.jpg 904w, https:\/\/entrenotasyacordes.com\/wp-content\/uploads\/2024\/09\/8l-1-212x300.jpg 212w, https:\/\/entrenotasyacordes.com\/wp-content\/uploads\/2024\/09\/8l-1-723x1024.jpg 723w, https:\/\/entrenotasyacordes.com\/wp-content\/uploads\/2024\/09\/8l-1-768x1087.jpg 768w\" sizes=\"auto, (max-width: 904px) 100vw, 904px\" \/><\/figure>\n<\/div>\n\n\n<p>Con m\u00e1s 300 shows en su haber Pezones Cardozo ha llevado su m\u00fasica y su mensaje por destacados escenarios argentinos como Cosqu\u00edn Rock, Pepsi Music, Trastienda, Niceto y The Roxy, y m\u00e1s, y ha contado con la participaci\u00f3n de figuras como Cucho Parisi (Los Aut\u00e9nticos Decadentes), Gustavo \u00abChizzo\u00bb N\u00e1poli y Tete Iglesias (La Renga), Hugo Lobo, Goy Ogalde (Karamelo Santo) y Juani\u00a0Rodr\u00edguez\u00a0(Andando Descalzo) entre otros.<\/p>\n\n\n\n<p>El \u00fatimo material de la banda se titula\u00a0\u00abUna raz\u00f3n\u00bb y\u00a0lleg\u00f3\u00a0para sumarse a su discograf\u00eda, que ya cuenta con 5 discos, 1 en vivo y un DVD, en sus a\u00f1os de trayectoria.<br><br>\u00abUna raz\u00f3n\u00bb cuenta con la participaci\u00f3n de Jorge \u00abPerro Viejo\u00bb Serrano (Los Aut\u00e9nticos Decadentes)\u00a0en el tema \u00abValent\u00eda\u00bb, y con Beto Olgu\u00edn y Fede Esquivel (Los P\u00e9rez Garc\u00eda) en la canci\u00f3n \u00abPuede que\u00bb.<\/p>\n\n\n\n<figure class=\"wp-block-embed is-type-video is-provider-youtube wp-block-embed-youtube wp-embed-aspect-16-9 wp-has-aspect-ratio\"><div class=\"wp-block-embed__wrapper\">\n<div class=\"epyt-video-wrapper\"><iframe loading=\"lazy\"  id=\"_ytid_24552\"  width=\"640\" height=\"360\"  data-origwidth=\"640\" data-origheight=\"360\" src=\"https:\/\/www.youtube.com\/embed\/ZmzWEWscPmY?enablejsapi=1&#038;autoplay=0&#038;cc_load_policy=0&#038;cc_lang_pref=&#038;iv_load_policy=1&#038;loop=0&#038;rel=1&#038;fs=1&#038;playsinline=0&#038;autohide=2&#038;theme=dark&#038;color=white&#038;controls=1&#038;\" class=\"__youtube_prefs__  epyt-is-override  no-lazyload\" data-vol=\"50\"  title=\"YouTube player\"  allow=\"fullscreen; accelerometer; autoplay; clipboard-write; encrypted-media; gyroscope; picture-in-picture; web-share\" referrerpolicy=\"strict-origin-when-cross-origin\" allowfullscreen data-no-lazy=\"1\" data-skipgform_ajax_framebjll=\"\"><\/iframe><\/div>\n<\/div><\/figure>\n\n\n<div class=\"wp-block-image\">\n<figure class=\"aligncenter size-full is-resized\"><img loading=\"lazy\" decoding=\"async\" width=\"900\" height=\"1200\" src=\"https:\/\/entrenotasyacordes.com\/wp-content\/uploads\/2024\/09\/8m.jpg\" alt=\"\" class=\"wp-image-11725\" style=\"width:607px;height:auto\" srcset=\"https:\/\/entrenotasyacordes.com\/wp-content\/uploads\/2024\/09\/8m.jpg 900w, https:\/\/entrenotasyacordes.com\/wp-content\/uploads\/2024\/09\/8m-225x300.jpg 225w, https:\/\/entrenotasyacordes.com\/wp-content\/uploads\/2024\/09\/8m-768x1024.jpg 768w\" sizes=\"auto, (max-width: 900px) 100vw, 900px\" \/><\/figure>\n<\/div>\n\n\n<p><strong><u>Pezones Cardozo es:<\/u><br><\/strong>Eduardo Gervasio &#8211; voz<br>Nahuel Camicha &#8211; bater\u00eda<br>Adri\u00e1n Rodr\u00edguez &#8211; percusi\u00f3n<br>Toto Sadras &#8211; bajo<br>Pablo Bernardo &#8211; guitarra<br>Martin La Rosa &#8211; guitarra<\/p>\n","protected":false},"excerpt":{"rendered":"","protected":false},"author":5,"featured_media":11724,"comment_status":"open","ping_status":"open","sticky":false,"template":"","format":"standard","meta":{"om_disable_all_campaigns":false,"_uf_show_specific_survey":0,"_uf_disable_surveys":false,"footnotes":""},"categories":[36],"tags":[],"class_list":["post-11723","post","type-post","status-publish","format-standard","has-post-thumbnail","hentry","category-conciertos"],"_links":{"self":[{"href":"https:\/\/entrenotasyacordes.com\/index.php?rest_route=\/wp\/v2\/posts\/11723","targetHints":{"allow":["GET"]}}],"collection":[{"href":"https:\/\/entrenotasyacordes.com\/index.php?rest_route=\/wp\/v2\/posts"}],"about":[{"href":"https:\/\/entrenotasyacordes.com\/index.php?rest_route=\/wp\/v2\/types\/post"}],"author":[{"embeddable":true,"href":"https:\/\/entrenotasyacordes.com\/index.php?rest_route=\/wp\/v2\/users\/5"}],"replies":[{"embeddable":true,"href":"https:\/\/entrenotasyacordes.com\/index.php?rest_route=%2Fwp%2Fv2%2Fcomments&post=11723"}],"version-history":[{"count":1,"href":"https:\/\/entrenotasyacordes.com\/index.php?rest_route=\/wp\/v2\/posts\/11723\/revisions"}],"predecessor-version":[{"id":11726,"href":"https:\/\/entrenotasyacordes.com\/index.php?rest_route=\/wp\/v2\/posts\/11723\/revisions\/11726"}],"wp:featuredmedia":[{"embeddable":true,"href":"https:\/\/entrenotasyacordes.com\/index.php?rest_route=\/wp\/v2\/media\/11724"}],"wp:attachment":[{"href":"https:\/\/entrenotasyacordes.com\/index.php?rest_route=%2Fwp%2Fv2%2Fmedia&parent=11723"}],"wp:term":[{"taxonomy":"category","embeddable":true,"href":"https:\/\/entrenotasyacordes.com\/index.php?rest_route=%2Fwp%2Fv2%2Fcategories&post=11723"},{"taxonomy":"post_tag","embeddable":true,"href":"https:\/\/entrenotasyacordes.com\/index.php?rest_route=%2Fwp%2Fv2%2Ftags&post=11723"}],"curies":[{"name":"wp","href":"https:\/\/api.w.org\/{rel}","templated":true}]}}