{"id":11727,"date":"2024-09-26T14:28:30","date_gmt":"2024-09-26T14:28:30","guid":{"rendered":"https:\/\/entrenotasyacordes.com\/?p=11727"},"modified":"2024-09-26T14:28:31","modified_gmt":"2024-09-26T14:28:31","slug":"judeline-estrena-zarcillos-de-plata-una-balada-alternativa-y-minimalista-para-romperte-el-corazon","status":"publish","type":"post","link":"https:\/\/entrenotasyacordes.com\/?p=11727","title":{"rendered":"JUDELINE ESTRENA \u2018ZARCILLOS DE PLATA\u2019: UNA BALADA ALTERNATIVA Y MINIMALISTA PARA ROMPERTE EL CORAZ\u00d3N"},"content":{"rendered":"\n<!--more-->\n\n\n\n<p>Tras el lanzamiento del videoclip de \u201cINRI\u201d, JUDELINE, la l\u00edder de la m\u00fasica de vanguardia de Espa\u00f1a, anuncia el lanzamiento de \u201cZARCILLOS DE PLATA\u201d como adelanto de su tan esperado pr\u00f3ximo \u00e1lbum.<\/p>\n\n\n<div class=\"wp-block-image\">\n<figure class=\"aligncenter size-full\"><img loading=\"lazy\" decoding=\"async\" width=\"518\" height=\"513\" src=\"https:\/\/entrenotasyacordes.com\/wp-content\/uploads\/2024\/09\/8n.jpeg\" alt=\"\" class=\"wp-image-11728\" srcset=\"https:\/\/entrenotasyacordes.com\/wp-content\/uploads\/2024\/09\/8n.jpeg 518w, https:\/\/entrenotasyacordes.com\/wp-content\/uploads\/2024\/09\/8n-300x297.jpeg 300w, https:\/\/entrenotasyacordes.com\/wp-content\/uploads\/2024\/09\/8n-150x150.jpeg 150w, https:\/\/entrenotasyacordes.com\/wp-content\/uploads\/2024\/09\/8n-50x50.jpeg 50w\" sizes=\"auto, (max-width: 518px) 100vw, 518px\" \/><\/figure>\n<\/div>\n\n\n<p class=\"has-text-align-left\"><strong>Judeline<\/strong>, la joven promesa emergente de la m\u00fasica en espa\u00f1ol, presenta su nuevo sencillo &#8216;<a target=\"_blank\" href=\"https:\/\/instagramc.tr.pemsv30.net\/c\/eyJhIjoiaW5zdGFncmFtYyIsIm0iOiJtYWlsX2NtMWYybzNnNnlkczEwODQ1dWVta3IxZmQiLCJsIjoibGlua180ODMyMjAwNzk3ZWYyNjExMTZjYjUxNWY3Y2JkNGFmNGQzMTA3NTA2X2Q1NWQ3YiIsImkiOltdLCJ1IjoiaHR0cHM6Ly93d3cueW91dHViZS5jb20vd2F0Y2g_dj1DRWM0dWxqamJ3WSZ1dG1fc291cmNlPXBlcmZpdCZ1dG1fbWVkaXVtPWVtYWlsJnV0bV9jYW1wYWlnbj1KVURFTElORSUyMCU3QyUyMFpBUkNJTExPUyUyMERFJTIwUExBVEEiLCJjIjoiIiwiaCI6IjUxMWEzZiJ9\" rel=\"noreferrer noopener\">Zarcillos de Plata<\/a>&#8216;, una balada que destaca por su minimalismo y su belleza desgarradora. Este tema es el \u00faltimo adelanto de su esperado \u00e1lbum debut, que promete marcar un antes y un despu\u00e9s en su carrera.<\/p>\n\n\n\n<p>La artista originaria de Ca\u00f1os de Meca, C\u00e1diz, ha ganado reconocimiento tanto en la prensa especializada como entre figuras clave de la industria musical, como el productor\u00a0<a href=\"https:\/\/instagramc.tr.pemsv30.net\/c\/eyJhIjoiaW5zdGFncmFtYyIsIm0iOiJtYWlsX2NtMWYybzNnNnlkczEwODQ1dWVta3IxZmQiLCJsIjoibGlua18xNDlmYjMxMDc1NzA5YmE4MzQ5NjIzMzQ0YjRkNDdlNjk1YTZkNDc5X2ExZGU2MCIsImkiOltdLCJ1IjoiaHR0cHM6Ly93d3cuaW5zdGFncmFtLmNvbS90YWlueS8_dXRtX3NvdXJjZT1wZXJmaXQmdXRtX21lZGl1bT1lbWFpbCZ1dG1fY2FtcGFpZ249SlVERUxJTkUlMjAlN0MlMjBaQVJDSUxMT1MlMjBERSUyMFBMQVRBIiwiYyI6IiIsImgiOiJiMDIxZmMifQ\" target=\"_blank\" rel=\"noreferrer noopener\">Tainy<\/a>. Acompa\u00f1ada por su generaci\u00f3n de artistas como\u00a0<a href=\"https:\/\/instagramc.tr.pemsv30.net\/c\/eyJhIjoiaW5zdGFncmFtYyIsIm0iOiJtYWlsX2NtMWYybzNnNnlkczEwODQ1dWVta3IxZmQiLCJsIjoibGlua18xNGI4OTBkZDU0MzEyMmRkYWYwZDljZGI5MTQwNzExM2M1NWQ3ZDU2XzJmNmZlMCIsImkiOltdLCJ1IjoiaHR0cHM6Ly93d3cuaW5zdGFncmFtLmNvbS9tYXlvbW9qby8_dXRtX3NvdXJjZT1wZXJmaXQmdXRtX21lZGl1bT1lbWFpbCZ1dG1fY2FtcGFpZ249SlVERUxJTkUlMjAlN0MlMjBaQVJDSUxMT1MlMjBERSUyMFBMQVRBIiwiYyI6IiIsImgiOiI1NGFhNjcifQ\" target=\"_blank\" rel=\"noreferrer noopener\">Mayo\u00a0<\/a>y\u00a0<a href=\"https:\/\/instagramc.tr.pemsv30.net\/c\/eyJhIjoiaW5zdGFncmFtYyIsIm0iOiJtYWlsX2NtMWYybzNnNnlkczEwODQ1dWVta3IxZmQiLCJsIjoibGlua18yNjRhMGQ0NjM4M2M2Y2I1YmUxMDg2NWY5YWI5OTBkMzkwNmFjN2YyX2ViYjFkNCIsImkiOltdLCJ1IjoiaHR0cHM6Ly93d3cuaW5zdGFncmFtLmNvbS9fdHVpc3RlLz91dG1fc291cmNlPXBlcmZpdCZ1dG1fbWVkaXVtPWVtYWlsJnV0bV9jYW1wYWlnbj1KVURFTElORSUyMCU3QyUyMFpBUkNJTExPUyUyMERFJTIwUExBVEEiLCJjIjoiIiwiaCI6Ijk2NGFiOSJ9\" target=\"_blank\" rel=\"noreferrer noopener\">Tuiste<\/a>, y conectada con el colectivo Rusia-IDK, Judeline ha sido una pieza clave en la renovaci\u00f3n de la escena musical espa\u00f1ola.<\/p>\n\n\n\n<p>Con apenas una docena de canciones lanzadas, la atenci\u00f3n que ha captado Judeline es impresionante. En los \u00faltimos meses ha revelado temas como \u2018<a href=\"https:\/\/instagramc.tr.pemsv30.net\/c\/eyJhIjoiaW5zdGFncmFtYyIsIm0iOiJtYWlsX2NtMWYybzNnNnlkczEwODQ1dWVta3IxZmQiLCJsIjoibGlua183ZjQ0M2FjNWZjYWJjZWYxNGI0NThkYjk2NzZjYzFlYzM3MDllOTI1XzU5YWJhYSIsImkiOltdLCJ1IjoiaHR0cHM6Ly95b3V0dS5iZS83Z0Y3Q0hYQllDcz9mZWF0dXJlPXNoYXJlZCZ1dG1fc291cmNlPXBlcmZpdCZ1dG1fbWVkaXVtPWVtYWlsJnV0bV9jYW1wYWlnbj1KVURFTElORSUyMCU3QyUyMFpBUkNJTExPUyUyMERFJTIwUExBVEEiLCJjIjoiIiwiaCI6IjdmZjc1OCJ9\" target=\"_blank\" rel=\"noreferrer noopener\">INRI<\/a>\u2019 y \u2018<a href=\"https:\/\/instagramc.tr.pemsv30.net\/c\/eyJhIjoiaW5zdGFncmFtYyIsIm0iOiJtYWlsX2NtMWYybzNnNnlkczEwODQ1dWVta3IxZmQiLCJsIjoibGlua182NTc5YWQ2NTNmMDZjYWI3NmE1MzYxM2I5NzY0NjI3YWMyNTgwZDc4XzEwYjgxNSIsImkiOltdLCJ1IjoiaHR0cHM6Ly93d3cueW91dHViZS5jb20vd2F0Y2g_dj1LNzNVRTlvLXItcyZ1dG1fc291cmNlPXBlcmZpdCZ1dG1fbWVkaXVtPWVtYWlsJnV0bV9jYW1wYWlnbj1KVURFTElORSUyMCU3QyUyMFpBUkNJTExPUyUyMERFJTIwUExBVEEiLCJjIjoiIiwiaCI6Ijc5ZWIxZiJ9\" target=\"_blank\" rel=\"noreferrer noopener\">mangata<\/a>\u2019, a los que ahora se suma &#8216;Zarcillos de Plata&#8217;, confirmando la fuerza de su propuesta art\u00edstica.<\/p>\n\n\n\n<p>Este nuevo single, producido por&nbsp;<strong>Mayo<\/strong>,&nbsp;<strong>Tuiste<\/strong>,&nbsp;<a target=\"_blank\" href=\"https:\/\/instagramc.tr.pemsv30.net\/c\/eyJhIjoiaW5zdGFncmFtYyIsIm0iOiJtYWlsX2NtMWYybzNnNnlkczEwODQ1dWVta3IxZmQiLCJsIjoibGlua19jNTg1MDU0OTY3Mjg4MDkyOTYwMjE1YWNkZTdmMTAxMWM0N2U3NzVhXzBmZDNlMSIsImkiOltdLCJ1IjoiaHR0cHM6Ly93d3cuaW5zdGFncmFtLmNvbS9yb2JiaXNlbC8_aGw9ZXMmdXRtX3NvdXJjZT1wZXJmaXQmdXRtX21lZGl1bT1lbWFpbCZ1dG1fY2FtcGFpZ249SlVERUxJTkUlMjAlN0MlMjBaQVJDSUxMT1MlMjBERSUyMFBMQVRBIiwiYyI6IiIsImgiOiJlZTQwNGEifQ\" rel=\"noreferrer noopener\"><strong>Rob Bisel<\/strong><\/a>,&nbsp;<a target=\"_blank\" href=\"https:\/\/instagramc.tr.pemsv30.net\/c\/eyJhIjoiaW5zdGFncmFtYyIsIm0iOiJtYWlsX2NtMWYybzNnNnlkczEwODQ1dWVta3IxZmQiLCJsIjoibGlua184MmM2MGEwOTkzODdiZGRlZjVkNGI0ZGQxN2EyYmZlOGNhMWMxZGQzX2RmM2M4NCIsImkiOltdLCJ1IjoiaHR0cHM6Ly93d3cuaW5zdGFncmFtLmNvbS9md2RzbHhzaC8_aGw9ZXMmdXRtX3NvdXJjZT1wZXJmaXQmdXRtX21lZGl1bT1lbWFpbCZ1dG1fY2FtcGFpZ249SlVERUxJTkUlMjAlN0MlMjBaQVJDSUxMT1MlMjBERSUyMFBMQVRBIiwiYyI6IiIsImgiOiJlZjkwMzkifQ\" rel=\"noreferrer noopener\"><strong>Fwdslxsh&nbsp;<\/strong><\/a>y&nbsp;<strong>Simon Hessman<\/strong>, es una pieza de pop alternativo envuelta en la simplicidad de una guitarra y coros et\u00e9reos. En \u2018<strong>Zarcillos de Plata<\/strong>\u2019, Judeline narra una historia de amor complejo, lleno de noches inciertas y vaivenes, donde la rutina se vuelve una m\u00e1scara que oculta la inminente imposibilidad de estar juntos.<\/p>\n\n\n\n<p>La canci\u00f3n sigue explorando el universo sonoro y est\u00e9tico que Judeline ha estado construyendo, profundamente influenciado por su tierra natal. &#8216;Zarcillos de Plata&#8217; es su pieza m\u00e1s rom\u00e1ntica y emocionalmente honesta hasta ahora, consolid\u00e1ndola como una artista que se atreve a brillar fuera de las tendencias comerciales.<\/p>\n\n\n\n<p><strong>Judeline\u00a0<\/strong>contin\u00faa avanzando hacia el lanzamiento de su primer \u00e1lbum, y &#8216;Zarcillos de Plata&#8217; abre una nueva ventana a su obra, mostrando una faceta m\u00e1s \u00edntima y madura de esta prometedora artista.<\/p>\n","protected":false},"excerpt":{"rendered":"","protected":false},"author":5,"featured_media":11728,"comment_status":"open","ping_status":"open","sticky":false,"template":"","format":"standard","meta":{"om_disable_all_campaigns":false,"_uf_show_specific_survey":0,"_uf_disable_surveys":false,"footnotes":""},"categories":[4],"tags":[],"class_list":["post-11727","post","type-post","status-publish","format-standard","has-post-thumbnail","hentry","category-musica"],"_links":{"self":[{"href":"https:\/\/entrenotasyacordes.com\/index.php?rest_route=\/wp\/v2\/posts\/11727","targetHints":{"allow":["GET"]}}],"collection":[{"href":"https:\/\/entrenotasyacordes.com\/index.php?rest_route=\/wp\/v2\/posts"}],"about":[{"href":"https:\/\/entrenotasyacordes.com\/index.php?rest_route=\/wp\/v2\/types\/post"}],"author":[{"embeddable":true,"href":"https:\/\/entrenotasyacordes.com\/index.php?rest_route=\/wp\/v2\/users\/5"}],"replies":[{"embeddable":true,"href":"https:\/\/entrenotasyacordes.com\/index.php?rest_route=%2Fwp%2Fv2%2Fcomments&post=11727"}],"version-history":[{"count":1,"href":"https:\/\/entrenotasyacordes.com\/index.php?rest_route=\/wp\/v2\/posts\/11727\/revisions"}],"predecessor-version":[{"id":11729,"href":"https:\/\/entrenotasyacordes.com\/index.php?rest_route=\/wp\/v2\/posts\/11727\/revisions\/11729"}],"wp:featuredmedia":[{"embeddable":true,"href":"https:\/\/entrenotasyacordes.com\/index.php?rest_route=\/wp\/v2\/media\/11728"}],"wp:attachment":[{"href":"https:\/\/entrenotasyacordes.com\/index.php?rest_route=%2Fwp%2Fv2%2Fmedia&parent=11727"}],"wp:term":[{"taxonomy":"category","embeddable":true,"href":"https:\/\/entrenotasyacordes.com\/index.php?rest_route=%2Fwp%2Fv2%2Fcategories&post=11727"},{"taxonomy":"post_tag","embeddable":true,"href":"https:\/\/entrenotasyacordes.com\/index.php?rest_route=%2Fwp%2Fv2%2Ftags&post=11727"}],"curies":[{"name":"wp","href":"https:\/\/api.w.org\/{rel}","templated":true}]}}