{"id":11743,"date":"2024-09-27T00:27:59","date_gmt":"2024-09-27T00:27:59","guid":{"rendered":"https:\/\/entrenotasyacordes.com\/?p=11743"},"modified":"2024-09-27T00:28:00","modified_gmt":"2024-09-27T00:28:00","slug":"air-vuelve-a-la-argentina","status":"publish","type":"post","link":"https:\/\/entrenotasyacordes.com\/?p=11743","title":{"rendered":"AIR VUELVE A LA ARGENTINA!!"},"content":{"rendered":"\n<!--more-->\n\n\n\n<p class=\"has-text-align-left\">La influyente banda francesa se presentar\u00e1 en el Movistar Arena de Bs As el pr\u00f3ximo 6 de noviembre.<\/p>\n\n\n<div class=\"wp-block-image\">\n<figure class=\"aligncenter size-full\"><img loading=\"lazy\" decoding=\"async\" width=\"1077\" height=\"785\" src=\"https:\/\/entrenotasyacordes.com\/wp-content\/uploads\/2024\/09\/9a.png\" alt=\"\" class=\"wp-image-11744\" srcset=\"https:\/\/entrenotasyacordes.com\/wp-content\/uploads\/2024\/09\/9a.png 1077w, https:\/\/entrenotasyacordes.com\/wp-content\/uploads\/2024\/09\/9a-300x219.png 300w, https:\/\/entrenotasyacordes.com\/wp-content\/uploads\/2024\/09\/9a-1024x746.png 1024w, https:\/\/entrenotasyacordes.com\/wp-content\/uploads\/2024\/09\/9a-768x560.png 768w\" sizes=\"auto, (max-width: 1077px) 100vw, 1077px\" \/><\/figure>\n<\/div>\n\n\n<p><strong>Entradas disponibles a trav\u00e9s de<\/strong> <a href=\"http:\/\/www.movistararena.com.ar\"><strong>www.movistararena.com.ar<\/strong><\/a><\/p>\n\n\n\n<p>Luego de una larga espera, el ic\u00f3nico d\u00fao franc\u00e9s Air regresa a Buenos Aires para celebrar el 25\u00b0 aniversario de su legendario \u00e1lbum debut, Moon Safari.<\/p>\n\n\n\n<p>El mi\u00e9rcoles 6 de noviembre tomar\u00e1n el escenario del Movistar Arena y ofrecer\u00e1n un espectacular concierto, dentro del marco de su actual gira mundial.<\/p>\n\n\n\n<p>El d\u00fao AIR, formado en 1995 por Nicolas Godin y Jean-Beno\u00eet Dunckel, es conocido por su sonido distintivo que fusiona m\u00fasica electr\u00f3nica, pop, y elementos de rock progresivo, con influencias del jazz y m\u00fasica cl\u00e1sica.<\/p>\n\n\n\n<p>Su \u00e1lbum debut, Moon Safari (1998), se convirti\u00f3 en un \u00e9xito internacional, destac\u00e1ndose por temas como \u00abSexy Boy\u00bb y \u00abAll I Need\u00bb.<\/p>\n\n\n\n<p>Este disco consolid\u00f3 su reputaci\u00f3n en la escena de la m\u00fasica electr\u00f3nica y los estableci\u00f3 como pioneros del \u00abfrench touch\u00bb, un estilo caracterizado por la producci\u00f3n sofisticada y el uso de sintetizadores anal\u00f3gicos.<\/p>\n\n\n\n<p>25 a\u00f1os despu\u00e9s, Moon Safari sigue siendo un \u00e1lbum atemporal, lleno de amor, misterio y una atm\u00f3sfera en la que uno quiere quedarse para siempre.<\/p>\n\n\n\n<p>El pr\u00f3ximo 6 de noviembre, AIR se reencontrar\u00e1 con su p\u00fablico Argentino, para celebrar 25 a\u00f1os de m\u00fasica.<\/p>\n","protected":false},"excerpt":{"rendered":"","protected":false},"author":5,"featured_media":11744,"comment_status":"open","ping_status":"open","sticky":false,"template":"","format":"standard","meta":{"om_disable_all_campaigns":false,"_uf_show_specific_survey":0,"_uf_disable_surveys":false,"footnotes":""},"categories":[36],"tags":[],"class_list":["post-11743","post","type-post","status-publish","format-standard","has-post-thumbnail","hentry","category-conciertos"],"_links":{"self":[{"href":"https:\/\/entrenotasyacordes.com\/index.php?rest_route=\/wp\/v2\/posts\/11743","targetHints":{"allow":["GET"]}}],"collection":[{"href":"https:\/\/entrenotasyacordes.com\/index.php?rest_route=\/wp\/v2\/posts"}],"about":[{"href":"https:\/\/entrenotasyacordes.com\/index.php?rest_route=\/wp\/v2\/types\/post"}],"author":[{"embeddable":true,"href":"https:\/\/entrenotasyacordes.com\/index.php?rest_route=\/wp\/v2\/users\/5"}],"replies":[{"embeddable":true,"href":"https:\/\/entrenotasyacordes.com\/index.php?rest_route=%2Fwp%2Fv2%2Fcomments&post=11743"}],"version-history":[{"count":1,"href":"https:\/\/entrenotasyacordes.com\/index.php?rest_route=\/wp\/v2\/posts\/11743\/revisions"}],"predecessor-version":[{"id":11745,"href":"https:\/\/entrenotasyacordes.com\/index.php?rest_route=\/wp\/v2\/posts\/11743\/revisions\/11745"}],"wp:featuredmedia":[{"embeddable":true,"href":"https:\/\/entrenotasyacordes.com\/index.php?rest_route=\/wp\/v2\/media\/11744"}],"wp:attachment":[{"href":"https:\/\/entrenotasyacordes.com\/index.php?rest_route=%2Fwp%2Fv2%2Fmedia&parent=11743"}],"wp:term":[{"taxonomy":"category","embeddable":true,"href":"https:\/\/entrenotasyacordes.com\/index.php?rest_route=%2Fwp%2Fv2%2Fcategories&post=11743"},{"taxonomy":"post_tag","embeddable":true,"href":"https:\/\/entrenotasyacordes.com\/index.php?rest_route=%2Fwp%2Fv2%2Ftags&post=11743"}],"curies":[{"name":"wp","href":"https:\/\/api.w.org\/{rel}","templated":true}]}}