{"id":11749,"date":"2024-09-27T00:49:17","date_gmt":"2024-09-27T00:49:17","guid":{"rendered":"https:\/\/entrenotasyacordes.com\/?p=11749"},"modified":"2024-09-27T00:49:18","modified_gmt":"2024-09-27T00:49:18","slug":"anuel-aa-el-dios-del-trap-aterriza-en-argentina","status":"publish","type":"post","link":"https:\/\/entrenotasyacordes.com\/?p=11749","title":{"rendered":"ANUEL AA: EL DIOS DEL TRAP, ATERRIZA \u00a0EN ARGENTINA"},"content":{"rendered":"\n<!--more-->\n\n\n\n<p class=\"has-text-align-center\"><strong>3 DE NOVIEMBRE EN EL MICROESTADIO DE TECN\u00d3POLIS<\/strong><\/p>\n\n\n<div class=\"wp-block-image\">\n<figure class=\"aligncenter size-full is-resized\"><img loading=\"lazy\" decoding=\"async\" width=\"1080\" height=\"1081\" src=\"https:\/\/entrenotasyacordes.com\/wp-content\/uploads\/2024\/09\/9c.png\" alt=\"\" class=\"wp-image-11750\" style=\"width:492px;height:auto\" srcset=\"https:\/\/entrenotasyacordes.com\/wp-content\/uploads\/2024\/09\/9c.png 1080w, https:\/\/entrenotasyacordes.com\/wp-content\/uploads\/2024\/09\/9c-300x300.png 300w, https:\/\/entrenotasyacordes.com\/wp-content\/uploads\/2024\/09\/9c-1024x1025.png 1024w, https:\/\/entrenotasyacordes.com\/wp-content\/uploads\/2024\/09\/9c-150x150.png 150w, https:\/\/entrenotasyacordes.com\/wp-content\/uploads\/2024\/09\/9c-768x769.png 768w, https:\/\/entrenotasyacordes.com\/wp-content\/uploads\/2024\/09\/9c-50x50.png 50w\" sizes=\"auto, (max-width: 1080px) 100vw, 1080px\" \/><\/figure>\n<\/div>\n\n\n<p class=\"has-text-align-center\"><strong>VENTA DE ENTRADAS MI\u00c9RCOLES 25\/09 18:00 HORAS<\/strong> <strong>a trav\u00e9s de\u00a0<a href=\"https:\/\/vickyroapress.tr.pemsv20.net\/c\/eyJhIjoidmlja3lyb2FwcmVzcyIsIm0iOiJtYWlsX2NtMWgzc2RvZzNzaDUwNzk3M3EzZWdlbGMiLCJsIjoibGlua18yNTIzNGZhYjBiZWFlZmVlNmJhY2I4ZDMzZjQwM2MzMzczYjk2ZTg3XzNjNGJmNyIsImkiOltdLCJ1IjoiaHR0cHM6Ly90b2RvdGlja2V0LmFyLz91dG1fc291cmNlPXBlcmZpdCZ1dG1fbWVkaXVtPWVtYWlsJnV0bV9jYW1wYWlnbj1BTlVFTCIsImMiOiIiLCJoIjoiYWZjMTRkIn0\" target=\"_blank\" rel=\"noreferrer noopener\">www.todoticket.ar.<\/a><\/strong><\/p>\n\n\n\n<p class=\"has-text-align-left\"><strong>Anuel AA,&nbsp;<\/strong>&nbsp;El ic\u00f3nico cantante y rapero puertorrique\u00f1o llegar\u00e1 Argentina para ofrecer un show inolvidable en &nbsp;<strong>Buenos Aires el 3 de noviembre en el Microestadio de Tecn\u00f3polis.<\/strong><\/p>\n\n\n\n<p class=\"has-text-align-left\">El artista puertorrique\u00f1o, nacido el 26 de noviembre de 1992 en Carolina, Puerto Rico, es una de las figuras m\u00e1s destacadas y controvertidas de la m\u00fasica urbana. Conocido por sus letras crudas y aut\u00e9nticas, Anuel ha revolucionado la escena musical con su estilo \u00fanico, reflejando en sus canciones las realidades de las calles y su propia vida personal.<\/p>\n\n\n\n<p>El 3 de noviembre, los seguidores argentinos tendr\u00e1n la oportunidad de disfrutar en vivo de los grandes \u00e9xitos de Anuel AA, desde sus cl\u00e1sicos que marcaron el comienzo del trap latino hasta sus m\u00e1s recientes lanzamientos que lo siguen posicionando en la cima de las listas globales.<\/p>\n\n\n\n<p class=\"has-text-align-center\"><strong>FECHAS TOUR SUDAM\u00c9RICA<\/strong><\/p>\n\n\n\n<p class=\"has-text-align-center\">26 octubre Santa Cruz Bolivia\u00a0<br>31 octubre Montevideo Uruguay<\/p>\n\n\n\n<p class=\"has-text-align-center\">02 noviembre Asunci\u00f3n Paraguay\u00a0<br><strong>03 noviembre Buenos aires Argentina<\/strong><br>06 noviembre Santiago Chile<br>07 noviembre la serena\u00a0<br>09 de noviembre \u00a0lima Per\u00fa\u00a0<br>12 de noviembre Santiago de Chile<br>14 de noviembre Santiago de Chile<\/p>\n","protected":false},"excerpt":{"rendered":"","protected":false},"author":5,"featured_media":11750,"comment_status":"open","ping_status":"open","sticky":false,"template":"","format":"standard","meta":{"om_disable_all_campaigns":false,"_uf_show_specific_survey":0,"_uf_disable_surveys":false,"footnotes":""},"categories":[36],"tags":[],"class_list":["post-11749","post","type-post","status-publish","format-standard","has-post-thumbnail","hentry","category-conciertos"],"_links":{"self":[{"href":"https:\/\/entrenotasyacordes.com\/index.php?rest_route=\/wp\/v2\/posts\/11749","targetHints":{"allow":["GET"]}}],"collection":[{"href":"https:\/\/entrenotasyacordes.com\/index.php?rest_route=\/wp\/v2\/posts"}],"about":[{"href":"https:\/\/entrenotasyacordes.com\/index.php?rest_route=\/wp\/v2\/types\/post"}],"author":[{"embeddable":true,"href":"https:\/\/entrenotasyacordes.com\/index.php?rest_route=\/wp\/v2\/users\/5"}],"replies":[{"embeddable":true,"href":"https:\/\/entrenotasyacordes.com\/index.php?rest_route=%2Fwp%2Fv2%2Fcomments&post=11749"}],"version-history":[{"count":1,"href":"https:\/\/entrenotasyacordes.com\/index.php?rest_route=\/wp\/v2\/posts\/11749\/revisions"}],"predecessor-version":[{"id":11751,"href":"https:\/\/entrenotasyacordes.com\/index.php?rest_route=\/wp\/v2\/posts\/11749\/revisions\/11751"}],"wp:featuredmedia":[{"embeddable":true,"href":"https:\/\/entrenotasyacordes.com\/index.php?rest_route=\/wp\/v2\/media\/11750"}],"wp:attachment":[{"href":"https:\/\/entrenotasyacordes.com\/index.php?rest_route=%2Fwp%2Fv2%2Fmedia&parent=11749"}],"wp:term":[{"taxonomy":"category","embeddable":true,"href":"https:\/\/entrenotasyacordes.com\/index.php?rest_route=%2Fwp%2Fv2%2Fcategories&post=11749"},{"taxonomy":"post_tag","embeddable":true,"href":"https:\/\/entrenotasyacordes.com\/index.php?rest_route=%2Fwp%2Fv2%2Ftags&post=11749"}],"curies":[{"name":"wp","href":"https:\/\/api.w.org\/{rel}","templated":true}]}}