{"id":11752,"date":"2024-09-27T01:03:50","date_gmt":"2024-09-27T01:03:50","guid":{"rendered":"https:\/\/entrenotasyacordes.com\/?p=11752"},"modified":"2024-09-27T01:03:51","modified_gmt":"2024-09-27T01:03:51","slug":"itzia-tango-cacao-una-pelicula-de-flora-martinez-estreno-en-cines-17-de-octubre","status":"publish","type":"post","link":"https:\/\/entrenotasyacordes.com\/?p=11752","title":{"rendered":"\u00abITZIA, tango &amp; cacao\u00bb, una pel\u00edcula de Flora Mart\u00ednez :: Estreno en cines: 17 de octubre"},"content":{"rendered":"<div class=\"wp-block-image\">\n<figure class=\"aligncenter size-full is-resized\"><img loading=\"lazy\" decoding=\"async\" width=\"1792\" height=\"2560\" src=\"https:\/\/entrenotasyacordes.com\/wp-content\/uploads\/2024\/09\/9d-1-scaled.jpg\" alt=\"\" class=\"wp-image-11753\" style=\"width:626px;height:auto\" srcset=\"https:\/\/entrenotasyacordes.com\/wp-content\/uploads\/2024\/09\/9d-1-scaled.jpg 1792w, https:\/\/entrenotasyacordes.com\/wp-content\/uploads\/2024\/09\/9d-1-210x300.jpg 210w, https:\/\/entrenotasyacordes.com\/wp-content\/uploads\/2024\/09\/9d-1-717x1024.jpg 717w, https:\/\/entrenotasyacordes.com\/wp-content\/uploads\/2024\/09\/9d-1-768x1097.jpg 768w, https:\/\/entrenotasyacordes.com\/wp-content\/uploads\/2024\/09\/9d-1-1075x1536.jpg 1075w, https:\/\/entrenotasyacordes.com\/wp-content\/uploads\/2024\/09\/9d-1-1434x2048.jpg 1434w, https:\/\/entrenotasyacordes.com\/wp-content\/uploads\/2024\/09\/9d-1-1024x1463.jpg 1024w\" sizes=\"auto, (max-width: 1792px) 100vw, 1792px\" \/><\/figure>\n<\/div>\n\n\n<figure class=\"wp-block-embed is-type-video is-provider-youtube wp-block-embed-youtube wp-embed-aspect-16-9 wp-has-aspect-ratio\"><div class=\"wp-block-embed__wrapper\">\n<div class=\"epyt-video-wrapper\"><iframe loading=\"lazy\"  id=\"_ytid_63272\"  width=\"640\" height=\"360\"  data-origwidth=\"640\" data-origheight=\"360\" src=\"https:\/\/www.youtube.com\/embed\/l5RRYfPIDPE?enablejsapi=1&#038;autoplay=0&#038;cc_load_policy=0&#038;cc_lang_pref=&#038;iv_load_policy=1&#038;loop=0&#038;rel=1&#038;fs=1&#038;playsinline=0&#038;autohide=2&#038;theme=dark&#038;color=white&#038;controls=1&#038;\" class=\"__youtube_prefs__  epyt-is-override  no-lazyload\" data-vol=\"50\"  title=\"YouTube player\"  allow=\"fullscreen; accelerometer; autoplay; clipboard-write; encrypted-media; gyroscope; picture-in-picture; web-share\" referrerpolicy=\"strict-origin-when-cross-origin\" allowfullscreen data-no-lazy=\"1\" data-skipgform_ajax_framebjll=\"\"><\/iframe><\/div>\n<\/div><\/figure>\n\n\n\n<p><strong>F E S T I V A L E S<\/strong><\/p>\n\n\n\n<p><strong>Screen Power Film Festival, Reino Unido<br><em>Ganadora\u00a0<\/em><\/strong><br>Mejor Sonido<br>Mejor M\u00fasica<\/p>\n\n\n\n<p><strong>European Cinematography Awards (ECA), Pa\u00edses Bajos<br><em>Ganadora<\/em><\/strong><br>Mejor Director<br>Mejor Actriz<\/p>\n\n\n\n<p><em><strong>Berlin Women Cinema Festival, Alemania<br>Ganadora<\/strong><\/em><br>Mejor Director<br>Mejor Actriz<\/p>\n\n\n\n<p><strong><em>Diglipur International Film, India<br>Ganadora<\/em><\/strong><br>Mejor Largometraje<br>Mejor Actriz<\/p>\n\n\n\n<p><strong><em>Bridges International Film, Grecia<br>Ganadora<\/em><\/strong><br>Mejor Actriz<br>Mejor Director<br>Mejor Largometraje<br>Mejor M\u00fasica<br>Mejor Guion<br>Mejor Actor<br><br><strong><em>Cine Par\u00eds Film Festival, Francia<br>Ganadora<\/em><\/strong><br>Mejor Actriz<br>Mejor Largometraje<\/p>\n\n\n\n<p><strong><em>Best Femal Actress Award, Reino Unido<br>Ganadora<\/em><\/strong><br>Mejor Actriz Drama<\/p>\n\n\n\n<p><strong><em>Borrego Springs Film Festival, Estados Unidos<br>Ganadora<\/em><\/strong><br>Mejor Actriz Drama<br>Mejor Largometraje Internacional<\/p>\n\n\n\n<p><strong><em>Montreal Independent Film Festival<\/em><\/strong><br><em>Nominada<\/em><br>Mejor Actriz<br>Mejor Director Debutante<\/p>\n\n\n\n<p><strong><em>Golden Pen Script Award, Estados Unidos<\/em><\/strong><br><em>Finalista<\/em><br>Mejor Guion<\/p>\n\n\n\n<p><em><strong>Valeiff International Film Festival, Espa\u00f1a<\/strong><br>Nominada<\/em><br>Mejor Largometraje<\/p>\n\n\n\n<p><em><strong>The Hollywood First-time Filmaker Showcase, Estados Unidos<\/strong><br>Nominada<\/em><br>Mejor Director Debutante<\/p>\n\n\n\n<p><em><strong>Rising Sun International Film Festival, Jap\u00f3n<\/strong><br>Nominada<\/em><br>Mejor Largometraje<\/p>\n\n\n\n<p><strong><em>WOW Wales One World Film Festival Wales, Reino Unido<br>Ganadora<\/em><\/strong><br>Premios del P\u00fablico<\/p>\n\n\n\n<p><em><strong>Dubai Film Festival, Dubai<br><\/strong>Nominada<\/em><br>Mejor Largometraje<\/p>\n\n\n\n<p><em><strong>L.A. Independent Woman Film Awards, Estados Unidos<\/strong><br>Nominada<\/em><br>Mejor Actriz<\/p>\n\n\n\n<p><em><strong>London Directors Awards, Reino Unido<\/strong><br>Nominada<\/em><br>Mejor Director Debutante<\/p>\n\n\n\n<p><em><strong>Punta Del Este International Film Festival, Uruguay<\/strong><br>Nominada<\/em><br>Mejor Largometraje<\/p>\n\n\n\n<p><strong><em>Cartagena (Ficci), Colombia<\/em><\/strong><br>Selecci\u00f3n Oficial<br>Proyecci\u00f3n fuera de competencia<\/p>\n\n\n\n<p><em><strong>Chicago Latino Film Festival, Estados Unidos<\/strong><br>Nominada<\/em><br>Mejor Largometraje<\/p>\n\n\n<div class=\"wp-block-image\">\n<figure class=\"aligncenter size-large\"><img loading=\"lazy\" decoding=\"async\" width=\"1024\" height=\"683\" src=\"https:\/\/entrenotasyacordes.com\/wp-content\/uploads\/2024\/09\/9e-1-1024x683.jpg\" alt=\"\" class=\"wp-image-11755\" srcset=\"https:\/\/entrenotasyacordes.com\/wp-content\/uploads\/2024\/09\/9e-1-1024x683.jpg 1024w, https:\/\/entrenotasyacordes.com\/wp-content\/uploads\/2024\/09\/9e-1-300x200.jpg 300w, https:\/\/entrenotasyacordes.com\/wp-content\/uploads\/2024\/09\/9e-1-768x512.jpg 768w, https:\/\/entrenotasyacordes.com\/wp-content\/uploads\/2024\/09\/9e-1-1536x1024.jpg 1536w, https:\/\/entrenotasyacordes.com\/wp-content\/uploads\/2024\/09\/9e-1-2048x1365.jpg 2048w\" sizes=\"auto, (max-width: 1024px) 100vw, 1024px\" \/><\/figure>\n<\/div>\n\n\n<p><strong>S I N O P S I S<\/strong><\/p>\n\n\n\n<p>Itzia es una mujer sorda que asegura haber comenzado a escuchar una peculiar m\u00fasica que siempre proviene del mismo punto cardinal: el sur.<\/p>\n\n\n\n<p>En el pueblo donde vive la gente cree que est\u00e1 enloqueciendo, entonces la intentan convencer para que vaya al m\u00e9dico.<\/p>\n\n\n\n<p>Pero Itzia est\u00e1 segura que esas melod\u00edas no son producto de su imaginaci\u00f3n, para demostrar que no est\u00e1 loca, deber\u00e1 viajar hacia el sur para encontrarlas.<\/p>\n\n\n\n<figure class=\"wp-block-image size-large\"><img loading=\"lazy\" decoding=\"async\" width=\"1024\" height=\"683\" src=\"https:\/\/entrenotasyacordes.com\/wp-content\/uploads\/2024\/09\/9f-1024x683.jpg\" alt=\"\" class=\"wp-image-11756\" srcset=\"https:\/\/entrenotasyacordes.com\/wp-content\/uploads\/2024\/09\/9f-1024x683.jpg 1024w, https:\/\/entrenotasyacordes.com\/wp-content\/uploads\/2024\/09\/9f-300x200.jpg 300w, https:\/\/entrenotasyacordes.com\/wp-content\/uploads\/2024\/09\/9f-768x512.jpg 768w, https:\/\/entrenotasyacordes.com\/wp-content\/uploads\/2024\/09\/9f-1536x1024.jpg 1536w, https:\/\/entrenotasyacordes.com\/wp-content\/uploads\/2024\/09\/9f-2048x1365.jpg 2048w\" sizes=\"auto, (max-width: 1024px) 100vw, 1024px\" \/><\/figure>\n\n\n\n<p><strong>E L E N C O<\/strong><\/p>\n\n\n\n<p>Flora Mart\u00ednez<br>Gerardo Romano<br>Hermes Camelo<br>Juli\u00e1n D\u00edaz<br>Patricia \u00c9rcole<br>Carmi\u00f1a Mart\u00ednez<br>Jos\u00e9 Acosta\u00a0Soto<br>Ana Wills<br>Julio Pach\u00f3n<\/p>\n\n\n<div class=\"wp-block-image\">\n<figure class=\"aligncenter size-large\"><img loading=\"lazy\" decoding=\"async\" width=\"1024\" height=\"683\" src=\"https:\/\/entrenotasyacordes.com\/wp-content\/uploads\/2024\/09\/9g-1-1024x683.jpg\" alt=\"\" class=\"wp-image-11757\" srcset=\"https:\/\/entrenotasyacordes.com\/wp-content\/uploads\/2024\/09\/9g-1-1024x683.jpg 1024w, https:\/\/entrenotasyacordes.com\/wp-content\/uploads\/2024\/09\/9g-1-300x200.jpg 300w, https:\/\/entrenotasyacordes.com\/wp-content\/uploads\/2024\/09\/9g-1-768x512.jpg 768w, https:\/\/entrenotasyacordes.com\/wp-content\/uploads\/2024\/09\/9g-1-1536x1024.jpg 1536w, https:\/\/entrenotasyacordes.com\/wp-content\/uploads\/2024\/09\/9g-1-2048x1365.jpg 2048w\" sizes=\"auto, (max-width: 1024px) 100vw, 1024px\" \/><\/figure>\n<\/div>\n\n\n<p><strong>E Q U I P O\u00a0 \u00a0T \u00c9 C N I C O<\/strong><br>Directora: Flora Mart\u00ednez<br>Historia original y guion: Jos\u00e9 Reinoso<br>M\u00fasica Original: Jos\u00e9 Reinoso<br>Productores: Jos\u00e9 Reinoso, Juli\u00e1n Vel\u00e1squez, Diego Rivera,<br>Luis Alberto Hern\u00e1ndez<\/p>\n\n\n\n<p><strong>D A T O S &nbsp; &nbsp;T \u00c9 C N I C O S<\/strong><\/p>\n\n\n\n<p>G\u00e9nero: Drama\u00a0<br>Duraci\u00f3n: 88 minutos<br>Audio original: Espa\u00f1ol Colombia<br>Pa\u00eds: Colombia<\/p>\n\n\n\n<p><strong><strong>B I O &nbsp; D E &nbsp; L A&nbsp; &nbsp;D I R E C T O R A<\/strong><\/strong><\/p>\n\n\n<div class=\"wp-block-image\">\n<figure class=\"aligncenter size-full\"><img loading=\"lazy\" decoding=\"async\" width=\"2560\" height=\"1522\" src=\"https:\/\/entrenotasyacordes.com\/wp-content\/uploads\/2024\/09\/9i-scaled.jpg\" alt=\"\" class=\"wp-image-11758\" srcset=\"https:\/\/entrenotasyacordes.com\/wp-content\/uploads\/2024\/09\/9i-scaled.jpg 2560w, https:\/\/entrenotasyacordes.com\/wp-content\/uploads\/2024\/09\/9i-300x178.jpg 300w, https:\/\/entrenotasyacordes.com\/wp-content\/uploads\/2024\/09\/9i-1024x609.jpg 1024w, https:\/\/entrenotasyacordes.com\/wp-content\/uploads\/2024\/09\/9i-768x457.jpg 768w, https:\/\/entrenotasyacordes.com\/wp-content\/uploads\/2024\/09\/9i-1536x913.jpg 1536w, https:\/\/entrenotasyacordes.com\/wp-content\/uploads\/2024\/09\/9i-2048x1218.jpg 2048w\" sizes=\"auto, (max-width: 2560px) 100vw, 2560px\" \/><\/figure>\n<\/div>\n\n\n<p>Flora es una actriz, cantante, directora y productora nacida el 1\u00ba de Noviembre de 1977 en Montreal, Canad\u00e1, hija de madre canadiense y padre colombiano.<\/p>\n\n\n\n<p>Desde temprana edad mostr\u00f3 inter\u00e9s en la actuaci\u00f3n, el canto y el baile.\u00a0<\/p>\n\n\n\n<p>A sus 14 a\u00f1os debut\u00f3 en la televisi\u00f3n colombiana, convirti\u00e9ndose en la primera actriz del pa\u00eds en triunfar a tan temprana edad, edificando una carrera de m\u00e1s de treinta a\u00f1os plagada de \u00e9xitos c\u00f3mo \u201cMar\u00eda Bonita\u201d, \u201cLeche\u201d, \u201cLa Otra Mitad Del Sol\u201d, \u201cMambo\u201d, \u201cVecinos\u201d, \u201cLa Bruja\u201d, entre otros.<\/p>\n\n\n\n<p>Debut\u00f3 en cine en la pel\u00edcula \u201cSoplo De Vida\u201d (1999), cinta en la que se destac\u00f3 y recibi\u00f3 el premio a mejor actriz en el Festival De Cine De Biarritz (Francia).<\/p>\n\n\n\n<p>A sus 20 a\u00f1os se establece en Nueva York para perfeccionarse en m\u00fasica y actuaci\u00f3n en el Actors Conservatory. Permanece en Estados Unidos durante cinco a\u00f1os y participa en pel\u00edculas de Hollywood y series c\u00f3mo \u201cI\u00b4am with Lucy\u201d o \u201cLaw and Order\u201d.<\/p>\n\n\n\n<p>En 2003 comienza a gestarse en Colombia una de las pel\u00edculas m\u00e1s importantes de la historia de Am\u00e9rica Latina, la adaptaci\u00f3n de la novela \u201cRosario Tijeras\u201d del escritor colombiano Jorge Franco. Fue la primera producci\u00f3n colombiana en la que se conform\u00f3 un equipo multinacional (guionista argentino, compositor espa\u00f1ol, director mexicano, director de fotograf\u00eda franc\u00e9s). Entre m\u00e1s de cuatroscientas actrices, Flora gana el casting y termina dando vida a la inolvidable y controversial Rosario, la sicaria m\u00e1s famosa de la historia del cine.<\/p>\n\n\n\n<p>La nominaci\u00f3n a los Premios Goya la llevan a Espa\u00f1a en 2006, donde conoce al pianista de jazz y productor uruguayo Jos\u00e9 Reinoso (Buika, Calamaro, Perales, Morente, Poveda, Luz Casal, Chico Novarro, Luis Salinas, Rosa Passos, Ivan Lins, Karen Souza) con qui\u00e9n se casa y actualmente conforman una familia con tres hijos.<\/p>\n\n\n\n<p>Entre sus honores destacan varios premios como Mejor Actriz en Espa\u00f1a, Francia, M\u00f3naco y Colombia (India Catalina, Biznaga de Plata en Festival de Cine de M\u00e1laga, Mejor Actriz Festival de Cine de Biarritz).<\/p>\n\n\n\n<p>Las leyendas del cine espa\u00f1ol Vicente Aranda y Bigas Luna describieron a Flora como un \u201cverdadero animal cinematogr\u00e1fico\u201d.<\/p>\n\n\n\n<p>En 2016 produce con junto con su esposo uno de los \u00e9xitos teatrales m\u00e1s importantes de Am\u00e9rica Latina: el mon\u00f3logo musical \u201cFrida Libre\u201d basado en la vida y obra de la ic\u00f3nica pintora mexicana. Espect\u00e1culo que enamor\u00f3 a m\u00e1s de 250 mil espectadores de Nueva York, Toronto, Miami, Costa Rica, Guatemala, Ecuador y Colombia.<\/p>\n\n\n\n<p>El \u00e9xito sobre las tablas la llevaron a grabar las canciones favoritas de Frida Kahlo que fueron un gran \u00e9xito en Spotify ingresando a decenas de playlist editoriales de la plataforma. Dede entonces no ha parado de lanzar m\u00fasica y hacer giras de conciertos en paralelo a su agenda como actriz y directora. Actualmente cuenta con 1 mill\u00f3n de oyentes mensuales solo en Spotify.<\/p>\n\n\n\n<p>En 2023 produce, dirige y protagoniza su \u00f3pera prima \u201cItzia, Tango &amp; Cacao\u201d, un largometraje de 90 minutos en la que interpreta a una mujer sorda en una trama de realismo m\u00e1gico y Tango.<\/p>\n\n\n<div class=\"wp-block-image\">\n<figure class=\"aligncenter size-full\"><img loading=\"lazy\" decoding=\"async\" width=\"2560\" height=\"1440\" src=\"https:\/\/entrenotasyacordes.com\/wp-content\/uploads\/2024\/09\/9j-scaled.jpg\" alt=\"\" class=\"wp-image-11759\" srcset=\"https:\/\/entrenotasyacordes.com\/wp-content\/uploads\/2024\/09\/9j-scaled.jpg 2560w, https:\/\/entrenotasyacordes.com\/wp-content\/uploads\/2024\/09\/9j-300x169.jpg 300w, https:\/\/entrenotasyacordes.com\/wp-content\/uploads\/2024\/09\/9j-1024x576.jpg 1024w, https:\/\/entrenotasyacordes.com\/wp-content\/uploads\/2024\/09\/9j-768x432.jpg 768w, https:\/\/entrenotasyacordes.com\/wp-content\/uploads\/2024\/09\/9j-1536x864.jpg 1536w, https:\/\/entrenotasyacordes.com\/wp-content\/uploads\/2024\/09\/9j-2048x1152.jpg 2048w\" sizes=\"auto, (max-width: 2560px) 100vw, 2560px\" \/><\/figure>\n<\/div>","protected":false},"excerpt":{"rendered":"<p>F E S T I V A L E S Screen Power Film Festival, Reino<\/p>\n","protected":false},"author":5,"featured_media":11753,"comment_status":"open","ping_status":"open","sticky":false,"template":"","format":"standard","meta":{"om_disable_all_campaigns":false,"_uf_show_specific_survey":0,"_uf_disable_surveys":false,"footnotes":""},"categories":[9],"tags":[],"class_list":["post-11752","post","type-post","status-publish","format-standard","has-post-thumbnail","hentry","category-cine-y-teatro"],"_links":{"self":[{"href":"https:\/\/entrenotasyacordes.com\/index.php?rest_route=\/wp\/v2\/posts\/11752","targetHints":{"allow":["GET"]}}],"collection":[{"href":"https:\/\/entrenotasyacordes.com\/index.php?rest_route=\/wp\/v2\/posts"}],"about":[{"href":"https:\/\/entrenotasyacordes.com\/index.php?rest_route=\/wp\/v2\/types\/post"}],"author":[{"embeddable":true,"href":"https:\/\/entrenotasyacordes.com\/index.php?rest_route=\/wp\/v2\/users\/5"}],"replies":[{"embeddable":true,"href":"https:\/\/entrenotasyacordes.com\/index.php?rest_route=%2Fwp%2Fv2%2Fcomments&post=11752"}],"version-history":[{"count":1,"href":"https:\/\/entrenotasyacordes.com\/index.php?rest_route=\/wp\/v2\/posts\/11752\/revisions"}],"predecessor-version":[{"id":11760,"href":"https:\/\/entrenotasyacordes.com\/index.php?rest_route=\/wp\/v2\/posts\/11752\/revisions\/11760"}],"wp:featuredmedia":[{"embeddable":true,"href":"https:\/\/entrenotasyacordes.com\/index.php?rest_route=\/wp\/v2\/media\/11753"}],"wp:attachment":[{"href":"https:\/\/entrenotasyacordes.com\/index.php?rest_route=%2Fwp%2Fv2%2Fmedia&parent=11752"}],"wp:term":[{"taxonomy":"category","embeddable":true,"href":"https:\/\/entrenotasyacordes.com\/index.php?rest_route=%2Fwp%2Fv2%2Fcategories&post=11752"},{"taxonomy":"post_tag","embeddable":true,"href":"https:\/\/entrenotasyacordes.com\/index.php?rest_route=%2Fwp%2Fv2%2Ftags&post=11752"}],"curies":[{"name":"wp","href":"https:\/\/api.w.org\/{rel}","templated":true}]}}