{"id":11761,"date":"2024-09-27T01:09:31","date_gmt":"2024-09-27T01:09:31","guid":{"rendered":"https:\/\/entrenotasyacordes.com\/?p=11761"},"modified":"2024-09-27T01:09:32","modified_gmt":"2024-09-27T01:09:32","slug":"llega-intra-festival-volumen-3-19-de-octubre-la-plata","status":"publish","type":"post","link":"https:\/\/entrenotasyacordes.com\/?p=11761","title":{"rendered":"\u00a1Llega INTRA FESTIVAL volumen 3! 19 de octubre- La Plata"},"content":{"rendered":"\n<!--more-->\n\n\n<div class=\"wp-block-image\">\n<figure class=\"aligncenter size-full\"><img loading=\"lazy\" decoding=\"async\" width=\"1080\" height=\"1080\" src=\"https:\/\/entrenotasyacordes.com\/wp-content\/uploads\/2024\/09\/9k.jpg\" alt=\"\" class=\"wp-image-11762\" srcset=\"https:\/\/entrenotasyacordes.com\/wp-content\/uploads\/2024\/09\/9k.jpg 1080w, https:\/\/entrenotasyacordes.com\/wp-content\/uploads\/2024\/09\/9k-300x300.jpg 300w, https:\/\/entrenotasyacordes.com\/wp-content\/uploads\/2024\/09\/9k-1024x1024.jpg 1024w, https:\/\/entrenotasyacordes.com\/wp-content\/uploads\/2024\/09\/9k-150x150.jpg 150w, https:\/\/entrenotasyacordes.com\/wp-content\/uploads\/2024\/09\/9k-768x768.jpg 768w, https:\/\/entrenotasyacordes.com\/wp-content\/uploads\/2024\/09\/9k-50x50.jpg 50w\" sizes=\"auto, (max-width: 1080px) 100vw, 1080px\" \/><\/figure>\n<\/div>\n\n\n<p class=\"has-text-align-left\"><strong>M\u00fasica, instalaciones interactivas, patio gastron\u00f3mico<\/strong>. Todo en un mismo lugar:<strong>&nbsp;\u00abINTRA FESTIVAL<\/strong>\u00ab, una propuesta multidisciplinaria que genera sinergia entre distintas ramas del arte con el \u00fanico objetivo de pasar una noche para el recuerdo.&nbsp;<\/p>\n\n\n\n<p>La cita es el s\u00e1bado&nbsp;<strong>19 de octubre en los Galpones ferroviarios de Tolosa&nbsp;<\/strong>(La Plata, Buenos Aires). Ser\u00e1 una fiesta larga que arranca a las 18h y termina al otro d\u00eda a las 7 de la ma\u00f1ana. M\u00e1s de 12 horas de programaci\u00f3n.&nbsp;<\/p>\n\n\n\n<p>Con auspicio de Budweiser, la tercera edici\u00f3n del festival tiene en su lineup proyectos musicales como los de&nbsp;<strong>Ana Juliah, Proyecto Gomez Casa, Antonia Navarro, VITA SET<\/strong>,&nbsp;<strong>VORA, Celesta, Juan Cruz M\u00e1rquez, Borja B2B Emilio Rodr\u00edguez, Come To Me, TINKERHELL.<\/strong>&nbsp;A<strong>dem\u00e1s de haber confirmado artistas visuales de la talla de Effe cinco, Renatarretana,&nbsp;<\/strong><strong>Dana Cozzi,&nbsp;Matias J\u00e1uregui Lorda, CXRX.&nbsp;<\/strong><\/p>\n\n\n\n<p class=\"has-text-align-left\"><strong>Con preventas agotadas, y una promo especial para quienes forman parte de la comunidad IndieHoy, las entradas est\u00e1n a la venta por sistema Passline.&nbsp;<\/strong><\/p>\n\n\n<div class=\"wp-block-image\">\n<figure class=\"aligncenter size-full is-resized\"><img loading=\"lazy\" decoding=\"async\" width=\"512\" height=\"341\" src=\"https:\/\/entrenotasyacordes.com\/wp-content\/uploads\/2024\/09\/9l.jpg\" alt=\"\" class=\"wp-image-11764\" style=\"width:607px;height:auto\" srcset=\"https:\/\/entrenotasyacordes.com\/wp-content\/uploads\/2024\/09\/9l.jpg 512w, https:\/\/entrenotasyacordes.com\/wp-content\/uploads\/2024\/09\/9l-300x200.jpg 300w\" sizes=\"auto, (max-width: 512px) 100vw, 512px\" \/><\/figure>\n<\/div>\n\n\n<p class=\"has-text-align-center\"><strong>\u00bfQU\u00c9 ES INTRA?&nbsp;<\/strong><\/p>\n\n\n\n<p>El Festival INTRA est\u00e1 organizado por la productora que lleva su mismo nombre. Se trata de un espacio conformado por musicxs, DJs, artistas visuales y productores de amplia trayectoria en la escena cultural.<\/p>\n\n\n\n<p>\u00abNos fusionamos bajo el nombre de INTRA con el objetivo de producir eventos y componer obras que conjuguen una multiplicidad de disciplinas art\u00edsticas, dentro de un mismo marco temporal, espacial y sensorial. En cada propuesta buscamos generar climas \u00fanicos que inviten a la introspecci\u00f3n y el autoconocimiento, siempre buscando un desarrollo conceptual y art\u00edstico cuidado\u00bb, destacan desde el grupo.<\/p>\n\n\n\n<p>Y concluyen: \u00abLa comuni\u00f3n de nuestras visiones personales y art\u00edsticas, junto con los esfuerzos de nuestro equipo, logran experiencias \u00fanicas guiadas por relatos disruptivos y novedosos en un contexto de constante evoluci\u00f3n\u00bb.<\/p>\n\n\n<div class=\"wp-block-image\">\n<figure class=\"aligncenter size-full is-resized\"><img loading=\"lazy\" decoding=\"async\" width=\"512\" height=\"341\" src=\"https:\/\/entrenotasyacordes.com\/wp-content\/uploads\/2024\/09\/9m.jpg\" alt=\"\" class=\"wp-image-11763\" style=\"width:607px;height:auto\" srcset=\"https:\/\/entrenotasyacordes.com\/wp-content\/uploads\/2024\/09\/9m.jpg 512w, https:\/\/entrenotasyacordes.com\/wp-content\/uploads\/2024\/09\/9m-300x200.jpg 300w\" sizes=\"auto, (max-width: 512px) 100vw, 512px\" \/><\/figure>\n<\/div>","protected":false},"excerpt":{"rendered":"","protected":false},"author":5,"featured_media":11762,"comment_status":"open","ping_status":"open","sticky":false,"template":"","format":"standard","meta":{"om_disable_all_campaigns":false,"_uf_show_specific_survey":0,"_uf_disable_surveys":false,"footnotes":""},"categories":[36],"tags":[],"class_list":["post-11761","post","type-post","status-publish","format-standard","has-post-thumbnail","hentry","category-conciertos"],"_links":{"self":[{"href":"https:\/\/entrenotasyacordes.com\/index.php?rest_route=\/wp\/v2\/posts\/11761","targetHints":{"allow":["GET"]}}],"collection":[{"href":"https:\/\/entrenotasyacordes.com\/index.php?rest_route=\/wp\/v2\/posts"}],"about":[{"href":"https:\/\/entrenotasyacordes.com\/index.php?rest_route=\/wp\/v2\/types\/post"}],"author":[{"embeddable":true,"href":"https:\/\/entrenotasyacordes.com\/index.php?rest_route=\/wp\/v2\/users\/5"}],"replies":[{"embeddable":true,"href":"https:\/\/entrenotasyacordes.com\/index.php?rest_route=%2Fwp%2Fv2%2Fcomments&post=11761"}],"version-history":[{"count":1,"href":"https:\/\/entrenotasyacordes.com\/index.php?rest_route=\/wp\/v2\/posts\/11761\/revisions"}],"predecessor-version":[{"id":11765,"href":"https:\/\/entrenotasyacordes.com\/index.php?rest_route=\/wp\/v2\/posts\/11761\/revisions\/11765"}],"wp:featuredmedia":[{"embeddable":true,"href":"https:\/\/entrenotasyacordes.com\/index.php?rest_route=\/wp\/v2\/media\/11762"}],"wp:attachment":[{"href":"https:\/\/entrenotasyacordes.com\/index.php?rest_route=%2Fwp%2Fv2%2Fmedia&parent=11761"}],"wp:term":[{"taxonomy":"category","embeddable":true,"href":"https:\/\/entrenotasyacordes.com\/index.php?rest_route=%2Fwp%2Fv2%2Fcategories&post=11761"},{"taxonomy":"post_tag","embeddable":true,"href":"https:\/\/entrenotasyacordes.com\/index.php?rest_route=%2Fwp%2Fv2%2Ftags&post=11761"}],"curies":[{"name":"wp","href":"https:\/\/api.w.org\/{rel}","templated":true}]}}