{"id":11871,"date":"2024-09-30T19:10:57","date_gmt":"2024-09-30T19:10:57","guid":{"rendered":"https:\/\/entrenotasyacordes.com\/?p=11871"},"modified":"2024-09-30T19:10:58","modified_gmt":"2024-09-30T19:10:58","slug":"vulka-presenta-%c2%a8ahora%c2%a8","status":"publish","type":"post","link":"https:\/\/entrenotasyacordes.com\/?p=11871","title":{"rendered":"VULKA PRESENTA \u00a8AHORA\u00a8"},"content":{"rendered":"\n<!--more-->\n\n\n<div class=\"wp-block-image\">\n<figure class=\"aligncenter size-full is-resized\"><img loading=\"lazy\" decoding=\"async\" width=\"2400\" height=\"2400\" src=\"https:\/\/entrenotasyacordes.com\/wp-content\/uploads\/2024\/09\/1e.jpg\" alt=\"\" class=\"wp-image-11872\" style=\"width:503px;height:auto\" srcset=\"https:\/\/entrenotasyacordes.com\/wp-content\/uploads\/2024\/09\/1e.jpg 2400w, https:\/\/entrenotasyacordes.com\/wp-content\/uploads\/2024\/09\/1e-300x300.jpg 300w, https:\/\/entrenotasyacordes.com\/wp-content\/uploads\/2024\/09\/1e-1024x1024.jpg 1024w, https:\/\/entrenotasyacordes.com\/wp-content\/uploads\/2024\/09\/1e-150x150.jpg 150w, https:\/\/entrenotasyacordes.com\/wp-content\/uploads\/2024\/09\/1e-768x768.jpg 768w, https:\/\/entrenotasyacordes.com\/wp-content\/uploads\/2024\/09\/1e-1536x1536.jpg 1536w, https:\/\/entrenotasyacordes.com\/wp-content\/uploads\/2024\/09\/1e-2048x2048.jpg 2048w, https:\/\/entrenotasyacordes.com\/wp-content\/uploads\/2024\/09\/1e-50x50.jpg 50w\" sizes=\"auto, (max-width: 2400px) 100vw, 2400px\" \/><\/figure>\n<\/div>\n\n\n<p>\u00abAhora\u00bb es el primer lanzamiento de VULKA, una canci\u00f3n bailable con un mensaje profundo. A trav\u00e9s de su letra, explora la incertidumbre que surge al tomar decisiones, utilizando im\u00e1genes como las olas y el paso del tiempo para reflejar esa sensaci\u00f3n de estar perdido en los pensamientos.<\/p>\n\n\n\n<p>Este sencillo fusiona la sonoridad del pop de los a\u00f1os 2000 con elementos de m\u00fasica electr\u00f3nica, evocando influencias de artistas como No Doubt y Billie Eilish. La canci\u00f3n se compone de sonidos sint\u00e9ticos y un ritmo bailable, destacando una melod\u00eda construida sobre varias capas de voces que a\u00f1aden profundidad.<\/p>\n\n\n\n<p>\u00abAhora\u00bb es una canci\u00f3n que captura la lucha interna de quien busca respuestas enfrentando sus miedos, de quien busca un sol en la noche.<\/p>\n\n\n\n<figure class=\"wp-block-embed is-type-video is-provider-youtube wp-block-embed-youtube wp-embed-aspect-16-9 wp-has-aspect-ratio\"><div class=\"wp-block-embed__wrapper\">\n<div class=\"epyt-video-wrapper\"><iframe loading=\"lazy\"  id=\"_ytid_22741\"  width=\"640\" height=\"360\"  data-origwidth=\"640\" data-origheight=\"360\" src=\"https:\/\/www.youtube.com\/embed\/J3uRu6yV4dk?enablejsapi=1&#038;autoplay=0&#038;cc_load_policy=0&#038;cc_lang_pref=&#038;iv_load_policy=1&#038;loop=0&#038;rel=1&#038;fs=1&#038;playsinline=0&#038;autohide=2&#038;theme=dark&#038;color=white&#038;controls=1&#038;\" class=\"__youtube_prefs__  epyt-is-override  no-lazyload\" data-vol=\"50\"  title=\"YouTube player\"  allow=\"fullscreen; accelerometer; autoplay; clipboard-write; encrypted-media; gyroscope; picture-in-picture; web-share\" referrerpolicy=\"strict-origin-when-cross-origin\" allowfullscreen data-no-lazy=\"1\" data-skipgform_ajax_framebjll=\"\"><\/iframe><\/div>\n<\/div><\/figure>\n\n\n\n<p><strong>Acerca de Vulka<\/strong><\/p>\n\n\n\n<p>Julia Consolo, pianista, cantante, compositora y productora musical de 27 a\u00f1os, nacida en La Plata, provincia de Buenos Aires, Argentina, est\u00e1 a punto de presentar su nuevo proyecto musical, VULKA.<br>Desde temprana edad, Julia ha estado inmersa en el mundo de la m\u00fasica, comenzando sus estudios de piano a los 7 a\u00f1os y ampliando su formaci\u00f3n con clases de canto y danza. Su inter\u00e9s por la m\u00fasica la llev\u00f3 a estudiar producci\u00f3n musical de manera autodidacta y a continuar sus estudios en la Facultad de Artes de la UNLP.<\/p>\n\n\n<div class=\"wp-block-image\">\n<figure class=\"aligncenter size-full is-resized\"><img loading=\"lazy\" decoding=\"async\" width=\"1920\" height=\"1080\" src=\"https:\/\/entrenotasyacordes.com\/wp-content\/uploads\/2024\/09\/1ee.jpg\" alt=\"\" class=\"wp-image-11873\" style=\"width:644px;height:auto\" srcset=\"https:\/\/entrenotasyacordes.com\/wp-content\/uploads\/2024\/09\/1ee.jpg 1920w, https:\/\/entrenotasyacordes.com\/wp-content\/uploads\/2024\/09\/1ee-300x169.jpg 300w, https:\/\/entrenotasyacordes.com\/wp-content\/uploads\/2024\/09\/1ee-1024x576.jpg 1024w, https:\/\/entrenotasyacordes.com\/wp-content\/uploads\/2024\/09\/1ee-768x432.jpg 768w, https:\/\/entrenotasyacordes.com\/wp-content\/uploads\/2024\/09\/1ee-1536x864.jpg 1536w\" sizes=\"auto, (max-width: 1920px) 100vw, 1920px\" \/><\/figure>\n<\/div>\n\n\n<p>Durante los \u00faltimos a\u00f1os, ha trabajado como instrumentista en varios proyectos musicales, colaborando con artistas como Emiliano Augusto y Juan Baro. Esta experiencia le ha permitido perfeccionar su arte y acumular una valiosa experiencia en el escenario. Sin embargo, este a\u00f1o marca un nuevo cap\u00edtulo con el lanzamiento de VULKA, un proyecto musical caracterizado por sonidos sint\u00e9ticos y melod\u00edas cantadas que exploran la expresi\u00f3n humana, el tiempo presente y la naturaleza. VULKA combina Pop, Electr\u00f3nica y Rock en una propuesta que invita a la reflexi\u00f3n mientras mantiene un car\u00e1cter bailable, ofreciendo una experiencia que va m\u00e1s all\u00e1 del entretenimiento.<\/p>\n","protected":false},"excerpt":{"rendered":"","protected":false},"author":5,"featured_media":11872,"comment_status":"open","ping_status":"open","sticky":false,"template":"","format":"standard","meta":{"om_disable_all_campaigns":false,"_uf_show_specific_survey":0,"_uf_disable_surveys":false,"footnotes":""},"categories":[4],"tags":[],"class_list":["post-11871","post","type-post","status-publish","format-standard","has-post-thumbnail","hentry","category-musica"],"_links":{"self":[{"href":"https:\/\/entrenotasyacordes.com\/index.php?rest_route=\/wp\/v2\/posts\/11871","targetHints":{"allow":["GET"]}}],"collection":[{"href":"https:\/\/entrenotasyacordes.com\/index.php?rest_route=\/wp\/v2\/posts"}],"about":[{"href":"https:\/\/entrenotasyacordes.com\/index.php?rest_route=\/wp\/v2\/types\/post"}],"author":[{"embeddable":true,"href":"https:\/\/entrenotasyacordes.com\/index.php?rest_route=\/wp\/v2\/users\/5"}],"replies":[{"embeddable":true,"href":"https:\/\/entrenotasyacordes.com\/index.php?rest_route=%2Fwp%2Fv2%2Fcomments&post=11871"}],"version-history":[{"count":1,"href":"https:\/\/entrenotasyacordes.com\/index.php?rest_route=\/wp\/v2\/posts\/11871\/revisions"}],"predecessor-version":[{"id":11874,"href":"https:\/\/entrenotasyacordes.com\/index.php?rest_route=\/wp\/v2\/posts\/11871\/revisions\/11874"}],"wp:featuredmedia":[{"embeddable":true,"href":"https:\/\/entrenotasyacordes.com\/index.php?rest_route=\/wp\/v2\/media\/11872"}],"wp:attachment":[{"href":"https:\/\/entrenotasyacordes.com\/index.php?rest_route=%2Fwp%2Fv2%2Fmedia&parent=11871"}],"wp:term":[{"taxonomy":"category","embeddable":true,"href":"https:\/\/entrenotasyacordes.com\/index.php?rest_route=%2Fwp%2Fv2%2Fcategories&post=11871"},{"taxonomy":"post_tag","embeddable":true,"href":"https:\/\/entrenotasyacordes.com\/index.php?rest_route=%2Fwp%2Fv2%2Ftags&post=11871"}],"curies":[{"name":"wp","href":"https:\/\/api.w.org\/{rel}","templated":true}]}}