{"id":11878,"date":"2024-09-30T19:20:44","date_gmt":"2024-09-30T19:20:44","guid":{"rendered":"https:\/\/entrenotasyacordes.com\/?p=11878"},"modified":"2024-09-30T19:20:46","modified_gmt":"2024-09-30T19:20:46","slug":"mya-anuncia-nueva-funcion-de-su-tour-bn-2024","status":"publish","type":"post","link":"https:\/\/entrenotasyacordes.com\/?p=11878","title":{"rendered":"MYA ANUNCIA NUEVA FUNCI\u00d3N DE SU TOUR \u201cB&amp;N 2024\u201d"},"content":{"rendered":"\n<!--more-->\n\n\n<div class=\"wp-block-image\">\n<figure class=\"aligncenter size-full is-resized\"><img loading=\"lazy\" decoding=\"async\" width=\"2560\" height=\"2560\" src=\"https:\/\/entrenotasyacordes.com\/wp-content\/uploads\/2024\/09\/1g-1-scaled.jpg\" alt=\"\" class=\"wp-image-11879\" style=\"width:607px;height:auto\" srcset=\"https:\/\/entrenotasyacordes.com\/wp-content\/uploads\/2024\/09\/1g-1-scaled.jpg 2560w, https:\/\/entrenotasyacordes.com\/wp-content\/uploads\/2024\/09\/1g-1-300x300.jpg 300w, https:\/\/entrenotasyacordes.com\/wp-content\/uploads\/2024\/09\/1g-1-1024x1024.jpg 1024w, https:\/\/entrenotasyacordes.com\/wp-content\/uploads\/2024\/09\/1g-1-150x150.jpg 150w, https:\/\/entrenotasyacordes.com\/wp-content\/uploads\/2024\/09\/1g-1-768x768.jpg 768w, https:\/\/entrenotasyacordes.com\/wp-content\/uploads\/2024\/09\/1g-1-1536x1536.jpg 1536w, https:\/\/entrenotasyacordes.com\/wp-content\/uploads\/2024\/09\/1g-1-2048x2048.jpg 2048w, https:\/\/entrenotasyacordes.com\/wp-content\/uploads\/2024\/09\/1g-1-50x50.jpg 50w\" sizes=\"auto, (max-width: 2560px) 100vw, 2560px\" \/><\/figure>\n<\/div>\n\n\n<p class=\"has-text-align-left\"><strong>MYA\u00a0<\/strong>est\u00e1 listo para recorrer el pa\u00eds nuevamente, llevando su m\u00fasica a cada rinc\u00f3n y compartiendo con el p\u00fablico la esencia de su nuevo \u00e1lbum\u00a0<strong>\u201cBLANCO Y NEGRO\u201d<\/strong>\u00a0que saldr\u00e1 a mediados de octubre<\/p>\n\n\n\n<p class=\"has-text-align-center\"><strong>FECHAS TOUR \u201cB&amp;N 2024\u201d<\/strong><br>16\/11 &#8211; Rosario \u2013 Teatro Broadway \u2013 Venta con\u00a0<a href=\"https:\/\/click.emails.sonymusicfans.com\/?qs=59e39cf85437e5c91742d140d85b81e8e0e7c73a14c38fa29989cfd677a2b9f920b23be9abf326dbd8a5768f7121bf577084414227905849\">tuticket.com.ar<\/a><br>22\/11 C\u00f3rdoba \u2013 Club Atenas \u2013 Venta con\u00a0<a href=\"https:\/\/click.emails.sonymusicfans.com\/?qs=59e39cf85437e5c93de772efe67e22d7664e940ccc4e7c09ec29d4ba66b17c9b8da4f92e58b74f79a26157171418ea2ba008cf1ebb92d325\">edenentradas.com.ar<\/a><br>23\/11 Mendoza \u2013 Auditorio \u00c1ngel Bustelo \u2013 Venta con\u00a0<a href=\"https:\/\/click.emails.sonymusicfans.com\/?qs=59e39cf85437e5c98c059be796986a98c57fe60a39c698e430a7d949007dc39d9445105e448b84bf0107199248a4f48842f365f47b07d9e9\">Fullticket.com<\/a><br>30\/11 Tucum\u00e1n \u2013 Teatro Mercedes Sosa \u2013 Venta con\u00a0<a href=\"https:\/\/click.emails.sonymusicfans.com\/?qs=59e39cf85437e5c9f9ddf88e92c3a70f999c1e9a8ddda17cf2e4fdea18bdbbdc30cef7c8a4f336c3767e66c683557f940c70e390fd932302\">teatromercedessosa.com<\/a><br>01\/12 Salta \u2013 Teatro Provincial \u2013 Venta con\u00a0<a href=\"https:\/\/click.emails.sonymusicfans.com\/?qs=59e39cf85437e5c98c059be796986a98c57fe60a39c698e430a7d949007dc39d9445105e448b84bf0107199248a4f48842f365f47b07d9e9\">Fullticket.com<\/a><br>13\/12 BsAs \u2013 Teatro Gran Rex \u2013 Venta con\u00a0<u><a href=\"https:\/\/click.emails.sonymusicfans.com\/?qs=59e39cf85437e5c9ec4f643aee03c248d85d2e273c209751111ba9cbad2adbf21222a36376d7e00537deb8261b03b216f14e53d1245dd6cf\">Tuentrada.com<\/a><\/u><br>14\/12 &#8211; BsAs &#8211; Teatro Gran Rex\u00a0<s>\u00a0<\/s> Venta con <a href=\"https:\/\/vickyroapress.tr.pemsv20.net\/c\/eyJhIjoidmlja3lyb2FwcmVzcyIsIm0iOiJtYWlsX2NtMWw1dzZ2MjB3bnQwODQ1dndybnBubmoiLCJsIjoibGlua19hYmVhY2VhMzA0YjdmNGM2MDYzMTViODA5MDYzMjM4YTYxYjA1NGVmX2UzNzc3MSIsImkiOltdLCJ1IjoiaHR0cHM6Ly93d3cudHVlbnRyYWRhLmNvbS8_dXRtX3NvdXJjZT1wZXJmaXQmdXRtX21lZGl1bT1lbWFpbCZ1dG1fY2FtcGFpZ249bnVldmElMjBNWUElMjBUT1VSIiwiYyI6IiIsImgiOiI2OTFjNzgifQ\" target=\"_blank\" rel=\"noreferrer noopener\">Tuentrada.com\u00a0<\/a>-Nueva fecha\u00a0<\/p>\n\n\n\n<p class=\"has-text-align-left\"><strong>MYA<\/strong>\u00a0present\u00f3 su nuevo sencillo\u00a0<strong>\u201cSOY\u201d<\/strong>, este tema es el tercer adelanto de su esperado \u00e1lbum de estudio\u00a0<strong>\u201cBLANCO Y NEGRO\u201d,<\/strong>\u00a0cuyo lanzamiento ser\u00e1 en octubre de este a\u00f1o, seg\u00fan anunci\u00f3 el d\u00fao en sus redes.<\/p>\n\n\n\n<p class=\"has-text-align-left\">\u201cSOY\u201d es una canci\u00f3n que transmite un mensaje de autosuperaci\u00f3n y resiliencia. La letra refleja la idea de que somos el resultado de nuestras experiencias y decisiones, y que la suerte no define qui\u00e9nes somos. Con sonidos \u00e9picos, la canci\u00f3n celebra la capacidad de levantarse despu\u00e9s de caer y de empezar de nuevo. La vida es un camino lleno de desaf\u00edos, errores, fracasos, y todo eso forja nuestra identidad, aprendiendo y creciendo gracias a estas experiencias.<\/p>\n\n\n\n<p>El videoclip, dirigido por Seba Lynch, nos muestra im\u00e1genes de elementos rotos reconstruy\u00e9ndose, simbolizando las partes de nuestras vidas que se rompieron y que, a trav\u00e9s de esas roturas, nos permitieron ser lo que somos hoy. Toma como inspiraci\u00f3n el concepto de \u201cKintsugi\u201d, una t\u00e9cnica japonesa que significa \u201creparar con oro\u201d. Este m\u00e9todo de reparaci\u00f3n celebra la historia de cada objeto, enfatizando sus fracturas en lugar de ocultarlas. Al reconstruir las piezas con oro, se le da una nueva vida a la pieza, transform\u00e1ndola en una obra a\u00fan m\u00e1s bella que la original.<\/p>\n\n\n<div class=\"wp-block-image\">\n<figure class=\"aligncenter size-full is-resized\"><img loading=\"lazy\" decoding=\"async\" width=\"958\" height=\"638\" src=\"https:\/\/entrenotasyacordes.com\/wp-content\/uploads\/2024\/08\/5g.jpg\" alt=\"\" class=\"wp-image-10569\" style=\"width:607px;height:auto\" srcset=\"https:\/\/entrenotasyacordes.com\/wp-content\/uploads\/2024\/08\/5g.jpg 958w, https:\/\/entrenotasyacordes.com\/wp-content\/uploads\/2024\/08\/5g-300x200.jpg 300w, https:\/\/entrenotasyacordes.com\/wp-content\/uploads\/2024\/08\/5g-768x511.jpg 768w\" sizes=\"auto, (max-width: 958px) 100vw, 958px\" \/><figcaption class=\"wp-element-caption\"><strong>Ph: Aitor Fern\u00e1ndez<\/strong><\/figcaption><\/figure>\n<\/div>\n\n\n<p>Este nuevo single sigue la l\u00ednea art\u00edstica de sus lanzamientos anteriores,<a href=\"https:\/\/vickyroapress.tr.pemsv20.net\/c\/eyJhIjoidmlja3lyb2FwcmVzcyIsIm0iOiJtYWlsX2NtMWw1dzZ2MjB3bnQwODQ1dndybnBubmoiLCJsIjoibGlua182NDcxZThmYjdmMTkxZTkyMGYyNDI5ZTZiZTAzZGRhZTc5YzczZTZlXzUxODViOSIsImkiOltdLCJ1IjoiaHR0cHM6Ly9sbmsudG8vTVlBTHVuYXI_dXRtX3NvdXJjZT1wZXJmaXQmdXRtX21lZGl1bT1lbWFpbCZ1dG1fY2FtcGFpZ249bnVldmElMjBNWUElMjBUT1VSIiwiYyI6IiIsImgiOiJkMDFhYWQifQ\" target=\"_blank\" rel=\"noreferrer noopener\">\u00a0<\/a><strong><a href=\"https:\/\/vickyroapress.tr.pemsv20.net\/c\/eyJhIjoidmlja3lyb2FwcmVzcyIsIm0iOiJtYWlsX2NtMWw1dzZ2MjB3bnQwODQ1dndybnBubmoiLCJsIjoibGlua182NDcxZThmYjdmMTkxZTkyMGYyNDI5ZTZiZTAzZGRhZTc5YzczZTZlX2Y2YzZhYSIsImkiOltdLCJ1IjoiaHR0cHM6Ly9sbmsudG8vTVlBTHVuYXI_dXRtX3NvdXJjZT1wZXJmaXQmdXRtX21lZGl1bT1lbWFpbCZ1dG1fY2FtcGFpZ249bnVldmElMjBNWUElMjBUT1VSIiwiYyI6IiIsImgiOiJkMzAxNWQifQ\" target=\"_blank\" rel=\"noreferrer noopener\">\u201cLUNAR\u201d<\/a>\u00a0y\u00a0<a href=\"https:\/\/vickyroapress.tr.pemsv20.net\/c\/eyJhIjoidmlja3lyb2FwcmVzcyIsIm0iOiJtYWlsX2NtMWw1dzZ2MjB3bnQwODQ1dndybnBubmoiLCJsIjoibGlua18xMDk5ZTRlNGU2NDJiZWI1MTA3NWYzMWJmMzBhZTkxMmFmN2ZkODk1X2JmNWZlMiIsImkiOltdLCJ1IjoiaHR0cHM6Ly9sbmsudG8vRWxQcm9jZXNvP3V0bV9zb3VyY2U9cGVyZml0JnV0bV9tZWRpdW09ZW1haWwmdXRtX2NhbXBhaWduPW51ZXZhJTIwTVlBJTIwVE9VUiIsImMiOiIiLCJoIjoiNGQwNjJkIn0\" target=\"_blank\" rel=\"noreferrer noopener\">\u201cEL PROCESO\u201d<\/a><\/strong>, consolidando el estilo \u00fanico y emotivo de MYA.<\/p>\n","protected":false},"excerpt":{"rendered":"","protected":false},"author":5,"featured_media":11879,"comment_status":"open","ping_status":"open","sticky":false,"template":"","format":"standard","meta":{"om_disable_all_campaigns":false,"_uf_show_specific_survey":0,"_uf_disable_surveys":false,"footnotes":""},"categories":[36],"tags":[],"class_list":["post-11878","post","type-post","status-publish","format-standard","has-post-thumbnail","hentry","category-conciertos"],"_links":{"self":[{"href":"https:\/\/entrenotasyacordes.com\/index.php?rest_route=\/wp\/v2\/posts\/11878","targetHints":{"allow":["GET"]}}],"collection":[{"href":"https:\/\/entrenotasyacordes.com\/index.php?rest_route=\/wp\/v2\/posts"}],"about":[{"href":"https:\/\/entrenotasyacordes.com\/index.php?rest_route=\/wp\/v2\/types\/post"}],"author":[{"embeddable":true,"href":"https:\/\/entrenotasyacordes.com\/index.php?rest_route=\/wp\/v2\/users\/5"}],"replies":[{"embeddable":true,"href":"https:\/\/entrenotasyacordes.com\/index.php?rest_route=%2Fwp%2Fv2%2Fcomments&post=11878"}],"version-history":[{"count":1,"href":"https:\/\/entrenotasyacordes.com\/index.php?rest_route=\/wp\/v2\/posts\/11878\/revisions"}],"predecessor-version":[{"id":11880,"href":"https:\/\/entrenotasyacordes.com\/index.php?rest_route=\/wp\/v2\/posts\/11878\/revisions\/11880"}],"wp:featuredmedia":[{"embeddable":true,"href":"https:\/\/entrenotasyacordes.com\/index.php?rest_route=\/wp\/v2\/media\/11879"}],"wp:attachment":[{"href":"https:\/\/entrenotasyacordes.com\/index.php?rest_route=%2Fwp%2Fv2%2Fmedia&parent=11878"}],"wp:term":[{"taxonomy":"category","embeddable":true,"href":"https:\/\/entrenotasyacordes.com\/index.php?rest_route=%2Fwp%2Fv2%2Fcategories&post=11878"},{"taxonomy":"post_tag","embeddable":true,"href":"https:\/\/entrenotasyacordes.com\/index.php?rest_route=%2Fwp%2Fv2%2Ftags&post=11878"}],"curies":[{"name":"wp","href":"https:\/\/api.w.org\/{rel}","templated":true}]}}