{"id":11885,"date":"2024-09-30T19:34:48","date_gmt":"2024-09-30T19:34:48","guid":{"rendered":"https:\/\/entrenotasyacordes.com\/?p=11885"},"modified":"2024-09-30T19:34:49","modified_gmt":"2024-09-30T19:34:49","slug":"nico-lindblom-presenta-%c2%a8me-quedo-tan-solo%c2%a8","status":"publish","type":"post","link":"https:\/\/entrenotasyacordes.com\/?p=11885","title":{"rendered":"NICO LINDBLOM PRESENTA \u00a8ME QUEDO TAN SOLO\u00a8"},"content":{"rendered":"\n<!--more-->\n\n\n<div class=\"wp-block-image\">\n<figure class=\"aligncenter size-full is-resized\"><img loading=\"lazy\" decoding=\"async\" width=\"2560\" height=\"1925\" src=\"https:\/\/entrenotasyacordes.com\/wp-content\/uploads\/2024\/09\/1i-scaled.jpg\" alt=\"\" class=\"wp-image-11886\" style=\"width:503px;height:auto\" srcset=\"https:\/\/entrenotasyacordes.com\/wp-content\/uploads\/2024\/09\/1i-scaled.jpg 2560w, https:\/\/entrenotasyacordes.com\/wp-content\/uploads\/2024\/09\/1i-300x226.jpg 300w, https:\/\/entrenotasyacordes.com\/wp-content\/uploads\/2024\/09\/1i-1024x770.jpg 1024w, https:\/\/entrenotasyacordes.com\/wp-content\/uploads\/2024\/09\/1i-768x577.jpg 768w, https:\/\/entrenotasyacordes.com\/wp-content\/uploads\/2024\/09\/1i-1536x1155.jpg 1536w, https:\/\/entrenotasyacordes.com\/wp-content\/uploads\/2024\/09\/1i-2048x1540.jpg 2048w\" sizes=\"auto, (max-width: 2560px) 100vw, 2560px\" \/><\/figure>\n<\/div>\n\n\n<p>El artista platense&nbsp;<strong>Nico Lindblom<\/strong>&nbsp;est\u00e1 listo para presentar su m\u00e1s reciente single,<strong>&nbsp;\u00abMe quedo tan solo\u00bb, parte de su pr\u00f3ximo \u00e1lbum<\/strong>. Tras el desarrollo de sus anteriores trabajos, \u00abSesiones en Cuarentena\u00bb y \u00abCollage\u00bb, Nico contin\u00faa su evoluci\u00f3n art\u00edstica con un sonido que resalta la guitarra como protagonista indiscutible de su propuesta musical.<\/p>\n\n\n\n<p><strong>\u00abMe quedo tan solo\u00bb<\/strong>\u00a0encapsula la esencia del rock cl\u00e1sico de los 70s, con una sensibilidad contempor\u00e1nea. El tema se desliza mostrando a Nico como un frontman que domina la dualidad entre sutileza y potencia, llevando al oyente por un viaje sonoro que deja una marca profunda.<\/p>\n\n\n\n<p>Este lanzamiento promete consolidar a Nico Lindblom como una de las voces emergentes m\u00e1s intrigantes del rock alternativo, invitando a sus oyentes a un viaje musical que rinde tributo a las grandes leyendas de la guitarra, mientras encuadra su propio camino. \u00abMe quedo tan solo\u00bb es una potente declaraci\u00f3n de intenciones, y solo un adelanto de todo lo que tiene por ofrecer.<\/p>\n\n\n\n<figure class=\"wp-block-embed is-type-video is-provider-youtube wp-block-embed-youtube wp-embed-aspect-16-9 wp-has-aspect-ratio\"><div class=\"wp-block-embed__wrapper\">\n<div class=\"epyt-video-wrapper\"><iframe loading=\"lazy\"  id=\"_ytid_83515\"  width=\"640\" height=\"360\"  data-origwidth=\"640\" data-origheight=\"360\" src=\"https:\/\/www.youtube.com\/embed\/HawsIWkoBNw?enablejsapi=1&#038;autoplay=0&#038;cc_load_policy=0&#038;cc_lang_pref=&#038;iv_load_policy=1&#038;loop=0&#038;rel=1&#038;fs=1&#038;playsinline=0&#038;autohide=2&#038;theme=dark&#038;color=white&#038;controls=1&#038;\" class=\"__youtube_prefs__  epyt-is-override  no-lazyload\" data-vol=\"50\"  title=\"YouTube player\"  allow=\"fullscreen; accelerometer; autoplay; clipboard-write; encrypted-media; gyroscope; picture-in-picture; web-share\" referrerpolicy=\"strict-origin-when-cross-origin\" allowfullscreen data-no-lazy=\"1\" data-skipgform_ajax_framebjll=\"\"><\/iframe><\/div>\n<\/div><\/figure>\n\n\n\n<p><strong>Acerca de Nico Lindblom<\/strong><\/p>\n\n\n\n<p>Nico Lindblom es un artista de rock alternativo de La Plata que comienza su carrera como solista en 2021 con el lanzamiento de su primer EP: \u00abSesiones en Cuarentena\u00bb que lleg\u00f3 a o\u00eddos del youtuber Jaime Altozano, quien lo catapult\u00f3 en las redes sociales.<\/p>\n\n\n\n<p>A lo largo del 2023, Nico se present\u00f3 en diversas fechas en La Plata, Buenos Aires y Rosario para difundir sus lanzamientos y continuar con su proceso creativo que culmin\u00f3 en el \u00c1lbum \u00abCollage\u00bb lanzado el 31 de marzo del mismo a\u00f1o, que cuenta con m\u00e1s de 60.000 reproducciones actualmente solo en Spotify.<\/p>\n\n\n\n<p>Ha compartido producciones con Bersuit Vergarabat, Luna Sujatovich, Ticky Mago, etc. y es productor, compositor, instrumentista, ingeniero de mezcla y mastering.<\/p>\n\n\n\n<p>Nico se encuentra trabajando en la salida de pr\u00f3ximo \u00e1lbum.<\/p>\n\n\n<div class=\"wp-block-image\">\n<figure class=\"aligncenter size-full is-resized\"><img loading=\"lazy\" decoding=\"async\" width=\"2560\" height=\"1707\" src=\"https:\/\/entrenotasyacordes.com\/wp-content\/uploads\/2024\/09\/1ii-scaled.jpg\" alt=\"\" class=\"wp-image-11887\" style=\"width:644px;height:auto\" srcset=\"https:\/\/entrenotasyacordes.com\/wp-content\/uploads\/2024\/09\/1ii-scaled.jpg 2560w, https:\/\/entrenotasyacordes.com\/wp-content\/uploads\/2024\/09\/1ii-300x200.jpg 300w, https:\/\/entrenotasyacordes.com\/wp-content\/uploads\/2024\/09\/1ii-1024x683.jpg 1024w, https:\/\/entrenotasyacordes.com\/wp-content\/uploads\/2024\/09\/1ii-768x512.jpg 768w, https:\/\/entrenotasyacordes.com\/wp-content\/uploads\/2024\/09\/1ii-1536x1024.jpg 1536w, https:\/\/entrenotasyacordes.com\/wp-content\/uploads\/2024\/09\/1ii-2048x1365.jpg 2048w\" sizes=\"auto, (max-width: 2560px) 100vw, 2560px\" \/><\/figure>\n<\/div>\n\n\n<p><strong>Integrantes:<\/strong>&nbsp;<\/p>\n\n\n\n<p>Nico Lindblom (voz y guitarra)<br>Blas Espinel (bajo)\u00a0<br>Lucas Ozbetich (bater\u00eda)\u00a0<br>Mart\u00edn Pradas (teclas y coros)\u00a0<br>Jerem\u00edas Orcajo (guitarra y coros).<\/p>\n","protected":false},"excerpt":{"rendered":"","protected":false},"author":5,"featured_media":11886,"comment_status":"open","ping_status":"open","sticky":false,"template":"","format":"standard","meta":{"om_disable_all_campaigns":false,"_uf_show_specific_survey":0,"_uf_disable_surveys":false,"footnotes":""},"categories":[4],"tags":[],"class_list":["post-11885","post","type-post","status-publish","format-standard","has-post-thumbnail","hentry","category-musica"],"_links":{"self":[{"href":"https:\/\/entrenotasyacordes.com\/index.php?rest_route=\/wp\/v2\/posts\/11885","targetHints":{"allow":["GET"]}}],"collection":[{"href":"https:\/\/entrenotasyacordes.com\/index.php?rest_route=\/wp\/v2\/posts"}],"about":[{"href":"https:\/\/entrenotasyacordes.com\/index.php?rest_route=\/wp\/v2\/types\/post"}],"author":[{"embeddable":true,"href":"https:\/\/entrenotasyacordes.com\/index.php?rest_route=\/wp\/v2\/users\/5"}],"replies":[{"embeddable":true,"href":"https:\/\/entrenotasyacordes.com\/index.php?rest_route=%2Fwp%2Fv2%2Fcomments&post=11885"}],"version-history":[{"count":1,"href":"https:\/\/entrenotasyacordes.com\/index.php?rest_route=\/wp\/v2\/posts\/11885\/revisions"}],"predecessor-version":[{"id":11888,"href":"https:\/\/entrenotasyacordes.com\/index.php?rest_route=\/wp\/v2\/posts\/11885\/revisions\/11888"}],"wp:featuredmedia":[{"embeddable":true,"href":"https:\/\/entrenotasyacordes.com\/index.php?rest_route=\/wp\/v2\/media\/11886"}],"wp:attachment":[{"href":"https:\/\/entrenotasyacordes.com\/index.php?rest_route=%2Fwp%2Fv2%2Fmedia&parent=11885"}],"wp:term":[{"taxonomy":"category","embeddable":true,"href":"https:\/\/entrenotasyacordes.com\/index.php?rest_route=%2Fwp%2Fv2%2Fcategories&post=11885"},{"taxonomy":"post_tag","embeddable":true,"href":"https:\/\/entrenotasyacordes.com\/index.php?rest_route=%2Fwp%2Fv2%2Ftags&post=11885"}],"curies":[{"name":"wp","href":"https:\/\/api.w.org\/{rel}","templated":true}]}}