{"id":11889,"date":"2024-09-30T19:45:02","date_gmt":"2024-09-30T19:45:02","guid":{"rendered":"https:\/\/entrenotasyacordes.com\/?p=11889"},"modified":"2024-09-30T19:45:04","modified_gmt":"2024-09-30T19:45:04","slug":"los-caligaris-karina-tu-infeliz-nuevo-single-videoclip","status":"publish","type":"post","link":"https:\/\/entrenotasyacordes.com\/?p=11889","title":{"rendered":"LOS CALIGARIS &amp; KARINA \u00abTU INFELIZ\u00bb NUEVO SINGLE + VIDEOCLIP"},"content":{"rendered":"\n<!--more-->\n\n\n<div class=\"wp-block-image\">\n<figure class=\"aligncenter size-full is-resized\"><img loading=\"lazy\" decoding=\"async\" width=\"660\" height=\"660\" src=\"https:\/\/entrenotasyacordes.com\/wp-content\/uploads\/2024\/09\/1j.jpg\" alt=\"\" class=\"wp-image-11890\" style=\"width:503px;height:auto\" srcset=\"https:\/\/entrenotasyacordes.com\/wp-content\/uploads\/2024\/09\/1j.jpg 660w, https:\/\/entrenotasyacordes.com\/wp-content\/uploads\/2024\/09\/1j-300x300.jpg 300w, https:\/\/entrenotasyacordes.com\/wp-content\/uploads\/2024\/09\/1j-150x150.jpg 150w, https:\/\/entrenotasyacordes.com\/wp-content\/uploads\/2024\/09\/1j-50x50.jpg 50w\" sizes=\"auto, (max-width: 660px) 100vw, 660px\" \/><\/figure>\n<\/div>\n\n\n<p>Reci\u00e9n llegados de M\u00e9xico donde acaban de batir un nuevo r\u00e9cord agotando 13 Auditorios Nacionales reafirmando as\u00ed su gran presente en todo Latinoam\u00e9rica, y luego de su \u00faltimo lanzamiento \u00abHablar de Flores\u00bb junto a Coti que sin dudas fue un \u00e9xito, Los Caligaris editan una nueva canci\u00f3n y videoclip : \u00abTu Infeliz\u00bb. Se trata de una colaboraci\u00f3n junto a nada m\u00e1s y nada menos que Karina, referente absoluta de la cumbia en Argentina que nos representa en todo el mundo.<\/p>\n\n\n\n<p>Bajo la producci\u00f3n art\u00edstica de Mart\u00edn \u00abMoska\u00bb Lorenzo y Mariano Franceschelli de Los Aut\u00e9nticos Decadentes, fieles a su estilo, con una melod\u00eda irresistiblemente pegadiza, un ritmo totalmente contagioso y la voz y sello inconfundible de Karina, esta nueva canci\u00f3n se perfila como hit.&nbsp;<\/p>\n\n\n\n<p>Junto con el single se estrena tambi\u00e9n el videoclip dirigido por Balti S\u00e1nchez que describe a la perfecci\u00f3n esta historia de amor y desamor, donde predomina el color y la impronta del barrio.<\/p>\n\n\n<div class=\"wp-block-image\">\n<figure class=\"aligncenter size-full is-resized\"><img loading=\"lazy\" decoding=\"async\" width=\"640\" height=\"427\" src=\"https:\/\/entrenotasyacordes.com\/wp-content\/uploads\/2024\/09\/1jj.jpg\" alt=\"\" class=\"wp-image-11891\" style=\"width:644px;height:auto\" srcset=\"https:\/\/entrenotasyacordes.com\/wp-content\/uploads\/2024\/09\/1jj.jpg 640w, https:\/\/entrenotasyacordes.com\/wp-content\/uploads\/2024\/09\/1jj-300x200.jpg 300w\" sizes=\"auto, (max-width: 640px) 100vw, 640px\" \/><\/figure>\n<\/div>\n\n\n<p>Mientras tanto, Los Caligaris contin\u00faan con su gira \u00abPremios Caligaris &#8211; El Barrio de Gala\u00bb con fechas el 27 de septiembre en Sala de Las Artes, Rosario; el 28 en el festival \u00abVivimos M\u00fasica\u00bb en Buenos Aires; el 5 de octubre en el Quality Arena, C\u00f3rdoba; el 26 en el Arena Maip\u00fa, Mendoza; y el 27 en el Predio West, R\u00edo Cuarto.<\/p>\n\n\n\n<p>Posteriormente en octubre, la banda llega al Teatro Coliseo en Santiago, Chile, un espacio que cuenta con una capacidad para 2500 personas. Un show que sus fans chilenos vienen esperando con muchas ansias.&nbsp;<\/p>\n\n\n\n<p><strong>Pr\u00f3ximas Fechas:<\/strong><br>21\/9, Casilda, Santa F\u00e9, Argentina.<br>27\/9, Sala de las Artes, Rosario, Argentina.<br>28\/9, Festival \u00abVivimos M\u00fasica\u00bb, Buenos Aires, Argentina.<\/p>\n\n\n\n<p>5\/10, Quality Arena, C\u00f3rdoba, Argentina.<br>19\/10, Centro de Eventos Centauro Medell\u00edn, Colombia.<br>25\/10, Teatro Coliseo, Chile.<br>26\/10, Arena Maip\u00fa, Mendoza, Argentina.<br>27\/10 Predio West, R\u00edo Cuarto, Argentina.<\/p>\n","protected":false},"excerpt":{"rendered":"","protected":false},"author":5,"featured_media":11890,"comment_status":"open","ping_status":"open","sticky":false,"template":"","format":"standard","meta":{"om_disable_all_campaigns":false,"_uf_show_specific_survey":0,"_uf_disable_surveys":false,"footnotes":""},"categories":[4],"tags":[],"class_list":["post-11889","post","type-post","status-publish","format-standard","has-post-thumbnail","hentry","category-musica"],"_links":{"self":[{"href":"https:\/\/entrenotasyacordes.com\/index.php?rest_route=\/wp\/v2\/posts\/11889","targetHints":{"allow":["GET"]}}],"collection":[{"href":"https:\/\/entrenotasyacordes.com\/index.php?rest_route=\/wp\/v2\/posts"}],"about":[{"href":"https:\/\/entrenotasyacordes.com\/index.php?rest_route=\/wp\/v2\/types\/post"}],"author":[{"embeddable":true,"href":"https:\/\/entrenotasyacordes.com\/index.php?rest_route=\/wp\/v2\/users\/5"}],"replies":[{"embeddable":true,"href":"https:\/\/entrenotasyacordes.com\/index.php?rest_route=%2Fwp%2Fv2%2Fcomments&post=11889"}],"version-history":[{"count":1,"href":"https:\/\/entrenotasyacordes.com\/index.php?rest_route=\/wp\/v2\/posts\/11889\/revisions"}],"predecessor-version":[{"id":11892,"href":"https:\/\/entrenotasyacordes.com\/index.php?rest_route=\/wp\/v2\/posts\/11889\/revisions\/11892"}],"wp:featuredmedia":[{"embeddable":true,"href":"https:\/\/entrenotasyacordes.com\/index.php?rest_route=\/wp\/v2\/media\/11890"}],"wp:attachment":[{"href":"https:\/\/entrenotasyacordes.com\/index.php?rest_route=%2Fwp%2Fv2%2Fmedia&parent=11889"}],"wp:term":[{"taxonomy":"category","embeddable":true,"href":"https:\/\/entrenotasyacordes.com\/index.php?rest_route=%2Fwp%2Fv2%2Fcategories&post=11889"},{"taxonomy":"post_tag","embeddable":true,"href":"https:\/\/entrenotasyacordes.com\/index.php?rest_route=%2Fwp%2Fv2%2Ftags&post=11889"}],"curies":[{"name":"wp","href":"https:\/\/api.w.org\/{rel}","templated":true}]}}