{"id":11893,"date":"2024-09-30T19:52:02","date_gmt":"2024-09-30T19:52:02","guid":{"rendered":"https:\/\/entrenotasyacordes.com\/?p=11893"},"modified":"2024-09-30T19:52:04","modified_gmt":"2024-09-30T19:52:04","slug":"axel-anuncia-nueva-funcion-2-de-noviembre-teatro-opera","status":"publish","type":"post","link":"https:\/\/entrenotasyacordes.com\/?p=11893","title":{"rendered":"AXEL ANUNCIA NUEVA FUNCI\u00d3N | 2 de noviembre Teatro \u00d3pera"},"content":{"rendered":"\n<!--more-->\n\n\n\n<p class=\"has-text-align-left\"><strong>Por entradas agotadas se suma una nueva funci\u00f3n en el Teatro \u00d3pera para el s\u00e1bado 2 de noviembre. Estas presentaciones forman parte del \u201c25 Tour\u201d con el que celebrar\u00e1 sus 25 a\u00f1os de carrera.<\/strong><\/p>\n\n\n\n<p><em>Tickets a la venta a partir de hoy a las 12pm\u00a0\u00fanicamente en\u00a0<a href=\"http:\/\/www.ticketek.com.ar\/\" target=\"_blank\" rel=\"noreferrer noopener\"><strong>www.ticketek.com.ar<\/strong><\/a><\/em><\/p>\n\n\n<div class=\"wp-block-image\">\n<figure class=\"aligncenter size-full is-resized\"><img loading=\"lazy\" decoding=\"async\" width=\"851\" height=\"1064\" src=\"https:\/\/entrenotasyacordes.com\/wp-content\/uploads\/2024\/09\/9c.jpg\" alt=\"\" class=\"wp-image-11224\" style=\"width:607px;height:auto\" srcset=\"https:\/\/entrenotasyacordes.com\/wp-content\/uploads\/2024\/09\/9c.jpg 851w, https:\/\/entrenotasyacordes.com\/wp-content\/uploads\/2024\/09\/9c-240x300.jpg 240w, https:\/\/entrenotasyacordes.com\/wp-content\/uploads\/2024\/09\/9c-819x1024.jpg 819w, https:\/\/entrenotasyacordes.com\/wp-content\/uploads\/2024\/09\/9c-768x960.jpg 768w\" sizes=\"auto, (max-width: 851px) 100vw, 851px\" \/><\/figure>\n<\/div>\n\n\n<p class=\"has-text-align-left\">Por entradas agotadas,\u00a0<strong>Axel\u00a0<\/strong>anuncia una nueva funci\u00f3n en el Teatro \u00d3pera, para el s\u00e1bado 2 de noviembre. Las entradas estar\u00e1n a la venta a partir de hoy a las 12pm \u00fanicamente por\u00a0<a href=\"http:\/\/www.ticketek.com.ar\/\" target=\"_blank\" rel=\"noreferrer noopener\">www.ticketek.com.ar<\/a>. Estas presentaciones forman parte del\u00a0<strong>\u201c25 Tour\u201d<\/strong>\u00a0con el que recorrer\u00e1 el pa\u00eds para celebrar sus\u00a0<strong>25 a\u00f1os de carrera<\/strong>. En esta primera etapa tambi\u00e9n llegar\u00e1 a\u00a0<strong>Rosario\u00a0<\/strong>el<strong>\u00a0<\/strong>29 de noviembre en el Teatro Broadway y a\u00a0<strong>C\u00f3rdoba\u00a0<\/strong>el 30 de noviembre en Quality Espacio.\u00a0<\/p>\n\n\n\n<p class=\"has-text-align-left\">Tras cerrar el 2023 con un concierto a sala llena en el Estadio Luna Park,&nbsp;<strong>Axel<\/strong>&nbsp;confirma esta primera etapa de la gira que se extender\u00e1 a lo largo del 2025 por varios escenarios de Argentina y Latinoam\u00e9rica. Ser\u00e1 una oportunidad para festejar con su p\u00fablico su camino con la m\u00fasica, con un repertorio que recorrer\u00e1 toda su historia: desde sus comienzos, con innumerables \u00e9xitos como \u201cAmo\u201d, \u201cTu amor por siempre\u201d, \u201cCelebra la vida\u201d, entre muchos, hasta los m\u00e1s recientes temas que formar\u00e1n parte de su pr\u00f3ximo disco y ser\u00e1n presentados por primera vez en vivo.&nbsp;<\/p>\n\n\n\n<p class=\"has-text-align-left\">Hace un mes present\u00f3 su single y videoclip\u00a0<strong>\u00abEl motivo\u00bb<\/strong>, un adelanto de lo que ser\u00e1 su nuevo \u00e1lbum\u00a0<strong>\u00abVuelve\u00bb<\/strong>\u00a0que saldr\u00e1 a la venta el 16 de octubre. Coescrita junto al renombrado escritor cubano\u00a0<strong>Alexis D\u00edaz Pimienta\u00a0<\/strong>que ha trabajado con gigantes de la m\u00fasica como\u00a0<strong>Jorge Drexler<\/strong>,\u00a0<strong>Juanes<\/strong>\u00a0y\u00a0<strong>Natalia Lafourcade<\/strong>,\u00a0<strong>\u00abEl motivo\u00bb<\/strong>\u00a0se destaca como una creaci\u00f3n \u00fanica en la carrera de Axel. Impulsado por su amigo y colega Jorge Drexler, el artista se aventura por primera vez en el uso de\u00a0<strong>d\u00e9cimas<\/strong>, una estructura musical que ha perdurado a lo largo de los siglos y este a\u00f1o celebra un hito especial: los 400 a\u00f1os de la muerte de su creador,\u00a0<strong>Vicente Espinel<\/strong>.<\/p>\n\n\n\n<p><em>\u201cEl Motivo no es solo una canci\u00f3n para m\u00ed, es un desahogo, es descubrirme, es aceptarme y reconocerme vulnerable. Es abrazar mi soledad y mis momentos dif\u00edciles, bucear entre las emociones profundas: l\u00e1grimas, dolor, tristezas. \u00a1Y a todo eso ponerle ESPERANZA! Fueron momentos donde me permit\u00ed estar deprimido, abatido, perdiendo el sentido de la vida, donde me vi reflejado en muchas personas pasando por lo mismo. Me reconoc\u00ed en otros ojos y me encontr\u00e9 en otras historias, historias ajenas y lejanas\u201d. Entend\u00ed que todo el mundo alguna vez pasa por un \u201cpozo ciego\u201d, pero llegar\u00e1 alguien que \u201csanar\u00e1 tu alma herida\u201d (Axel)<\/em><\/p>\n\n\n\n<p>El video de este tema sorprendi\u00f3 al p\u00fablico por el impacto de las im\u00e1genes:\u00a0<strong>Axel\u00a0<\/strong>sentado arriba de su piano en altura, con la ciudad de Buenos Aires en un d\u00eda gris de fondo, una met\u00e1fora de lo que el artista quer\u00eda transmitir con la canci\u00f3n.\u00a0<\/p>\n\n\n\n<p class=\"has-text-align-left\"><em>\u201cEsta situaci\u00f3n tambi\u00e9n simboliza lo que te saca de la depresi\u00f3n en un d\u00eda nublado en Buenos Aires, cuando la ciudad se oscurece por completo. El motivo es encontrar aquello que te impulsa hacia adelante. Aunque el d\u00eda est\u00e9 gris, siempre hay algo que te hace feliz. Para Axel y para m\u00ed, ese \u00absolcito\u00bb es la m\u00fasica, y eso se refleja en su arte\u201d<\/em>\u00a0(Gonxalo Alipaz, director del video)<\/p>\n\n\n<div class=\"wp-block-image\">\n<figure class=\"aligncenter size-full is-resized\"><img loading=\"lazy\" decoding=\"async\" width=\"880\" height=\"880\" src=\"https:\/\/entrenotasyacordes.com\/wp-content\/uploads\/2024\/09\/1jjj.png\" alt=\"\" class=\"wp-image-11894\" style=\"width:607px;height:auto\" srcset=\"https:\/\/entrenotasyacordes.com\/wp-content\/uploads\/2024\/09\/1jjj.png 880w, https:\/\/entrenotasyacordes.com\/wp-content\/uploads\/2024\/09\/1jjj-300x300.png 300w, https:\/\/entrenotasyacordes.com\/wp-content\/uploads\/2024\/09\/1jjj-150x150.png 150w, https:\/\/entrenotasyacordes.com\/wp-content\/uploads\/2024\/09\/1jjj-768x768.png 768w, https:\/\/entrenotasyacordes.com\/wp-content\/uploads\/2024\/09\/1jjj-50x50.png 50w\" sizes=\"auto, (max-width: 880px) 100vw, 880px\" \/><\/figure>\n<\/div>\n\n\n<p><strong><br>MIRA EL VIDEO CLIP DE \u201cEL MOTIVO\u201d&nbsp;<\/strong><a href=\"https:\/\/www.youtube.com\/watch?v=UCZ-kDKgwME\" target=\"_blank\" rel=\"noreferrer noopener\"><strong>AQU\u00cd<\/strong><\/a><\/p>\n\n\n\n<p><strong>Axel presenta&nbsp;<\/strong><strong>\u201c25 TOUR\u201d<\/strong><\/p>\n\n\n\n<p><strong>1 de noviembre \u2013&nbsp;<\/strong><strong>SOLD OUT&nbsp;&nbsp;<\/strong><\/p>\n\n\n\n<p><strong>2 de noviembre &#8211; NUEVA FUNCI\u00d3N<\/strong><br><a href=\"https:\/\/www.ticketek.com.ar\/axel\/teatro-opera\">https:\/\/www.ticketek.com.ar\/axel\/teatro-opera<\/a><\/p>\n\n\n\n<p><strong>29 DE NOVIEMBRE |ROSARIO<br><\/strong><a href=\"https:\/\/www.tuticket.com.ar\/1738-axel\" target=\"_blank\" rel=\"noreferrer noopener\">https:\/\/www.tuticket.com.ar\/1738-axel<\/a><\/p>\n\n\n\n<p><strong>30 DE NOVIEMBRE | CORDOBA<br><\/strong><a href=\"https:\/\/www.ticketek.com.ar\/axel\/quality-espacio\" target=\"_blank\" rel=\"noreferrer noopener\">https:\/\/www.ticketek.com.ar\/axel\/quality-espacio<\/a><\/p>\n\n\n\n<p class=\"has-text-align-left\"><strong><em>Sobre Axel<\/em><\/strong><\/p>\n\n\n\n<p class=\"has-text-align-left\">Axel inici\u00f3 su camino en la m\u00fasica en 1999 con el disco \u201cLa clave para conquistarte\u201d aunque fue con su tema \u201cAmo\u201d, que lleg\u00f3 a los primeros puestos de los rankings radiales de Argentina y Latinoam\u00e9rica. En 2005 se edit\u00f3 \u201cHoy\u201d, un \u00e1lbum que inclu\u00eda \u201cMiradas\u201d, \u201cTu amor por siempre\u201d y \u201cQue est\u00e1s buscando\u201d. En 2007 se lanza \u201cUniverso\u201d. El primer corte, \u201cCelebra la vida\u201d se transforma en un himno esperanzador que trasciende las fronteras y se dispersa por todos los pa\u00edses de habla hispana.&nbsp; En 2011 lanza el tema \u201cTe Voy a Amar\u201d adelanto de su disco \u201cUn Nuevo Sol\u201d que se convirti\u00f3 en disco de oro y platino el mismo d\u00eda de su salida.&nbsp; En 2015 fue el m\u00e1ximo ganador en la entrega de los Premios Gardel, logrando la estatuilla en las categor\u00edas \u201cMejor \u00e1lbum masculino Pop\u201d y \u201c\u00c1lbum del A\u00f1o\u201d por su disco \u201cTus ojos, mis ojos\u201d, \u201cCanci\u00f3n del A\u00f1o\u201d por su tema \u201cAfinidad\u201d, adem\u00e1s de llevarse el Gardel de Oro por Artista del A\u00f1o. En 2017 volvi\u00f3 a ganar en la categor\u00eda Canci\u00f3n del a\u00f1o con su single \u201cAire\u201d. Por este trabajo fue nominado por primera vez en los Premios Grammy Latinos. A lo largo de estos a\u00f1os grab\u00f3 temas con Ha*Ash, Dani Martin, Becky G, Vanesa Martin, Soledad, Abel Pintos y ha cantado junto a Serrat, Juanes, Alejandro Sanz, Sin Bandera, Carlos Vives, Andr\u00e9s Cepeda, entre otros.&nbsp; Este 2024 regresa con nuevo material; \u201cVuelve\u201d. Con una trayectoria que ya lleva 25 a\u00f1os, Axel es hoy en d\u00eda uno de los cantautores argentinos m\u00e1s reconocidos en Iberoam\u00e9rica.<\/p>\n","protected":false},"excerpt":{"rendered":"","protected":false},"author":5,"featured_media":11224,"comment_status":"open","ping_status":"open","sticky":false,"template":"","format":"standard","meta":{"om_disable_all_campaigns":false,"_uf_show_specific_survey":0,"_uf_disable_surveys":false,"footnotes":""},"categories":[36],"tags":[],"class_list":["post-11893","post","type-post","status-publish","format-standard","has-post-thumbnail","hentry","category-conciertos"],"_links":{"self":[{"href":"https:\/\/entrenotasyacordes.com\/index.php?rest_route=\/wp\/v2\/posts\/11893","targetHints":{"allow":["GET"]}}],"collection":[{"href":"https:\/\/entrenotasyacordes.com\/index.php?rest_route=\/wp\/v2\/posts"}],"about":[{"href":"https:\/\/entrenotasyacordes.com\/index.php?rest_route=\/wp\/v2\/types\/post"}],"author":[{"embeddable":true,"href":"https:\/\/entrenotasyacordes.com\/index.php?rest_route=\/wp\/v2\/users\/5"}],"replies":[{"embeddable":true,"href":"https:\/\/entrenotasyacordes.com\/index.php?rest_route=%2Fwp%2Fv2%2Fcomments&post=11893"}],"version-history":[{"count":1,"href":"https:\/\/entrenotasyacordes.com\/index.php?rest_route=\/wp\/v2\/posts\/11893\/revisions"}],"predecessor-version":[{"id":11895,"href":"https:\/\/entrenotasyacordes.com\/index.php?rest_route=\/wp\/v2\/posts\/11893\/revisions\/11895"}],"wp:featuredmedia":[{"embeddable":true,"href":"https:\/\/entrenotasyacordes.com\/index.php?rest_route=\/wp\/v2\/media\/11224"}],"wp:attachment":[{"href":"https:\/\/entrenotasyacordes.com\/index.php?rest_route=%2Fwp%2Fv2%2Fmedia&parent=11893"}],"wp:term":[{"taxonomy":"category","embeddable":true,"href":"https:\/\/entrenotasyacordes.com\/index.php?rest_route=%2Fwp%2Fv2%2Fcategories&post=11893"},{"taxonomy":"post_tag","embeddable":true,"href":"https:\/\/entrenotasyacordes.com\/index.php?rest_route=%2Fwp%2Fv2%2Ftags&post=11893"}],"curies":[{"name":"wp","href":"https:\/\/api.w.org\/{rel}","templated":true}]}}