{"id":11907,"date":"2024-09-30T23:11:27","date_gmt":"2024-09-30T23:11:27","guid":{"rendered":"https:\/\/entrenotasyacordes.com\/?p=11907"},"modified":"2024-09-30T23:11:28","modified_gmt":"2024-09-30T23:11:28","slug":"joss-stone-regreso-a-argentina-para-celebrar-su-nuevo-tour-ellipsis-%f0%9f%94%a5","status":"publish","type":"post","link":"https:\/\/entrenotasyacordes.com\/?p=11907","title":{"rendered":"Joss Stone regres\u00f3 a Argentina para celebrar su nuevo Tour Ellipsis \ud83d\udd25"},"content":{"rendered":"\n<!--more-->\n\n\n\n<p>A dos a\u00f1os de su \u00faltimo desembarco en Argentina, la cantante y compositora brit\u00e1nica, Joss Stone regres\u00f3 para celebrar su nuevo Tour Ellipsis y confirmar su idilio con el p\u00fablico argentino.<\/p>\n\n\n\n<p>La reina del soul logr\u00f3 conmover, una vez m\u00e1s, a sus seguidores, que la esperaban ansiosos, luego de su \u00faltima visita. Y ella no los defraud\u00f3, porque nunca defrauda. Le bastaron 10 minutos del comienzo del show para bajar del escenario, mezclarse con su p\u00fablico para cantar su hit \u201cS\u00faper Duper Love\u201d de su \u00e1lbum debut, y sentir de cerca el calor y amor con el que la esperaban.<\/p>\n\n\n\n<p>Las manos no alcanzaron para aplaudirla a ella y a todos sus m\u00fasicos que regalaron m\u00fasica de deleite para los o\u00eddos en tiempos donde todo es y suena igual\u2026 ellos marcaron una notoria diferencia.<\/p>\n\n\n\n<p>Due\u00f1a de una talento y carisma sin igual, Joss brind\u00f3 un repaso por su carrera, sumando reconocidos covers y una muestra de su nuevo material que ver\u00e1 luz dentro de poco.<\/p>\n\n\n\n<p>Un tel\u00f3n de fondo con s\u00edmbolos de Paz, amor, naturaleza y libertad, intervenido por un batik psicod\u00e9lico y acompa\u00f1ada por su banda con tres coristas, junto a su impecable repertorio de m\u00fasica, donde camin\u00f3 por soul, disco y reggae, evidenciando su gran versatilidad y como antesala a lo que ven\u00eda para el final del concierto.<\/p>\n\n\n\n<p>Para llevar el final a un perfecto cl\u00edmax con \u201cRigh to be wrong\u201d, y enfundada con la bandera Argentina, Joss, se emocion\u00f3 al ver los carteles de sus seguidores con la frase \u201ctu m\u00fasica nos inspira\u201d y finaliz\u00f3 con l\u00e1grimas en los ojos y un \u201cTe amo, te amo, te amo\u201d, en perfecto espa\u00f1ol, para luego regalar flores a su gente en una noche inolvidable para todos los presentes.<\/p>\n\n\n\n<p>\u270d\ufe0f\u00a0<a href=\"https:\/\/www.instagram.com\/melodyluceropr1\/\">@melodyluceropr1<\/a><br>\ud83d\udcf8\u00a0<a href=\"https:\/\/www.instagram.com\/moveconcertsarg\/\">@moveconcertsarg<\/a><\/p>\n\n\n\n<figure class=\"wp-block-gallery has-nested-images columns-default is-cropped wp-block-gallery-1 is-layout-flex wp-block-gallery-is-layout-flex\">\n<figure class=\"wp-block-image size-large\"><img loading=\"lazy\" decoding=\"async\" width=\"1024\" height=\"682\" data-id=\"11933\" src=\"https:\/\/entrenotasyacordes.com\/wp-content\/uploads\/2024\/09\/MOVE_JOSS_STONE_-59-1024x682.jpeg\" alt=\"\" class=\"wp-image-11933\" srcset=\"https:\/\/entrenotasyacordes.com\/wp-content\/uploads\/2024\/09\/MOVE_JOSS_STONE_-59-1024x682.jpeg 1024w, https:\/\/entrenotasyacordes.com\/wp-content\/uploads\/2024\/09\/MOVE_JOSS_STONE_-59-300x200.jpeg 300w, https:\/\/entrenotasyacordes.com\/wp-content\/uploads\/2024\/09\/MOVE_JOSS_STONE_-59-768x511.jpeg 768w, https:\/\/entrenotasyacordes.com\/wp-content\/uploads\/2024\/09\/MOVE_JOSS_STONE_-59-1536x1023.jpeg 1536w, https:\/\/entrenotasyacordes.com\/wp-content\/uploads\/2024\/09\/MOVE_JOSS_STONE_-59-2048x1364.jpeg 2048w\" sizes=\"auto, (max-width: 1024px) 100vw, 1024px\" \/><\/figure>\n\n\n\n<figure class=\"wp-block-image size-large\"><img loading=\"lazy\" decoding=\"async\" width=\"819\" height=\"1024\" data-id=\"11931\" src=\"https:\/\/entrenotasyacordes.com\/wp-content\/uploads\/2024\/09\/Publicaciones-Verticales-Dividida-15-819x1024.png\" alt=\"\" class=\"wp-image-11931\" srcset=\"https:\/\/entrenotasyacordes.com\/wp-content\/uploads\/2024\/09\/Publicaciones-Verticales-Dividida-15-819x1024.png 819w, https:\/\/entrenotasyacordes.com\/wp-content\/uploads\/2024\/09\/Publicaciones-Verticales-Dividida-15-240x300.png 240w, https:\/\/entrenotasyacordes.com\/wp-content\/uploads\/2024\/09\/Publicaciones-Verticales-Dividida-15-768x960.png 768w, https:\/\/entrenotasyacordes.com\/wp-content\/uploads\/2024\/09\/Publicaciones-Verticales-Dividida-15-1024x1280.png 1024w, https:\/\/entrenotasyacordes.com\/wp-content\/uploads\/2024\/09\/Publicaciones-Verticales-Dividida-15.png 1080w\" sizes=\"auto, (max-width: 819px) 100vw, 819px\" \/><\/figure>\n\n\n\n<figure class=\"wp-block-image size-large\"><img loading=\"lazy\" decoding=\"async\" width=\"824\" height=\"1024\" data-id=\"11932\" src=\"https:\/\/entrenotasyacordes.com\/wp-content\/uploads\/2024\/09\/94C26E19-C1AE-4A33-881F-D8FB0E9B9545-824x1024.jpg\" alt=\"\" class=\"wp-image-11932\" srcset=\"https:\/\/entrenotasyacordes.com\/wp-content\/uploads\/2024\/09\/94C26E19-C1AE-4A33-881F-D8FB0E9B9545-824x1024.jpg 824w, https:\/\/entrenotasyacordes.com\/wp-content\/uploads\/2024\/09\/94C26E19-C1AE-4A33-881F-D8FB0E9B9545-241x300.jpg 241w, https:\/\/entrenotasyacordes.com\/wp-content\/uploads\/2024\/09\/94C26E19-C1AE-4A33-881F-D8FB0E9B9545-768x954.jpg 768w, https:\/\/entrenotasyacordes.com\/wp-content\/uploads\/2024\/09\/94C26E19-C1AE-4A33-881F-D8FB0E9B9545-1236x1536.jpg 1236w, https:\/\/entrenotasyacordes.com\/wp-content\/uploads\/2024\/09\/94C26E19-C1AE-4A33-881F-D8FB0E9B9545-1024x1272.jpg 1024w, https:\/\/entrenotasyacordes.com\/wp-content\/uploads\/2024\/09\/94C26E19-C1AE-4A33-881F-D8FB0E9B9545.jpg 1440w\" sizes=\"auto, (max-width: 824px) 100vw, 824px\" \/><\/figure>\n<\/figure>\n\n\n\n<p><\/p>\n","protected":false},"excerpt":{"rendered":"","protected":false},"author":5,"featured_media":11930,"comment_status":"open","ping_status":"open","sticky":false,"template":"","format":"standard","meta":{"om_disable_all_campaigns":false,"_uf_show_specific_survey":0,"_uf_disable_surveys":false,"footnotes":""},"categories":[7],"tags":[],"class_list":["post-11907","post","type-post","status-publish","format-standard","has-post-thumbnail","hentry","category-coberturas"],"_links":{"self":[{"href":"https:\/\/entrenotasyacordes.com\/index.php?rest_route=\/wp\/v2\/posts\/11907","targetHints":{"allow":["GET"]}}],"collection":[{"href":"https:\/\/entrenotasyacordes.com\/index.php?rest_route=\/wp\/v2\/posts"}],"about":[{"href":"https:\/\/entrenotasyacordes.com\/index.php?rest_route=\/wp\/v2\/types\/post"}],"author":[{"embeddable":true,"href":"https:\/\/entrenotasyacordes.com\/index.php?rest_route=\/wp\/v2\/users\/5"}],"replies":[{"embeddable":true,"href":"https:\/\/entrenotasyacordes.com\/index.php?rest_route=%2Fwp%2Fv2%2Fcomments&post=11907"}],"version-history":[{"count":1,"href":"https:\/\/entrenotasyacordes.com\/index.php?rest_route=\/wp\/v2\/posts\/11907\/revisions"}],"predecessor-version":[{"id":11934,"href":"https:\/\/entrenotasyacordes.com\/index.php?rest_route=\/wp\/v2\/posts\/11907\/revisions\/11934"}],"wp:featuredmedia":[{"embeddable":true,"href":"https:\/\/entrenotasyacordes.com\/index.php?rest_route=\/wp\/v2\/media\/11930"}],"wp:attachment":[{"href":"https:\/\/entrenotasyacordes.com\/index.php?rest_route=%2Fwp%2Fv2%2Fmedia&parent=11907"}],"wp:term":[{"taxonomy":"category","embeddable":true,"href":"https:\/\/entrenotasyacordes.com\/index.php?rest_route=%2Fwp%2Fv2%2Fcategories&post=11907"},{"taxonomy":"post_tag","embeddable":true,"href":"https:\/\/entrenotasyacordes.com\/index.php?rest_route=%2Fwp%2Fv2%2Ftags&post=11907"}],"curies":[{"name":"wp","href":"https:\/\/api.w.org\/{rel}","templated":true}]}}