{"id":11908,"date":"2024-09-30T23:16:11","date_gmt":"2024-09-30T23:16:11","guid":{"rendered":"https:\/\/entrenotasyacordes.com\/?p=11908"},"modified":"2024-09-30T23:16:13","modified_gmt":"2024-09-30T23:16:13","slug":"laura-esquivel-desplego-todo-su-talento-en-la-trastienda%f0%9f%94%a5","status":"publish","type":"post","link":"https:\/\/entrenotasyacordes.com\/?p=11908","title":{"rendered":"Laura Esquivel despleg\u00f3 todo su talento en La Trastienda\ud83d\udd25"},"content":{"rendered":"\n<!--more-->\n\n\n\n<p>La cantante argentina despleg\u00f3 todo su talento, en una noche inolvidable en La Trastienda, donde present\u00f3 su primer \u00e1lbum rodeada de familiares, amigos y fans.<\/p>\n\n\n\n<p>\u2028La noche comenz\u00f3 con \u201cYa no me duele\u201d y \u201cUn d\u00eda a la vez\u201d, que fueron coreadas por el p\u00fablico. Tambi\u00e9n aprovech\u00f3 la oportunidad para rendir homenaje a las canciones que marcaron su carrera, como \u201cMy Heart Will Go On\u201d de Celine Dion y \u201cI Will Always Love You\u201d de Whitney Houston.<\/p>\n\n\n\n<p>\u2028Por supuesto, la noche no estar\u00eda completa sin rendir homenaje a su etapa en \u201cPatito Feo\u201d. En un formato ac\u00fastico \u00edntimo, Laura deleit\u00f3 al p\u00fablico con versiones de las queridas canciones \u201cY Ahora qu\u00e9\u201d y \u201cSue\u00f1o de amor\u201d, dos de los himnos que definieron su paso por la serie.&nbsp;<\/p>\n\n\n\n<p>\u2028El show cont\u00f3 adem\u00e1s con la participaci\u00f3n de dos artistas invitados. Nico Zuvir\u00eda se uni\u00f3 a Laura para interpretar \u201cQu\u00e9date\u201d, un tema que en el disco fue grabado junto a Nahuel Pennisi. M\u00e1s tarde, Daniela Herrero subi\u00f3 al escenario para cantar a d\u00fao \u201cC\u00f3mo te explico\u201d y \u201cS\u00f3lo tus canciones\u201d, creando uno de los momentos m\u00e1s emotivos de la noche.<\/p>\n\n\n\n<p>\u2028Antes de finalizar, su m\u00e1gica voz interpret\u00f3 uno de los temas que hoy m\u00e1s la representa, \u201cGirasol\u201d para luego cerrar la noche con \u201cVivo la vida\u201d, que puso a todo el p\u00fablico de pie para despedir esta noche inolvidable.&nbsp;<\/p>\n\n\n\n<p>\u270d\ufe0f\u00a0<a href=\"https:\/\/www.instagram.com\/melodyluceropr1\/\">@melodyluceropr1<\/a><br>\ud83d\udcf8\u00a0<a href=\"https:\/\/www.instagram.com\/sofilinaresph\/\">@sofilinaresph<\/a><\/p>\n\n\n\n<figure class=\"wp-block-gallery has-nested-images columns-default is-cropped wp-block-gallery-1 is-layout-flex wp-block-gallery-is-layout-flex\">\n<figure class=\"wp-block-image size-large\"><img loading=\"lazy\" decoding=\"async\" width=\"683\" height=\"1024\" data-id=\"11936\" src=\"https:\/\/entrenotasyacordes.com\/wp-content\/uploads\/2024\/09\/DSC2819-683x1024.jpeg\" alt=\"\" class=\"wp-image-11936\" srcset=\"https:\/\/entrenotasyacordes.com\/wp-content\/uploads\/2024\/09\/DSC2819-683x1024.jpeg 683w, https:\/\/entrenotasyacordes.com\/wp-content\/uploads\/2024\/09\/DSC2819-200x300.jpeg 200w, https:\/\/entrenotasyacordes.com\/wp-content\/uploads\/2024\/09\/DSC2819-768x1152.jpeg 768w, https:\/\/entrenotasyacordes.com\/wp-content\/uploads\/2024\/09\/DSC2819-1024x1536.jpeg 1024w, https:\/\/entrenotasyacordes.com\/wp-content\/uploads\/2024\/09\/DSC2819-1365x2048.jpeg 1365w, https:\/\/entrenotasyacordes.com\/wp-content\/uploads\/2024\/09\/DSC2819-scaled.jpeg 1707w\" sizes=\"auto, (max-width: 683px) 100vw, 683px\" \/><\/figure>\n\n\n\n<figure class=\"wp-block-image size-large\"><img loading=\"lazy\" decoding=\"async\" width=\"821\" height=\"1024\" data-id=\"11938\" src=\"https:\/\/entrenotasyacordes.com\/wp-content\/uploads\/2024\/09\/A3B5497A-C86A-4102-A06E-748BCCAA086D-821x1024.jpg\" alt=\"\" class=\"wp-image-11938\" srcset=\"https:\/\/entrenotasyacordes.com\/wp-content\/uploads\/2024\/09\/A3B5497A-C86A-4102-A06E-748BCCAA086D-821x1024.jpg 821w, https:\/\/entrenotasyacordes.com\/wp-content\/uploads\/2024\/09\/A3B5497A-C86A-4102-A06E-748BCCAA086D-241x300.jpg 241w, https:\/\/entrenotasyacordes.com\/wp-content\/uploads\/2024\/09\/A3B5497A-C86A-4102-A06E-748BCCAA086D-768x957.jpg 768w, https:\/\/entrenotasyacordes.com\/wp-content\/uploads\/2024\/09\/A3B5497A-C86A-4102-A06E-748BCCAA086D-1232x1536.jpg 1232w, https:\/\/entrenotasyacordes.com\/wp-content\/uploads\/2024\/09\/A3B5497A-C86A-4102-A06E-748BCCAA086D-1024x1276.jpg 1024w, https:\/\/entrenotasyacordes.com\/wp-content\/uploads\/2024\/09\/A3B5497A-C86A-4102-A06E-748BCCAA086D.jpg 1440w\" sizes=\"auto, (max-width: 821px) 100vw, 821px\" \/><\/figure>\n\n\n\n<figure class=\"wp-block-image size-large\"><img loading=\"lazy\" decoding=\"async\" width=\"1024\" height=\"683\" data-id=\"11937\" src=\"https:\/\/entrenotasyacordes.com\/wp-content\/uploads\/2024\/09\/DSC2864-1024x683.jpeg\" alt=\"\" class=\"wp-image-11937\" srcset=\"https:\/\/entrenotasyacordes.com\/wp-content\/uploads\/2024\/09\/DSC2864-1024x683.jpeg 1024w, https:\/\/entrenotasyacordes.com\/wp-content\/uploads\/2024\/09\/DSC2864-300x200.jpeg 300w, https:\/\/entrenotasyacordes.com\/wp-content\/uploads\/2024\/09\/DSC2864-768x512.jpeg 768w, https:\/\/entrenotasyacordes.com\/wp-content\/uploads\/2024\/09\/DSC2864-1536x1024.jpeg 1536w, https:\/\/entrenotasyacordes.com\/wp-content\/uploads\/2024\/09\/DSC2864-2048x1365.jpeg 2048w\" sizes=\"auto, (max-width: 1024px) 100vw, 1024px\" \/><\/figure>\n\n\n\n<figure class=\"wp-block-image size-large\"><img loading=\"lazy\" decoding=\"async\" width=\"821\" height=\"1024\" data-id=\"11939\" src=\"https:\/\/entrenotasyacordes.com\/wp-content\/uploads\/2024\/09\/200134DC-B9A9-4AFC-AC1D-6526290847CC-821x1024.jpg\" alt=\"\" class=\"wp-image-11939\" srcset=\"https:\/\/entrenotasyacordes.com\/wp-content\/uploads\/2024\/09\/200134DC-B9A9-4AFC-AC1D-6526290847CC-821x1024.jpg 821w, https:\/\/entrenotasyacordes.com\/wp-content\/uploads\/2024\/09\/200134DC-B9A9-4AFC-AC1D-6526290847CC-241x300.jpg 241w, https:\/\/entrenotasyacordes.com\/wp-content\/uploads\/2024\/09\/200134DC-B9A9-4AFC-AC1D-6526290847CC-768x957.jpg 768w, https:\/\/entrenotasyacordes.com\/wp-content\/uploads\/2024\/09\/200134DC-B9A9-4AFC-AC1D-6526290847CC-1232x1536.jpg 1232w, https:\/\/entrenotasyacordes.com\/wp-content\/uploads\/2024\/09\/200134DC-B9A9-4AFC-AC1D-6526290847CC-1024x1276.jpg 1024w, https:\/\/entrenotasyacordes.com\/wp-content\/uploads\/2024\/09\/200134DC-B9A9-4AFC-AC1D-6526290847CC.jpg 1440w\" sizes=\"auto, (max-width: 821px) 100vw, 821px\" \/><\/figure>\n\n\n\n<figure class=\"wp-block-image size-large\"><img loading=\"lazy\" decoding=\"async\" width=\"683\" height=\"1024\" data-id=\"11940\" src=\"https:\/\/entrenotasyacordes.com\/wp-content\/uploads\/2024\/09\/DSC3027-683x1024.jpeg\" alt=\"\" class=\"wp-image-11940\" srcset=\"https:\/\/entrenotasyacordes.com\/wp-content\/uploads\/2024\/09\/DSC3027-683x1024.jpeg 683w, https:\/\/entrenotasyacordes.com\/wp-content\/uploads\/2024\/09\/DSC3027-200x300.jpeg 200w, https:\/\/entrenotasyacordes.com\/wp-content\/uploads\/2024\/09\/DSC3027-768x1152.jpeg 768w, https:\/\/entrenotasyacordes.com\/wp-content\/uploads\/2024\/09\/DSC3027-1024x1536.jpeg 1024w, https:\/\/entrenotasyacordes.com\/wp-content\/uploads\/2024\/09\/DSC3027-1365x2048.jpeg 1365w, https:\/\/entrenotasyacordes.com\/wp-content\/uploads\/2024\/09\/DSC3027-scaled.jpeg 1707w\" sizes=\"auto, (max-width: 683px) 100vw, 683px\" \/><\/figure>\n\n\n\n<figure class=\"wp-block-image size-large\"><img loading=\"lazy\" decoding=\"async\" width=\"821\" height=\"1024\" data-id=\"11941\" src=\"https:\/\/entrenotasyacordes.com\/wp-content\/uploads\/2024\/09\/B12E0CF7-A124-487F-926D-49817F50A74B-821x1024.jpg\" alt=\"\" class=\"wp-image-11941\" srcset=\"https:\/\/entrenotasyacordes.com\/wp-content\/uploads\/2024\/09\/B12E0CF7-A124-487F-926D-49817F50A74B-821x1024.jpg 821w, https:\/\/entrenotasyacordes.com\/wp-content\/uploads\/2024\/09\/B12E0CF7-A124-487F-926D-49817F50A74B-241x300.jpg 241w, https:\/\/entrenotasyacordes.com\/wp-content\/uploads\/2024\/09\/B12E0CF7-A124-487F-926D-49817F50A74B-768x957.jpg 768w, https:\/\/entrenotasyacordes.com\/wp-content\/uploads\/2024\/09\/B12E0CF7-A124-487F-926D-49817F50A74B-1232x1536.jpg 1232w, https:\/\/entrenotasyacordes.com\/wp-content\/uploads\/2024\/09\/B12E0CF7-A124-487F-926D-49817F50A74B-1024x1276.jpg 1024w, https:\/\/entrenotasyacordes.com\/wp-content\/uploads\/2024\/09\/B12E0CF7-A124-487F-926D-49817F50A74B.jpg 1440w\" sizes=\"auto, (max-width: 821px) 100vw, 821px\" \/><\/figure>\n<\/figure>\n","protected":false},"excerpt":{"rendered":"","protected":false},"author":5,"featured_media":11935,"comment_status":"open","ping_status":"open","sticky":false,"template":"","format":"standard","meta":{"om_disable_all_campaigns":false,"_uf_show_specific_survey":0,"_uf_disable_surveys":false,"footnotes":""},"categories":[7],"tags":[],"class_list":["post-11908","post","type-post","status-publish","format-standard","has-post-thumbnail","hentry","category-coberturas"],"_links":{"self":[{"href":"https:\/\/entrenotasyacordes.com\/index.php?rest_route=\/wp\/v2\/posts\/11908","targetHints":{"allow":["GET"]}}],"collection":[{"href":"https:\/\/entrenotasyacordes.com\/index.php?rest_route=\/wp\/v2\/posts"}],"about":[{"href":"https:\/\/entrenotasyacordes.com\/index.php?rest_route=\/wp\/v2\/types\/post"}],"author":[{"embeddable":true,"href":"https:\/\/entrenotasyacordes.com\/index.php?rest_route=\/wp\/v2\/users\/5"}],"replies":[{"embeddable":true,"href":"https:\/\/entrenotasyacordes.com\/index.php?rest_route=%2Fwp%2Fv2%2Fcomments&post=11908"}],"version-history":[{"count":1,"href":"https:\/\/entrenotasyacordes.com\/index.php?rest_route=\/wp\/v2\/posts\/11908\/revisions"}],"predecessor-version":[{"id":11942,"href":"https:\/\/entrenotasyacordes.com\/index.php?rest_route=\/wp\/v2\/posts\/11908\/revisions\/11942"}],"wp:featuredmedia":[{"embeddable":true,"href":"https:\/\/entrenotasyacordes.com\/index.php?rest_route=\/wp\/v2\/media\/11935"}],"wp:attachment":[{"href":"https:\/\/entrenotasyacordes.com\/index.php?rest_route=%2Fwp%2Fv2%2Fmedia&parent=11908"}],"wp:term":[{"taxonomy":"category","embeddable":true,"href":"https:\/\/entrenotasyacordes.com\/index.php?rest_route=%2Fwp%2Fv2%2Fcategories&post=11908"},{"taxonomy":"post_tag","embeddable":true,"href":"https:\/\/entrenotasyacordes.com\/index.php?rest_route=%2Fwp%2Fv2%2Ftags&post=11908"}],"curies":[{"name":"wp","href":"https:\/\/api.w.org\/{rel}","templated":true}]}}