{"id":11947,"date":"2024-10-01T22:58:40","date_gmt":"2024-10-01T22:58:40","guid":{"rendered":"https:\/\/entrenotasyacordes.com\/?p=11947"},"modified":"2024-10-01T22:58:41","modified_gmt":"2024-10-01T22:58:41","slug":"raul-lavie-presenta-su-nuevo-espectaculo-raices","status":"publish","type":"post","link":"https:\/\/entrenotasyacordes.com\/?p=11947","title":{"rendered":"RA\u00daL LAVI\u00c9 PRESENTA SU NUEVO ESPECT\u00c1CULO \u00abRA\u00cdCES\u00bb"},"content":{"rendered":"\n<!--more-->\n\n\n<div class=\"wp-block-image\">\n<figure class=\"aligncenter size-full\"><img loading=\"lazy\" decoding=\"async\" width=\"350\" height=\"350\" src=\"https:\/\/entrenotasyacordes.com\/wp-content\/uploads\/2024\/10\/1n.jpg\" alt=\"\" class=\"wp-image-11948\" srcset=\"https:\/\/entrenotasyacordes.com\/wp-content\/uploads\/2024\/10\/1n.jpg 350w, https:\/\/entrenotasyacordes.com\/wp-content\/uploads\/2024\/10\/1n-300x300.jpg 300w, https:\/\/entrenotasyacordes.com\/wp-content\/uploads\/2024\/10\/1n-150x150.jpg 150w, https:\/\/entrenotasyacordes.com\/wp-content\/uploads\/2024\/10\/1n-50x50.jpg 50w\" sizes=\"auto, (max-width: 350px) 100vw, 350px\" \/><\/figure>\n<\/div>\n\n\n<p class=\"has-text-align-center\"><strong>Viernes 1 de noviembre &#8211; 21 hs<\/strong><br><strong>Auditorio Belgrano \u2013 Virrey Loreto 2348<\/strong>\u00a0<br>Entradas en venta en la boleter\u00eda del Auditorio o por\u00a0<a href=\"https:\/\/ov.pemsv27.net\/lolabarredo\/lolabarredo_campaign_simple_tpl_cm1jr3c5939hi0830qfqlhwxt\/www.ticketek.com.ar?utm_source=perfit&amp;utm_medium=email\">www.ticketek.com.ar<\/a><\/p>\n\n\n\n<p class=\"has-text-align-left\">El reconocido cantante y actor&nbsp;<strong>Ra\u00fal Lavi\u00e9<\/strong>&nbsp;vuelve a subirse al escenario del Auditorio Belgrano con&nbsp;<strong>\u00abRa\u00edces\u00bb<\/strong>, su nuevo espect\u00e1culo que rinde homenaje a la riqueza cultural y musical de Argentina. Este show, que contar\u00e1 con m\u00e1s de 15 artistas en escena y un impresionante despliegue esc\u00e9nico, busca rescatar la memoria de nuestros or\u00edgenes a trav\u00e9s de las canciones que han marcado la historia del folclore y el tango.<\/p>\n\n\n\n<p>\u00abRa\u00edces\u00bb, en palabras del propio Lavi\u00e9, \u00abrescata la memoria de nuestra cultura musical y po\u00e9tica de aquellos creadores que en distintas \u00e9pocas y lugares nos dejaron un mensaje sobre nuestros or\u00edgenes, que no debemos olvidar para sentirnos orgullosos del lugar que habitamos: Argentina.\u00bb Con esta premisa, el espect\u00e1culo propone un viaje hist\u00f3rico y emocional a trav\u00e9s de las melod\u00edas y letras que nos definen como pueblo.<\/p>\n\n\n\n<p>El repertorio de \u00abRa\u00edces\u00bb incluye las canciones m\u00e1s representativas del folclore y el tango, g\u00e9neros que han sido pilares fundamentales de la identidad cultural argentina.<\/p>\n\n\n\n<p>Ra\u00fal Lavi\u00e9, una de las voces m\u00e1s emblem\u00e1ticas de nuestro pa\u00eds, ha preparado un recorrido especial para este show, invitando al p\u00fablico a redescubrir la belleza y profundidad de la m\u00fasica argentina.<\/p>\n\n\n\n<p class=\"has-text-align-left\">\u00abRa\u00edces\u00bb es una celebraci\u00f3n de nuestra identidad, una oportunidad para conectarnos con lo m\u00e1s profundo de nuestra cultura a trav\u00e9s de la m\u00fasica y la historia. No te pierdas este inolvidable\u00a0<strong>estreno el 1 de noviembre a las 21 hs en el Auditorio Belgrano.<\/strong><\/p>\n","protected":false},"excerpt":{"rendered":"","protected":false},"author":5,"featured_media":11948,"comment_status":"open","ping_status":"open","sticky":false,"template":"","format":"standard","meta":{"om_disable_all_campaigns":false,"_uf_show_specific_survey":0,"_uf_disable_surveys":false,"footnotes":""},"categories":[36],"tags":[],"class_list":["post-11947","post","type-post","status-publish","format-standard","has-post-thumbnail","hentry","category-conciertos"],"_links":{"self":[{"href":"https:\/\/entrenotasyacordes.com\/index.php?rest_route=\/wp\/v2\/posts\/11947","targetHints":{"allow":["GET"]}}],"collection":[{"href":"https:\/\/entrenotasyacordes.com\/index.php?rest_route=\/wp\/v2\/posts"}],"about":[{"href":"https:\/\/entrenotasyacordes.com\/index.php?rest_route=\/wp\/v2\/types\/post"}],"author":[{"embeddable":true,"href":"https:\/\/entrenotasyacordes.com\/index.php?rest_route=\/wp\/v2\/users\/5"}],"replies":[{"embeddable":true,"href":"https:\/\/entrenotasyacordes.com\/index.php?rest_route=%2Fwp%2Fv2%2Fcomments&post=11947"}],"version-history":[{"count":1,"href":"https:\/\/entrenotasyacordes.com\/index.php?rest_route=\/wp\/v2\/posts\/11947\/revisions"}],"predecessor-version":[{"id":11949,"href":"https:\/\/entrenotasyacordes.com\/index.php?rest_route=\/wp\/v2\/posts\/11947\/revisions\/11949"}],"wp:featuredmedia":[{"embeddable":true,"href":"https:\/\/entrenotasyacordes.com\/index.php?rest_route=\/wp\/v2\/media\/11948"}],"wp:attachment":[{"href":"https:\/\/entrenotasyacordes.com\/index.php?rest_route=%2Fwp%2Fv2%2Fmedia&parent=11947"}],"wp:term":[{"taxonomy":"category","embeddable":true,"href":"https:\/\/entrenotasyacordes.com\/index.php?rest_route=%2Fwp%2Fv2%2Fcategories&post=11947"},{"taxonomy":"post_tag","embeddable":true,"href":"https:\/\/entrenotasyacordes.com\/index.php?rest_route=%2Fwp%2Fv2%2Ftags&post=11947"}],"curies":[{"name":"wp","href":"https:\/\/api.w.org\/{rel}","templated":true}]}}