{"id":11966,"date":"2024-10-01T23:57:36","date_gmt":"2024-10-01T23:57:36","guid":{"rendered":"https:\/\/entrenotasyacordes.com\/?p=11966"},"modified":"2024-10-01T23:57:37","modified_gmt":"2024-10-01T23:57:37","slug":"acostadetodo-presenta-su-nuevo-single-videoclip-secreto","status":"publish","type":"post","link":"https:\/\/entrenotasyacordes.com\/?p=11966","title":{"rendered":"ACOSTADETODO presenta su nuevo single + videoclip SECRETO"},"content":{"rendered":"\n<!--more-->\n\n\n<div class=\"wp-block-image\">\n<figure class=\"aligncenter size-full is-resized\"><img loading=\"lazy\" decoding=\"async\" width=\"1080\" height=\"1080\" src=\"https:\/\/entrenotasyacordes.com\/wp-content\/uploads\/2024\/10\/1q.jpg\" alt=\"\" class=\"wp-image-11967\" style=\"width:503px;height:auto\" srcset=\"https:\/\/entrenotasyacordes.com\/wp-content\/uploads\/2024\/10\/1q.jpg 1080w, https:\/\/entrenotasyacordes.com\/wp-content\/uploads\/2024\/10\/1q-300x300.jpg 300w, https:\/\/entrenotasyacordes.com\/wp-content\/uploads\/2024\/10\/1q-1024x1024.jpg 1024w, https:\/\/entrenotasyacordes.com\/wp-content\/uploads\/2024\/10\/1q-150x150.jpg 150w, https:\/\/entrenotasyacordes.com\/wp-content\/uploads\/2024\/10\/1q-768x768.jpg 768w, https:\/\/entrenotasyacordes.com\/wp-content\/uploads\/2024\/10\/1q-50x50.jpg 50w\" sizes=\"auto, (max-width: 1080px) 100vw, 1080px\" \/><\/figure>\n<\/div>\n\n\n<p>El m\u00fasico y productor\u00a0<strong>Acostadetodo<\/strong>\u00a0(Mariano Acosta) estrena el videoclip de \u201cSecreto\u201d, una canci\u00f3n pop oscura, con esp\u00edritu ochentero destacado por sintetizadores vibrantes y un estribillo pegadizo. En el video podemos ver al personaje frente a un televisor y una videocasetera vintage, buscando un VHS que parece nunca encontrar ya que ninguno tiene imagen, resaltando as\u00ed la desesperaci\u00f3n e impaciencia que sugieren las melod\u00edas tenebrosas del tema, y combin\u00e1ndolo con las luces de ne\u00f3n que le terminan de dar la vibra de los a\u00f1os 80.<\/p>\n\n\n\n<p>Este single es el primer lanzamiento despu\u00e9s de haber publicado su \u00e1lbum \u201cPlanetas\u201d a finales de 2023. Mientras tanto la carrera de Acostadetodo sigue su curso por los distintos v\u00e9rtices en donde se mueve. Ejerce como productor musical, en donde se destacan sus trabajos con artistas del g\u00e9nero urbano como LuchoSSJ, y actualmente se encuentra produciendo el \u00e1lbum debut de Gabino Silva, a quien acompa\u00f1a como co-compositor y arreglador en esta etapa musical del youtuber. Adem\u00e1s integra diversos conjuntos musicales, tiene un proyecto con Joaquin Levinton (Turf) llamado The Swingverg\u00fcenzas, y tambi\u00e9n forma parte de la banda de culto de rock Fantasmagoria hace m\u00e1s de 10 a\u00f1os, habiendo tocado en los festivales m\u00e1s importantes como Primavera Sound, Quilmes Rock, Cosquin Rock, etc.<\/p>\n\n\n\n<p class=\"has-text-align-center\"><strong><u>PR\u00d3XIMAS FECHAS<\/u><\/strong><br>9 NOV \u2013 EL EMERGENTE. ALMAGRO<br>14 DIC \u2013 CAMPING BA. RECOLETA<\/p>\n\n\n<div class=\"wp-block-image\">\n<figure class=\"aligncenter size-full is-resized\"><img loading=\"lazy\" decoding=\"async\" width=\"1280\" height=\"720\" src=\"https:\/\/entrenotasyacordes.com\/wp-content\/uploads\/2024\/10\/1qq.jpg\" alt=\"\" class=\"wp-image-11968\" style=\"width:736px;height:auto\" srcset=\"https:\/\/entrenotasyacordes.com\/wp-content\/uploads\/2024\/10\/1qq.jpg 1280w, https:\/\/entrenotasyacordes.com\/wp-content\/uploads\/2024\/10\/1qq-300x169.jpg 300w, https:\/\/entrenotasyacordes.com\/wp-content\/uploads\/2024\/10\/1qq-1024x576.jpg 1024w, https:\/\/entrenotasyacordes.com\/wp-content\/uploads\/2024\/10\/1qq-768x432.jpg 768w\" sizes=\"auto, (max-width: 1280px) 100vw, 1280px\" \/><\/figure>\n<\/div>","protected":false},"excerpt":{"rendered":"","protected":false},"author":5,"featured_media":11967,"comment_status":"open","ping_status":"open","sticky":false,"template":"","format":"standard","meta":{"om_disable_all_campaigns":false,"_uf_show_specific_survey":0,"_uf_disable_surveys":false,"footnotes":""},"categories":[4],"tags":[],"class_list":["post-11966","post","type-post","status-publish","format-standard","has-post-thumbnail","hentry","category-musica"],"_links":{"self":[{"href":"https:\/\/entrenotasyacordes.com\/index.php?rest_route=\/wp\/v2\/posts\/11966","targetHints":{"allow":["GET"]}}],"collection":[{"href":"https:\/\/entrenotasyacordes.com\/index.php?rest_route=\/wp\/v2\/posts"}],"about":[{"href":"https:\/\/entrenotasyacordes.com\/index.php?rest_route=\/wp\/v2\/types\/post"}],"author":[{"embeddable":true,"href":"https:\/\/entrenotasyacordes.com\/index.php?rest_route=\/wp\/v2\/users\/5"}],"replies":[{"embeddable":true,"href":"https:\/\/entrenotasyacordes.com\/index.php?rest_route=%2Fwp%2Fv2%2Fcomments&post=11966"}],"version-history":[{"count":1,"href":"https:\/\/entrenotasyacordes.com\/index.php?rest_route=\/wp\/v2\/posts\/11966\/revisions"}],"predecessor-version":[{"id":11969,"href":"https:\/\/entrenotasyacordes.com\/index.php?rest_route=\/wp\/v2\/posts\/11966\/revisions\/11969"}],"wp:featuredmedia":[{"embeddable":true,"href":"https:\/\/entrenotasyacordes.com\/index.php?rest_route=\/wp\/v2\/media\/11967"}],"wp:attachment":[{"href":"https:\/\/entrenotasyacordes.com\/index.php?rest_route=%2Fwp%2Fv2%2Fmedia&parent=11966"}],"wp:term":[{"taxonomy":"category","embeddable":true,"href":"https:\/\/entrenotasyacordes.com\/index.php?rest_route=%2Fwp%2Fv2%2Fcategories&post=11966"},{"taxonomy":"post_tag","embeddable":true,"href":"https:\/\/entrenotasyacordes.com\/index.php?rest_route=%2Fwp%2Fv2%2Ftags&post=11966"}],"curies":[{"name":"wp","href":"https:\/\/api.w.org\/{rel}","templated":true}]}}