{"id":11974,"date":"2024-10-04T23:04:56","date_gmt":"2024-10-04T23:04:56","guid":{"rendered":"https:\/\/entrenotasyacordes.com\/?p=11974"},"modified":"2024-10-04T23:04:57","modified_gmt":"2024-10-04T23:04:57","slug":"pimpinela-regresa-a-los-escenarios-y-sera-homenajeado-en-buenos-aires","status":"publish","type":"post","link":"https:\/\/entrenotasyacordes.com\/?p=11974","title":{"rendered":"PIMPINELA regresa a los escenarios y ser\u00e1 homenajeado en Buenos Aires"},"content":{"rendered":"\n<!--more-->\n\n\n\n<p class=\"has-text-align-left\"><strong>PIMPINELA<\/strong> <strong>SER\u00c1 HONRADO EN BUENOS AIRES CON \u201cPIMPINELA D\u00daO ILUMINADO\u201d UNA ESCULTURA DEL DESTACADO ARTISTA ALEJANDRO MARMO<\/strong>, <strong>Y CELEBRA EL REGRESO A LOS ESCENARIOS CON DOS PRESENTACIONES EN EL MOVISTAR ARENA DE ESTA CAPITAL\u00a0<\/strong> <strong>26 DE OCTUBRE Y 24 DE NOVIEMBRE\u00a0<\/strong><\/p>\n\n\n<div class=\"wp-block-image\">\n<figure class=\"aligncenter size-full is-resized\"><img loading=\"lazy\" decoding=\"async\" width=\"541\" height=\"501\" src=\"https:\/\/entrenotasyacordes.com\/wp-content\/uploads\/2024\/10\/2a.jpg\" alt=\"\" class=\"wp-image-11975\" style=\"width:607px;height:auto\" srcset=\"https:\/\/entrenotasyacordes.com\/wp-content\/uploads\/2024\/10\/2a.jpg 541w, https:\/\/entrenotasyacordes.com\/wp-content\/uploads\/2024\/10\/2a-300x278.jpg 300w\" sizes=\"auto, (max-width: 541px) 100vw, 541px\" \/><\/figure>\n<\/div>\n\n\n<p class=\"has-text-align-left\">El d\u00fao de hermanos m\u00e1s emblem\u00e1tico de la m\u00fasica en espa\u00f1ol,&nbsp;<strong>Pimpinela<\/strong>, ser\u00e1 honrado con la inauguraci\u00f3n de la escultura \u00ab<strong>Pimpinela D\u00fao Iluminado<\/strong>\u00ab, una obra de arte creada por el reconocido artista argentino&nbsp;<strong>Alejandro Marmo<\/strong>. La misma, que forma parte de la serie dedicada a la m\u00fasica argentina del siglo XX, se convertir\u00e1 en un homenaje permanente a la trayectoria de&nbsp;<strong>Luc\u00eda y Joaqu\u00edn Gal\u00e1n<\/strong>. La cita ser\u00e1 el pr\u00f3ximo&nbsp;<strong>15 de octubre en El Club Obras Sanitarias&nbsp;<\/strong>(Avda. del Libertador 7395, Ciudad Aut\u00f3noma de Buenos Aires).<\/p>\n\n\n\n<p class=\"has-text-align-left\">La escultura, de 2 metros de alto por 2,50 de ancho, ser\u00e1 ubicada en el frente del Club, exhibiendo el caracter\u00edstico estilo de Marmo, basado en la est\u00e9tica de siluetas de hierro. Seg\u00fan el propio Marmo,\u00a0<strong>\u00abPimpinela D\u00fao Iluminado\u00bb<\/strong>\u00a0es \u00abuna met\u00e1fora po\u00e9tica y social que reconoce la trayectoria y rebeld\u00eda del d\u00fao, y su impacto en la identidad inmigrante y el alma de la Argentina.\u00bb<\/p>\n\n\n\n<p class=\"has-text-align-center\"><strong>\u00a0UNA HISTORIA ENTRE PIMPINELA Y OBRAS<\/strong><\/p>\n\n\n<div class=\"wp-block-image\">\n<figure class=\"aligncenter size-full is-resized\"><img loading=\"lazy\" decoding=\"async\" width=\"1280\" height=\"902\" src=\"https:\/\/entrenotasyacordes.com\/wp-content\/uploads\/2024\/10\/2aa.jpg\" alt=\"\" class=\"wp-image-11976\" style=\"width:633px;height:auto\" srcset=\"https:\/\/entrenotasyacordes.com\/wp-content\/uploads\/2024\/10\/2aa.jpg 1280w, https:\/\/entrenotasyacordes.com\/wp-content\/uploads\/2024\/10\/2aa-300x211.jpg 300w, https:\/\/entrenotasyacordes.com\/wp-content\/uploads\/2024\/10\/2aa-1024x722.jpg 1024w, https:\/\/entrenotasyacordes.com\/wp-content\/uploads\/2024\/10\/2aa-768x541.jpg 768w\" sizes=\"auto, (max-width: 1280px) 100vw, 1280px\" \/><figcaption class=\"wp-element-caption\"><strong>Octubre de 1983 &#8211; Estadio Obras<\/strong><\/figcaption><\/figure>\n<\/div>\n\n\n<p>El v\u00ednculo entre\u00a0<strong>Pimpinela y el Estadio Obras\u00a0<\/strong>tiene una historia de m\u00e1s de 40 a\u00f1os. En octubre de 1983, los hermanos Gal\u00e1n debutaron en Buenos Aires con dos conciertos inolvidables en este m\u00edtico escenario, lo que marc\u00f3 el inicio de una carrera que los ha llevado a lo m\u00e1s alto del reconocimiento internacional. C\u00f3mo olvidar el memorable momento donde<strong>\u00a0Diego Maradona<\/strong>\u00a0junto a su familia se sum\u00f3 al p\u00fablico presente.\u00a0<\/p>\n\n\n<div class=\"wp-block-image\">\n<figure class=\"aligncenter size-full is-resized\"><img loading=\"lazy\" decoding=\"async\" width=\"1280\" height=\"856\" src=\"https:\/\/entrenotasyacordes.com\/wp-content\/uploads\/2024\/10\/2aaa.jpg\" alt=\"\" class=\"wp-image-11977\" style=\"width:633px;height:auto\" srcset=\"https:\/\/entrenotasyacordes.com\/wp-content\/uploads\/2024\/10\/2aaa.jpg 1280w, https:\/\/entrenotasyacordes.com\/wp-content\/uploads\/2024\/10\/2aaa-300x200.jpg 300w, https:\/\/entrenotasyacordes.com\/wp-content\/uploads\/2024\/10\/2aaa-1024x685.jpg 1024w, https:\/\/entrenotasyacordes.com\/wp-content\/uploads\/2024\/10\/2aaa-768x514.jpg 768w\" sizes=\"auto, (max-width: 1280px) 100vw, 1280px\" \/><figcaption class=\"wp-element-caption\"><strong>Octubre de 1983 &#8211; Estadio Obras &#8211; Pimpinela y Maradona.<\/strong><\/figcaption><\/figure>\n<\/div>\n\n\n<p>Mientras tanto, tras la intervenci\u00f3n quir\u00fargica y recuperaci\u00f3n de\u00a0<strong>Lucia Galan<\/strong>, el ic\u00f3nico d\u00fao retoma sus conciertos el 17 y 18 de octubre en Santa fe y Rosario, donde presentar\u00e1n su espect\u00e1culo \u00ab<strong>Siempre Juntos<\/strong>\u00ab, para continuar con una nueva funci\u00f3n pr\u00f3ximo 26 de octubre en el Movistar Arena, despu\u00e9s de haber agotado la funci\u00f3n del 24 de noviembre. La gira 2024 culminar\u00e1 en varias ciudades de Argentina, Chile y Colombia.\u00a0<\/p>\n\n\n<div class=\"wp-block-image\">\n<figure class=\"aligncenter size-full is-resized\"><img loading=\"lazy\" decoding=\"async\" width=\"1999\" height=\"1333\" src=\"https:\/\/entrenotasyacordes.com\/wp-content\/uploads\/2024\/10\/2aaaa.jpg\" alt=\"\" class=\"wp-image-11978\" style=\"width:633px;height:auto\" srcset=\"https:\/\/entrenotasyacordes.com\/wp-content\/uploads\/2024\/10\/2aaaa.jpg 1999w, https:\/\/entrenotasyacordes.com\/wp-content\/uploads\/2024\/10\/2aaaa-300x200.jpg 300w, https:\/\/entrenotasyacordes.com\/wp-content\/uploads\/2024\/10\/2aaaa-1024x683.jpg 1024w, https:\/\/entrenotasyacordes.com\/wp-content\/uploads\/2024\/10\/2aaaa-768x512.jpg 768w, https:\/\/entrenotasyacordes.com\/wp-content\/uploads\/2024\/10\/2aaaa-1536x1024.jpg 1536w\" sizes=\"auto, (max-width: 1999px) 100vw, 1999px\" \/><\/figure>\n<\/div>\n\n\n<p>\u00ab<strong>Siempre Juntos<\/strong>\u00bb no es solo un concierto, es una experiencia donde el p\u00fablico se vuelve protagonista. Durante dos horas, los asistentes podr\u00e1n disfrutar de temas cl\u00e1sicos como \u00abOlv\u00eddame y Pega la vuelta\u00bb, \u00abA esa\u00bb, \u00abPor ese hombre\u00bb, o \u00abLa Familia\u00bb, junto a los m\u00e1s recientes \u00abTraici\u00f3n\u00bb, \u00abCuando lo veo\u00bb y \u00abLloro\u00bb. La puesta en escena deslumbrante y la energ\u00eda inigualable de los Gal\u00e1n aseguran un show que traspasa generaciones y modas.<\/p>\n\n\n<div class=\"wp-block-image\">\n<figure class=\"aligncenter size-full is-resized\"><img loading=\"lazy\" decoding=\"async\" width=\"1080\" height=\"1080\" src=\"https:\/\/entrenotasyacordes.com\/wp-content\/uploads\/2024\/10\/2aaaaa.jpg\" alt=\"\" class=\"wp-image-11979\" style=\"width:633px;height:auto\" srcset=\"https:\/\/entrenotasyacordes.com\/wp-content\/uploads\/2024\/10\/2aaaaa.jpg 1080w, https:\/\/entrenotasyacordes.com\/wp-content\/uploads\/2024\/10\/2aaaaa-300x300.jpg 300w, https:\/\/entrenotasyacordes.com\/wp-content\/uploads\/2024\/10\/2aaaaa-1024x1024.jpg 1024w, https:\/\/entrenotasyacordes.com\/wp-content\/uploads\/2024\/10\/2aaaaa-150x150.jpg 150w, https:\/\/entrenotasyacordes.com\/wp-content\/uploads\/2024\/10\/2aaaaa-768x768.jpg 768w, https:\/\/entrenotasyacordes.com\/wp-content\/uploads\/2024\/10\/2aaaaa-50x50.jpg 50w\" sizes=\"auto, (max-width: 1080px) 100vw, 1080px\" \/><\/figure>\n<\/div>","protected":false},"excerpt":{"rendered":"","protected":false},"author":5,"featured_media":11979,"comment_status":"open","ping_status":"open","sticky":false,"template":"","format":"standard","meta":{"om_disable_all_campaigns":false,"_uf_show_specific_survey":0,"_uf_disable_surveys":false,"footnotes":""},"categories":[36],"tags":[],"class_list":["post-11974","post","type-post","status-publish","format-standard","has-post-thumbnail","hentry","category-conciertos"],"_links":{"self":[{"href":"https:\/\/entrenotasyacordes.com\/index.php?rest_route=\/wp\/v2\/posts\/11974","targetHints":{"allow":["GET"]}}],"collection":[{"href":"https:\/\/entrenotasyacordes.com\/index.php?rest_route=\/wp\/v2\/posts"}],"about":[{"href":"https:\/\/entrenotasyacordes.com\/index.php?rest_route=\/wp\/v2\/types\/post"}],"author":[{"embeddable":true,"href":"https:\/\/entrenotasyacordes.com\/index.php?rest_route=\/wp\/v2\/users\/5"}],"replies":[{"embeddable":true,"href":"https:\/\/entrenotasyacordes.com\/index.php?rest_route=%2Fwp%2Fv2%2Fcomments&post=11974"}],"version-history":[{"count":1,"href":"https:\/\/entrenotasyacordes.com\/index.php?rest_route=\/wp\/v2\/posts\/11974\/revisions"}],"predecessor-version":[{"id":11980,"href":"https:\/\/entrenotasyacordes.com\/index.php?rest_route=\/wp\/v2\/posts\/11974\/revisions\/11980"}],"wp:featuredmedia":[{"embeddable":true,"href":"https:\/\/entrenotasyacordes.com\/index.php?rest_route=\/wp\/v2\/media\/11979"}],"wp:attachment":[{"href":"https:\/\/entrenotasyacordes.com\/index.php?rest_route=%2Fwp%2Fv2%2Fmedia&parent=11974"}],"wp:term":[{"taxonomy":"category","embeddable":true,"href":"https:\/\/entrenotasyacordes.com\/index.php?rest_route=%2Fwp%2Fv2%2Fcategories&post=11974"},{"taxonomy":"post_tag","embeddable":true,"href":"https:\/\/entrenotasyacordes.com\/index.php?rest_route=%2Fwp%2Fv2%2Ftags&post=11974"}],"curies":[{"name":"wp","href":"https:\/\/api.w.org\/{rel}","templated":true}]}}