{"id":11991,"date":"2024-10-04T23:34:31","date_gmt":"2024-10-04T23:34:31","guid":{"rendered":"https:\/\/entrenotasyacordes.com\/?p=11991"},"modified":"2024-10-04T23:34:33","modified_gmt":"2024-10-04T23:34:33","slug":"zeballos-regresa-a-la-ciudad-de-la-plata","status":"publish","type":"post","link":"https:\/\/entrenotasyacordes.com\/?p=11991","title":{"rendered":"ZEBALLOS REGRESA A LA CIUDAD DE LA PLATA"},"content":{"rendered":"\n<!--more-->\n\n\n<div class=\"wp-block-image\">\n<figure class=\"aligncenter size-full is-resized\"><img loading=\"lazy\" decoding=\"async\" width=\"1081\" height=\"1081\" src=\"https:\/\/entrenotasyacordes.com\/wp-content\/uploads\/2024\/10\/2d.jpg\" alt=\"\" class=\"wp-image-11992\" style=\"width:607px;height:auto\" srcset=\"https:\/\/entrenotasyacordes.com\/wp-content\/uploads\/2024\/10\/2d.jpg 1081w, https:\/\/entrenotasyacordes.com\/wp-content\/uploads\/2024\/10\/2d-300x300.jpg 300w, https:\/\/entrenotasyacordes.com\/wp-content\/uploads\/2024\/10\/2d-1024x1024.jpg 1024w, https:\/\/entrenotasyacordes.com\/wp-content\/uploads\/2024\/10\/2d-150x150.jpg 150w, https:\/\/entrenotasyacordes.com\/wp-content\/uploads\/2024\/10\/2d-768x768.jpg 768w, https:\/\/entrenotasyacordes.com\/wp-content\/uploads\/2024\/10\/2d-50x50.jpg 50w\" sizes=\"auto, (max-width: 1081px) 100vw, 1081px\" \/><\/figure>\n<\/div>\n\n\n<p class=\"has-text-align-left\"><strong>El joven rey del R\u00edo de la Plata vuelve a cruzar la orilla y regresa al Teatro \u00d3pera La Plata.&nbsp;<\/strong>Esta vez el l\u00edder de la nueva ola uruguaya llega con nuevas canciones y sorpresas. Luego de subirse a los escenarios de los festivales m\u00e1s importantes, alcanzar el Estadio Obras, el Teatro de Verano y tocar para miles de personas&nbsp; en Uruguay, Espa\u00f1a y M\u00e9xico, Zeballos vuelve a reconquistar la ciudad de La Plata.<\/p>\n\n\n\n<p><strong>La cita ser\u00e1 el jueves 28 de noviembre -20h<\/strong>\u00a0&#8211; Teatro \u00d3pera La Plata.<br><strong>Entradas a la venta por sistema\u00a0<a href=\"https:\/\/livepass.com.ar\/events\/zeballos-en-el-teatro-opera-lp-28-11?utm_source=perfit&amp;utm_medium=email\" target=\"_blank\" rel=\"noreferrer noopener\">Livepass<\/a>\u00a0y boleter\u00eda del teatro.<\/strong><br><strong>Con tarjetas Visa y MasterCard del Banco Provincia tenes 6 cuotas sin inter\u00e9s.<\/strong><\/p>\n\n\n<div class=\"wp-block-image\">\n<figure class=\"aligncenter size-full is-resized\"><img loading=\"lazy\" decoding=\"async\" width=\"2560\" height=\"1707\" src=\"https:\/\/entrenotasyacordes.com\/wp-content\/uploads\/2024\/10\/2dd-scaled.jpg\" alt=\"\" class=\"wp-image-11993\" style=\"width:633px;height:auto\" srcset=\"https:\/\/entrenotasyacordes.com\/wp-content\/uploads\/2024\/10\/2dd-scaled.jpg 2560w, https:\/\/entrenotasyacordes.com\/wp-content\/uploads\/2024\/10\/2dd-300x200.jpg 300w, https:\/\/entrenotasyacordes.com\/wp-content\/uploads\/2024\/10\/2dd-1024x683.jpg 1024w, https:\/\/entrenotasyacordes.com\/wp-content\/uploads\/2024\/10\/2dd-768x512.jpg 768w, https:\/\/entrenotasyacordes.com\/wp-content\/uploads\/2024\/10\/2dd-1536x1024.jpg 1536w, https:\/\/entrenotasyacordes.com\/wp-content\/uploads\/2024\/10\/2dd-2048x1365.jpg 2048w\" sizes=\"auto, (max-width: 2560px) 100vw, 2560px\" \/><\/figure>\n<\/div>\n\n\n<p>Agust\u00edn Zeballos, mejor conocido como \u201cZeballos\u201d es un joven uruguayo de 23 a\u00f1os considerado una de las nuevas promesas de la oleada musical sudamericana.<\/p>\n\n\n\n<p>En su corta pero intensa carrera, edit\u00f3 cinco discos: \u201cPor si ma\u00f1ana\u201d, \u201cAsimetr\u00eda\u201d, \u201cB\u00e1ilalo lento\u201d, \u201cWarp 5\u201d y \u201cDEFCON 1\u201d.<\/p>\n\n\n\n<p>Sus n\u00fameros en medios digitales y venta de shows lo ponen en la mira de los principales promotores de la regi\u00f3n.<\/p>\n\n\n\n<p>El artista cuenta con varios sencillos que superan los millones de reproducciones, como \u201cNadir\u201d, \u201cPiel\u201d y \u201cMe gusta el amor\u201d, entre otros.<\/p>\n\n\n\n<p>Se ha presentado en eventos multitudinarios como los festivales Cosqu\u00edn Rock, Montevideo Late, Sonoramex\u00a0(CDMX), Festival Bandera y Capital.<\/p>\n\n\n\n<p>Desde 2022 realiza giras por todo Uruguay, Argentina y ciudades como Madrid, Barcelona y Valencia. Este mayo pasado se present\u00f3 por primera vez en M\u00e9xico.<\/p>\n\n\n\n<p>Adem\u00e1s, ha sido el primer artista de Hip Hop de Uruguay en hacer un Teatro de Verano en solitario. En Abril de este a\u00f1o present\u00f3 este show solista en el Estadio Obras Sanitarias de Buenos Aires.<\/p>\n","protected":false},"excerpt":{"rendered":"","protected":false},"author":5,"featured_media":11992,"comment_status":"open","ping_status":"open","sticky":false,"template":"","format":"standard","meta":{"om_disable_all_campaigns":false,"_uf_show_specific_survey":0,"_uf_disable_surveys":false,"footnotes":""},"categories":[36],"tags":[],"class_list":["post-11991","post","type-post","status-publish","format-standard","has-post-thumbnail","hentry","category-conciertos"],"_links":{"self":[{"href":"https:\/\/entrenotasyacordes.com\/index.php?rest_route=\/wp\/v2\/posts\/11991","targetHints":{"allow":["GET"]}}],"collection":[{"href":"https:\/\/entrenotasyacordes.com\/index.php?rest_route=\/wp\/v2\/posts"}],"about":[{"href":"https:\/\/entrenotasyacordes.com\/index.php?rest_route=\/wp\/v2\/types\/post"}],"author":[{"embeddable":true,"href":"https:\/\/entrenotasyacordes.com\/index.php?rest_route=\/wp\/v2\/users\/5"}],"replies":[{"embeddable":true,"href":"https:\/\/entrenotasyacordes.com\/index.php?rest_route=%2Fwp%2Fv2%2Fcomments&post=11991"}],"version-history":[{"count":1,"href":"https:\/\/entrenotasyacordes.com\/index.php?rest_route=\/wp\/v2\/posts\/11991\/revisions"}],"predecessor-version":[{"id":11994,"href":"https:\/\/entrenotasyacordes.com\/index.php?rest_route=\/wp\/v2\/posts\/11991\/revisions\/11994"}],"wp:featuredmedia":[{"embeddable":true,"href":"https:\/\/entrenotasyacordes.com\/index.php?rest_route=\/wp\/v2\/media\/11992"}],"wp:attachment":[{"href":"https:\/\/entrenotasyacordes.com\/index.php?rest_route=%2Fwp%2Fv2%2Fmedia&parent=11991"}],"wp:term":[{"taxonomy":"category","embeddable":true,"href":"https:\/\/entrenotasyacordes.com\/index.php?rest_route=%2Fwp%2Fv2%2Fcategories&post=11991"},{"taxonomy":"post_tag","embeddable":true,"href":"https:\/\/entrenotasyacordes.com\/index.php?rest_route=%2Fwp%2Fv2%2Ftags&post=11991"}],"curies":[{"name":"wp","href":"https:\/\/api.w.org\/{rel}","templated":true}]}}